{"id":79021,"date":"2025-05-06T10:18:11","date_gmt":"2025-05-06T10:18:11","guid":{"rendered":"https:\/\/www.europesays.com\/fr\/79021\/"},"modified":"2025-05-06T10:18:11","modified_gmt":"2025-05-06T10:18:11","slug":"bruno-retailleau-se-devoile-dans-un-documentaire-sur-cnews","status":"publish","type":"post","link":"https:\/\/www.europesays.com\/fr\/79021\/","title":{"rendered":"Bruno Retailleau se d\u00e9voile dans un documentaire sur CNews"},"content":{"rendered":"<p><strong>ON A VU POUR VOUS &#8211; <\/strong>Mardi \u00e0 21 heures, la cha\u00eene propose une longue immersion, tourn\u00e9e durant six mois, dans le quotidien du ministre de l\u2019Int\u00e9rieur. Le portrait d\u2019un \u00ab\u00a0pr\u00e9sidentiable\u00a0\u00bb, que d\u00e9crypte le r\u00e9alisateur Louis Morin.<\/p>\n<p class=\"fig-paragraph\">En remercie-t-il la Providence\u00a0? Ou le coup de poker hasardeux d\u2019Emmanuel Macron de juin dernier, qui a rebattu les cartes \u00e0 l\u2019Assembl\u00e9e\u00a0? Apr\u00e8s trente ans \u00e0 fr\u00e9quenter, influent mais discret, les all\u00e9es du pouvoir, du Conseil g\u00e9n\u00e9ral de Vend\u00e9e au S\u00e9nat,\u00a0<a href=\"http:\/\/www.lefigaro.fr\/actualite-france\/comment-bruno-retailleau-veut-restreindre-les-naturalisations-20250504\" target=\"_blank\" data-fig-type=\"Article\" rel=\"noopener\" data-gtm-custom-categorie=\"navigation\" data-gtm-custom-action=\"crossclick\" data-gtm-custom-label=\"Contextuel\" data-gtm-event=\"customEventSPE\" data-fig-domain=\"LEFIGARO\"><strong>Bruno Retailleau<\/strong><\/a> \u00a0fait d\u00e9sormais figure d\u2019homme fort du gouvernement. De \u00ab cl\u00e9 de vo\u00fbte\u00a0\u00bb de l\u2019alliance entre centre et droite, selon une expression de Maud Bregeon, porte-parole de la courte \u00e8re Barnier.<\/p>\n<p class=\"fig-paragraph\">Avec une soudainet\u00e9 digne des spectacles \u00e9questres\u00a0<a href=\"https:\/\/www.lefigaro.fr\/politique\/2018\/08\/17\/01002-20180817ARTFIG00188-bruno-retailleau-passionne-d-equitation.php\" target=\"_blank\" data-fig-type=\"Article\" rel=\"noopener\" data-gtm-custom-categorie=\"navigation\" data-gtm-custom-action=\"crossclick\" data-gtm-custom-label=\"Contextuel\" data-gtm-event=\"customEventSPE\" data-fig-domain=\"LEFIGARO\">auquel il participait au Puy-du-Fou<\/a>, ces sept derniers mois l\u2019ont propuls\u00e9 sur le devant de la sc\u00e8ne. La cha\u00eene CNews, pas insensible \u00e0 ses charmes, lui consacre un documentaire, L\u2019homme de Beauvau. Afin de sonder les raisons de sa popularit\u00e9 et mieux distinguer la personnalit\u00e9 de celui qui s\u2019opposera prochainement \u00e0 Laurent Wauquiez\u00a0<a href=\"http:\/\/www.lefigaro.fr\/politique\/presidence-lr-entre-bruno-retailleau-et-laurent-wauquiez-l-epineuse-cohabitation-a-venir-20250504\" target=\"_blank\" data-fig-type=\"Article\" rel=\"noopener\" data-gtm-custom-categorie=\"navigation\" data-gtm-custom-action=\"crossclick\" data-gtm-custom-label=\"Contextuel\" data-gtm-event=\"customEventSPE\" data-fig-domain=\"LEFIGARO\">pour la pr\u00e9sidence des LR<\/a>.<\/p>\n<p class=\"fig-body-link\">\n            \u00c0 lire aussi<br \/>\n        <a class=\"fig-body-link__link\" href=\"http:\/\/tvmag.lefigaro.fr\/programme-tv\/actu-tele\/vous-parlez-serieusement-bruno-retailleau-eberlue-par-une-question-de-benjamin-duhamel-20250428\" target=\"_blank\" data-fig-type=\"Article\" rel=\"noopener\" data-gtm-custom-categorie=\"navigation\" data-gtm-custom-action=\"crossclick\" data-gtm-custom-label=\"Contextuel\" data-gtm-event=\"customEventSPE\" data-fig-domain=\"TVMAG\">\u00ab\u00a0Vous parlez s\u00e9rieusement\u00a0?\u00a0\u00bb\u00a0: Bruno Retailleau \u00e9berlu\u00e9 par une question de Benjamin Duhamel<br \/>\n    <\/a>\n<\/p>\n<p>Loin des caricatures<\/p>\n<p class=\"fig-paragraph\">Le r\u00e9alisateur Louis Morin l\u2019a suivi pendant six mois. Un travail de longue haleine. L\u2019immersion demande de longues heures de tournage. Et un certain talent pour se glisser dans le d\u00e9cor afin de capter, par exemple, les \u00e9changes d\u2019un ministre de l\u2019Int\u00e9rieur chez lui, en Vend\u00e9e, blaguant avec ses copains sur sa rencontre avec le pape. Bruno Retailleau n\u2019est certes pas Fran\u00e7ois Hollande ou\u00a0<a href=\"https:\/\/www.lefigaro.fr\/politique\/jean-louis-debre-le-rire-a-disparu-de-la-politique-20211021\" target=\"_blank\" data-fig-type=\"Article\" rel=\"noopener\" data-gtm-custom-categorie=\"navigation\" data-gtm-custom-action=\"crossclick\" data-gtm-custom-label=\"Contextuel\" data-gtm-event=\"customEventSPE\" data-fig-domain=\"LEFIGARO\">le regrett\u00e9 Jean-Louis Debr\u00e9<\/a>, pour citer des personnalit\u00e9s politiques au sens de l\u2019humour bien \u00e9tabli, mais il montre au cours de cette s\u00e9quence un autre visage.<\/p>\n<p class=\"fig-paragraph\">C\u2019est d\u2019ailleurs le sentiment que donne ce documentaire\u00a0: Bruno Retailleau ne colle pas tout \u00e0 fait \u00e0 son image. \u00c0 ces lunettes rondes et cette cravate s\u00e9v\u00e8re que lui jalousent peut-\u00eatre les percepteurs des imp\u00f4ts. \u00ab Nous avons d\u00e9couvert un homme avec un panel d\u2019\u00e9motions qui le situe loin des caricatures. Nous voulions le montrer. Le spectre \u00e9motionnel est tr\u00e8s important en politique\u00a0\u00bb, abonde Louis Morin, auteur en janvier dernier d\u2019un portrait d\u2019un autre pr\u00e9sidentiable, Gabriel Attal. Qui se r\u00e9v\u00e9lait,\u00a0<a href=\"http:\/\/tvmag.lefigaro.fr\/programme-tv\/actu-tele\/on-vu-le-documentaire-sur-gabriel-attal-le-portrait-enigmatique-d-un-impatient-20250108\" target=\"_blank\" data-fig-type=\"Article\" rel=\"noopener\" data-gtm-custom-categorie=\"navigation\" data-gtm-custom-action=\"crossclick\" data-gtm-custom-label=\"Contextuel\" data-gtm-event=\"customEventSPE\" data-fig-domain=\"TVMAG\">dans le film en question<\/a>, aussi bon communicant que mauvais com\u00e9dien&#8230;<\/p>\n<p class=\"fig-paragraph\">Point de com\u00e9die chez Bruno Retailleau, fid\u00e8le \u00e0 ses id\u00e9es et \u00e0 sa sacro-sainte fermet\u00e9. \u00ab Ce qui me frappe, c\u2019est qu\u2019il reste le m\u00eame en toutes circonstances, il ne fait pas d\u2019\u201cactor studio\u201d\u00a0\u00bb, confirme Louis Morin, \u00e9galement chroniqueur sur\u00a0<a href=\"http:\/\/tvmag.lefigaro.fr\/programme-tv\/actu-tele\/le-plus-beau-role-de-sa-vie-alexandra-blanc-presentatrice-meteo-de-cnews-part-en-conge-maternite-20250429\" target=\"_blank\" data-fig-type=\"Article\" rel=\"noopener\" data-gtm-custom-categorie=\"navigation\" data-gtm-custom-action=\"crossclick\" data-gtm-custom-label=\"Contextuel\" data-gtm-event=\"customEventSPE\" data-fig-domain=\"TVMAG\">CNews<\/a>. Le ministre, au prix d\u2019une petite entorse \u00e0 son respect affich\u00e9 de la langue fran\u00e7aise, milite ainsi pour le \u00ab parler vrai\u00a0\u00bb. La culpabilisation des consommateurs de drogue comme, plus r\u00e9cemment, le durcissement des conditions d\u2019acc\u00e8s \u00e0 la naturalisation, Retailleau \u00ab l\u2019assume\u00a0\u00bb. Comme il ne craint pas les temp\u00eates m\u00e9diatiques que ses positions d\u00e9clenchent.<\/p>\n<p class=\"fig-paragraph\">\u00ab Les pol\u00e9miques, \u00e7a sert, estime-t-il devant ses troupes. Surtout quand celui qui la cr\u00e9e ne se cache pas sous la table.\u00a0\u00bb Comprendre, lui-m\u00eame. Il faudrait chercher dans cette franchise et cette \u00e9nergie les raisons de son embellie dans les sondages selon Carole Barjon, de La Revue Politique et Parlementaire. Franz-Olivier Giesbert, d\u00e9sormais loin de son Nouvel Observateur d\u2019origine, ajoute\u00a0: \u00ab Il fait un boulot qui n\u2019a pas \u00e9t\u00e9 fait pendant longtemps\u00a0\u00bb.<\/p>\n<blockquote class=\"fig-quote&#10;    \">\n<p class=\"fig-quote__text\">\u00ab \u00c0 l\u2019origine, Bruno Retailleau n\u2019avait pas candidat\u00e9 pour \u00eatre ministre de l\u2019Int\u00e9rieur\u00a0\u00bb<\/p>\n<p>            Louis Morin\n    <\/p><\/blockquote>\n<p>Ses retraites \u00e0 Saint-Mal\u00f4-du-Bois<\/p>\n<p class=\"fig-paragraph\">Ses tourn\u00e9es dans les commissariats (\u00ab Je suis fier d\u2019\u00eatre votre ministre, du fond du c\u0153ur\u00a0\u00bb), l\u2019accueil de Fran\u00e7ois \u00e0 Ajaccio (\u00ab En France, on a la la\u00efcit\u00e9 mais aussi le bureau des cultes\u00a0\u00bb, glisse-t-il au pape), le dossier alg\u00e9rien&#8230; \u00abL\u2019homme de Beauvau\u00bb, qui n\u2019a impos\u00e9 aucune condition particuli\u00e8re sur le tournage, se d\u00e9voile dans son quotidien satur\u00e9 de ministre. Il salue, se renseigne, rassure. Serre des mains, pense \u00e0 la Vend\u00e9e, vante l\u2019\u00c9tat et la la\u00efcit\u00e9. \u00ab Il dort tr\u00e8s peu et vit comme un athl\u00e8te\u00a0\u00bb, t\u00e9moigne Vincent Tr\u00e9molet de Villers, directeur d\u00e9l\u00e9gu\u00e9 de la r\u00e9daction du Figaro. Qui se souvient de son retour de Mayotte d\u00e9figur\u00e9 par le cyclone\u00a0: \u00ab On sentait qu\u2019il avait \u00e9t\u00e9 confront\u00e9 \u00e0 quelque chose qu\u2019il n\u2019avait jamais vu de sa vie, en termes de violence, de d\u00e9vastation, de douleur.\u00a0\u00bb<\/p>\n<p class=\"fig-paragraph\">L\u2019athl\u00e8te enfile r\u00e9guli\u00e8rement un pull torsad\u00e9 \u00e0 Saint-Mal\u00f4-du-Bois, o\u00f9 il retrouve ses bocages, ses vieux clochers, ses huit moutons et les souvenirs de la charcuterie de son grand-p\u00e8re. L\u2019authenticit\u00e9, la vraie\u00a0? De quoi, en tout cas, imprimer la marque d\u2019un homme politique \u00ab\u00a0enracin\u00e9\u00a0\u00bb. Utile, sans doute, pour r\u00eaver plus loin, plus haut, que la place Beauvau. \u00ab\u00a0Bruno Retailleau m\u2019a fait une confidence, reprend Louis Morin. \u00c0 l\u2019origine, il n\u2019avait pas candidat\u00e9 pour \u00eatre ministre de l\u2019Int\u00e9rieur. M\u00eame s\u2019il connaissait bien le sujet de l\u2019immigration, il faut se rappeler qu\u2019au S\u00e9nat, il traitait des dossiers \u00e9conomiques.\u00a0\u00bb Il serait aujourd\u2019hui trop tard pour ne plus songer \u00e0 2027. \u00ab\u00a0D\u2019une certaine fa\u00e7on, il est gris\u00e9 du soutien populaire qu\u2019il re\u00e7oit.\u00a0\u00bb<\/p>\n<p class=\"fig-paragraph\">Apr\u00e8s\u00a0<a href=\"http:\/\/www.lefigaro.fr\/politique\/quand-edouard-philippe-imaginait-un-virus-qu-on-n-a-pas-vu-venir-en-2018-20210705\" target=\"_blank\" data-fig-type=\"NewsFlash\" rel=\"noopener\" data-gtm-custom-categorie=\"navigation\" data-gtm-custom-action=\"crossclick\" data-gtm-custom-label=\"Contextuel\" data-gtm-event=\"customEventSPE\" data-fig-domain=\"LEFIGARO\">\u00c9douard Philippe<\/a>,\u00a0<a href=\"http:\/\/tvmag.lefigaro.fr\/programme-tv\/actu-tele\/eric-dupond-moretti-debarque-sur-paris-premiere-je-suis-redevenu-un-homme-totalement-libre-20250425\" target=\"_blank\" data-fig-type=\"Article\" rel=\"noopener\" data-gtm-custom-categorie=\"navigation\" data-gtm-custom-action=\"crossclick\" data-gtm-custom-label=\"Contextuel\" data-gtm-event=\"customEventSPE\" data-fig-domain=\"TVMAG\">\u00c9ric Dupond-Moretti<\/a>\u00a0et, donc, Gabriel Attal, l\u2019ancien pr\u00e9sident du conseil r\u00e9gional des Pays de la Loire a le droit \u00e0 son portrait bross\u00e9 \u00e0 la t\u00e9l\u00e9vision. Une mani\u00e8re, \u00e0 l\u2019image des m\u00e9moires et essais programmatiques auxquels ne r\u00e9sistent pas les politiques, de retenir l\u2019attention de l\u2019opinion\u00a0? \u00ab\u00a0L\u2019aspect patrimonial l\u2019int\u00e9ressait davantage, observe Louis Morin. Il y a vu une fa\u00e7on de laisser une trace durable de son action. Il a conscience qu\u2019un poste minist\u00e9riel est \u00e9ph\u00e9m\u00e8re.\u00a0\u00bb Michel Debr\u00e9 pr\u00e9venait que l\u2019on reste moins longtemps ministre qu\u2019ancien ministre&#8230;<\/p>\n<p class=\"fig-body-link\">\n            \u00c0 lire aussi<br \/>\n        <a class=\"fig-body-link__link fig-premium-mark\" href=\"http:\/\/www.lefigaro.fr\/politique\/presidence-lr-entre-bruno-retailleau-et-laurent-wauquiez-l-epineuse-cohabitation-a-venir-20250504\" target=\"_blank\" data-fig-type=\"Article\" rel=\"noopener\" data-gtm-custom-categorie=\"navigation\" data-gtm-custom-action=\"crossclick\" data-gtm-custom-label=\"Contextuel\" data-gtm-event=\"customEventSPE\" data-fig-domain=\"LEFIGARO\">Entre Bruno Retailleau et Laurent Wauquiez, l\u2019\u00e9pineuse cohabitation \u00e0 venir\u00a0: \u00ab\u00a0Personne n\u2019oubliera ce qu\u2019il s\u2019est pass\u00e9\u00a0\u00bb<br \/>\n    <\/a>\n<\/p>\n<p class=\"fig-paragraph\">D\u00e8s le 17 mai, il reviendra aux \u00e9lecteurs LR d\u2019infl\u00e9chir, dans un sens ou dans l\u2019autre, le destin politique de Bruno Retailleau. Face \u00e0 ses adversaires, le ministre de l\u2019Int\u00e9rieur est convaincu que sa \u00ab\u00a0sinc\u00e9rit\u00e9\u00a0\u00bb constituera sa meilleure carte. Celle-l\u00e0 m\u00eame qu\u2019il donne \u00e0 voir, avec un d\u00e9tachement tout r\u00e9galien, dans le documentaire de CNews.<\/p>\n<p>\u00a0\u00bb<br \/>\n        data-script=\u00a0\u00bbhttps:\/\/static.lefigaro.fr\/widget-video\/short-ttl\/video\/index.js\u00a0\u00bb<br \/>\n    &gt;<\/p>\n","protected":false},"excerpt":{"rendered":"ON A VU POUR VOUS &#8211; Mardi \u00e0 21 heures, la cha\u00eene propose une longue immersion, tourn\u00e9e durant&hellip;\n","protected":false},"author":2,"featured_media":79022,"comment_status":"","ping_status":"","sticky":false,"template":"","format":"standard","meta":{"footnotes":""},"categories":[1354],"tags":[497,496,1013,499,9722,58,1190,59,1346,1011,27,500,1360,504,505,495,503,502,501,498],"class_list":{"0":"post-79021","1":"post","2":"type-post","3":"status-publish","4":"format-standard","5":"has-post-thumbnail","7":"category-films","8":"tag-actu-tv","9":"tag-actualite-tv","10":"tag-bruno-retailleau","11":"tag-buzz-tv","12":"tag-cnews","13":"tag-divertissement","14":"tag-documentaire","15":"tag-entertainment","16":"tag-films","17":"tag-fr","18":"tag-france","19":"tag-medias","20":"tag-movies","21":"tag-news-tele","22":"tag-news-television","23":"tag-news-tv","24":"tag-programme-tele","25":"tag-programme-tv","26":"tag-quiz-tv","27":"tag-tv-actu"},"share_on_mastodon":{"url":"https:\/\/pubeurope.com\/@fr\/114460380709173131","error":""},"_links":{"self":[{"href":"https:\/\/www.europesays.com\/fr\/wp-json\/wp\/v2\/posts\/79021","targetHints":{"allow":["GET"]}}],"collection":[{"href":"https:\/\/www.europesays.com\/fr\/wp-json\/wp\/v2\/posts"}],"about":[{"href":"https:\/\/www.europesays.com\/fr\/wp-json\/wp\/v2\/types\/post"}],"author":[{"embeddable":true,"href":"https:\/\/www.europesays.com\/fr\/wp-json\/wp\/v2\/users\/2"}],"replies":[{"embeddable":true,"href":"https:\/\/www.europesays.com\/fr\/wp-json\/wp\/v2\/comments?post=79021"}],"version-history":[{"count":0,"href":"https:\/\/www.europesays.com\/fr\/wp-json\/wp\/v2\/posts\/79021\/revisions"}],"wp:featuredmedia":[{"embeddable":true,"href":"https:\/\/www.europesays.com\/fr\/wp-json\/wp\/v2\/media\/79022"}],"wp:attachment":[{"href":"https:\/\/www.europesays.com\/fr\/wp-json\/wp\/v2\/media?parent=79021"}],"wp:term":[{"taxonomy":"category","embeddable":true,"href":"https:\/\/www.europesays.com\/fr\/wp-json\/wp\/v2\/categories?post=79021"},{"taxonomy":"post_tag","embeddable":true,"href":"https:\/\/www.europesays.com\/fr\/wp-json\/wp\/v2\/tags?post=79021"}],"curies":[{"name":"wp","href":"https:\/\/api.w.org\/{rel}","templated":true}]}}