{"id":79023,"date":"2025-05-06T10:19:15","date_gmt":"2025-05-06T10:19:15","guid":{"rendered":"https:\/\/www.europesays.com\/fr\/79023\/"},"modified":"2025-05-06T10:19:15","modified_gmt":"2025-05-06T10:19:15","slug":"un-nouveau-traitement-sans-medicaments","status":"publish","type":"post","link":"https:\/\/www.europesays.com\/fr\/79023\/","title":{"rendered":"un nouveau traitement sans m\u00e9dicaments ?\u00a0"},"content":{"rendered":"<p>             <a href=\"https:\/\/ma-sante.news\/wp-content\/uploads\/2025\/05\/nouveau-traitement-ultrasons-crane-pour-depression-resistante-severe-Ma-Sante-.jpg\" data-caption=\"41 % des Fran\u00e7ais ont d\u00e9j\u00e0 \u00e9t\u00e9 touch\u00e9s par un trouble de sant\u00e9 mentale, selon un sondage Odoxa de septembre 2024. \u00a9 Freepik\" target=\"_blank\" rel=\"noopener\"><img loading=\"lazy\" decoding=\"async\" width=\"696\" height=\"464\" class=\"entry-thumb td-modal-image\" src=\"data:image\/svg+xml,%3Csvg%20xmlns=\" http:=\"\" data-lazy- data-lazy- alt=\"Images d'un cr\u00e2ne sous traitement ultrasons contre la d\u00e9pression r\u00e9sistante voire s\u00e9v\u00e8re.\" title=\"nouveau traitement ultrasons cra\u0302ne pour de\u0301pression re\u0301sistante se\u0301ve\u0300re Ma Sante\u0301\" data-lazy-src=\"https:\/\/www.europesays.com\/fr\/wp-content\/uploads\/2025\/05\/nouveau-traitement-ultrasons-crane-pour-depression-resistante-severe-Ma-Sante--696x464.jpg\"\/><\/a>41 % des Fran\u00e7ais ont d\u00e9j\u00e0 \u00e9t\u00e9 touch\u00e9s par un trouble de sant\u00e9 mentale, selon un sondage Odoxa de septembre 2024. \u00a9 Freepik                                    \t\t\t             <a class=\"gofollow\" data-track=\"MjgsMCwxLDYw\" href=\"https:\/\/ma-sante.news\/inscrivez-vous-a-notre-newsletter\/\" target=\"_blank\" rel=\"noopener\"><img loading=\"lazy\" decoding=\"async\" width=\"1068\" height=\"131\" src=\"data:image\/svg+xml,%3Csvg%20xmlns=\" http:=\"\" data-lazy-src=\"https:\/\/www.europesays.com\/fr\/wp-content\/uploads\/2025\/03\/banniere-newsletter.png\"\/><\/a> <\/p>\n<p>Selon l\u2019OMS, pr\u00e8s d\u2019un tiers des personnes atteintes de d\u00e9pression ne r\u00e9agissent pas, ou tr\u00e8s mal, aux traitements classiques. <a href=\"https:\/\/ma-sante.news\/lyon-utiles-dangereux-le-vrai-du-faux-sur-les-antidepresseurs\/\" target=\"_blank\" rel=\"noopener\">M\u00e9dicaments inefficaces<\/a>, <a href=\"https:\/\/ma-sante.news\/psychotherapie-contre-insomnie\/\" target=\"_blank\" rel=\"noopener\">psychoth\u00e9rapie<\/a> sans effet, sentiment d\u2019impasse\u2026 Ces patients, souvent d\u00e9sign\u00e9s comme souffrant de d\u00e9pression r\u00e9sistante, sont les grands oubli\u00e9s de <a href=\"https:\/\/ma-sante.news\/therapies-comportementales-cognitives-solution\" target=\"_blank\" rel=\"noopener\">la psychiatrie moderne<\/a>.<\/p>\n<p>Mais une lueur d\u2019espoir vient de surgir du c\u00f4t\u00e9 de la recherche fran\u00e7aise. Une m\u00e9thode non invasive, sans effet ind\u00e9sirable, utilisant des ultrasons focalis\u00e9s pour stimuler des zones sp\u00e9cifiques du cerveau. Une technologie prometteuse qui pourrait bien incarner le nouveau traitement d\u00e9pression tant attendu.<\/p>\n<p>        Une \u00e9tude pilote fran\u00e7aise qui fait du bruit\u00a0!    <\/p>\n<p>Men\u00e9e par des chercheurs du GHU Paris Psychiatrie &amp; Neurosciences, de l\u2019Inserm, du CNRS, de l\u2019Universit\u00e9 Paris Cit\u00e9 et de l\u2019ESPCI Paris, cette \u00e9tude a cibl\u00e9 cinq patients souffrant de<a href=\"https:\/\/ma-sante.news\/et-si-depression-etait-une-question-de-genetique\/\" target=\"_blank\" rel=\"noopener\"> d\u00e9pression s\u00e9v\u00e8re et r\u00e9sistante<\/a> aux traitements.<\/p>\n<p>Pendant cinq jours cons\u00e9cutifs, ces patients ont re\u00e7u des s\u00e9ances de stimulation ultrasonore cibl\u00e9e sur le cortex cingulaire subcalleux. Une r\u00e9gion du cerveau connue pour jouer un r\u00f4le central dans la r\u00e9gulation de l\u2019humeur.<\/p>\n<p>Une baisse moyenne de plus de 60 % de la <a href=\"https:\/\/ma-sante.news\/depression-temoignage-javais-tout-pour-etre-heureuse\/\" target=\"_blank\" rel=\"noopener\">s\u00e9v\u00e9rit\u00e9 des sympt\u00f4mes d\u00e9pressifs<\/a> a \u00e9t\u00e9 observ\u00e9e d\u00e8s le cinqui\u00e8me jour. Aucun effet ind\u00e9sirable n\u2019a \u00e9t\u00e9 signal\u00e9, et les patients ont bien tol\u00e9r\u00e9 le traitement.<\/p>\n<p>        Des ultrasons th\u00e9rapeutiques : une vraie solution ?    <strong>Comment fonctionnent ces ultrasons th\u00e9rapeutiques ?<\/strong>    <\/p>\n<p>Contrairement \u00e0 la stimulation c\u00e9r\u00e9brale profonde, qui n\u00e9cessite une chirurgie lourde pour implanter des \u00e9lectrodes dans le cerveau, la stimulation par ultrasons est non invasive. Elle repose sur des lentilles acoustiques personnalis\u00e9es<a href=\"https:\/\/ma-sante.news\/lyon-impression-3d-chirurgie-maxillo-faciale-498357\/\" target=\"_blank\" rel=\"noopener\"> imprim\u00e9es en 3D<\/a> pour chaque patient.<\/p>\n<p>Ces lentilles permettent de focaliser pr\u00e9cis\u00e9ment les ultrasons sur les r\u00e9gions cibles, tout en traversant le cr\u00e2ne sans l\u2019endommager. C\u2019est un peu comme diriger un faisceau lumineux \u00e0 travers une lentille, sauf qu\u2019ici, ce sont des ondes sonores \u00e0 haute fr\u00e9quence qui traversent les tissus.<\/p>\n<p>        <strong>Pourquoi c\u2019est une petite r\u00e9volution m\u00e9dicale<\/strong>    <\/p>\n<ul class=\"wp-block-list\">\n<li>Sans chirurgie : pas d\u2019implant, pas de cicatrice, pas de r\u00e9\u00e9ducation post-op\u00e9ratoire.<\/li>\n<li>Personnalisable : chaque traitement est adapt\u00e9 \u00e0 la forme du cr\u00e2ne du patient.<\/li>\n<li>Sans douleur : les patients ne ressentent ni g\u00eane ni effet secondaire.<\/li>\n<\/ul>\n<p>En r\u00e9sum\u00e9, cette technologie pourrait bien devenir le nouveau traitement d\u00e9pression de r\u00e9f\u00e9rence pour les cas r\u00e9sistants. <a href=\"https:\/\/ma-sante.news\/bienfaits-et-limites-des-antidepresseurs-391784\/\" target=\"_blank\" rel=\"noopener\">Sans contraintes et sans les risques des traitements actuelles<\/a>.<\/p>\n<p>        <strong>Des r\u00e9sultats encourageants, mais encore \u00e0 confirmer<\/strong>    <\/p>\n<p>Soyons honn\u00eates, l\u2019\u00e9tude ne porte que sur cinq patients. Il est donc encore trop t\u00f4t pour parler de g\u00e9n\u00e9ralisation. Des essais cliniques \u00e0 plus grande \u00e9chelle sont pr\u00e9vus pour confirmer ces premiers r\u00e9sultats.<\/p>\n<p>Mais selon les chercheurs, les r\u00e9sultats observ\u00e9s sont suffisamment spectaculaires pour envisager une r\u00e9volution dans la prise en charge de la d\u00e9pression r\u00e9sistante.<\/p>\n<blockquote class=\"wp-block-quote is-layout-flow wp-block-quote-is-layout-flow\">\n<p><strong>\u00c0 SAVOIR\u00a0<\/strong><\/p>\n<p>Dans l\u2019\u00e9tude men\u00e9e par le GHU Paris, l\u2019Inserm, le CNRS, l\u2019Universit\u00e9 Paris Cit\u00e9 et l\u2019ESPCI Paris-PSL, les patients ont re\u00e7u des s\u00e9ances quotidiennes de stimulation par ultrasons de faible intensit\u00e9 pendant cinq jours cons\u00e9cutifs. Chaque s\u00e9ance durait environ 5 minutes, totalisant 25 sessions sur la p\u00e9riode.<\/p>\n<\/blockquote>\n<p>  <a class=\"gofollow\" data-track=\"MTIsMCwxLDYw\" href=\"https:\/\/ma-sante.news\/annonceurs\/\" target=\"_blank\" rel=\"noopener\"><img loading=\"lazy\" decoding=\"async\" width=\"2560\" height=\"2133\" src=\"data:image\/svg+xml,%3Csvg%20xmlns=\" http:=\"\" data-lazy-src=\"https:\/\/www.europesays.com\/fr\/wp-content\/uploads\/2025\/03\/pub-annonceurs-4-scaled.jpg\"\/><\/a>    <img loading=\"lazy\" decoding=\"async\" width=\"755\" height=\"495\" src=\"data:image\/svg+xml,%3Csvg%20xmlns=\" http:=\"\" data-lazy-src=\"https:\/\/www.europesays.com\/fr\/wp-content\/uploads\/2025\/03\/Image1.jpg\"\/>Inscrivez-vous \u00e0 notre newsletter <br \/>Ma Sant\u00e9                      <\/p>\n","protected":false},"excerpt":{"rendered":"41 % des Fran\u00e7ais ont d\u00e9j\u00e0 \u00e9t\u00e9 touch\u00e9s par un trouble de sant\u00e9 mentale, selon un sondage Odoxa&hellip;\n","protected":false},"author":2,"featured_media":79024,"comment_status":"","ping_status":"","sticky":false,"template":"","format":"standard","meta":{"footnotes":""},"categories":[10],"tags":[5506,1011,27,72,5507,71],"class_list":{"0":"post-79023","1":"post","2":"type-post","3":"status-publish","4":"format-standard","5":"has-post-thumbnail","7":"category-sante","8":"tag-du00e9pression","9":"tag-fr","10":"tag-france","11":"tag-health","12":"tag-mu00e9dicaments","13":"tag-sante"},"share_on_mastodon":{"url":"https:\/\/pubeurope.com\/@fr\/114460384562570148","error":""},"_links":{"self":[{"href":"https:\/\/www.europesays.com\/fr\/wp-json\/wp\/v2\/posts\/79023","targetHints":{"allow":["GET"]}}],"collection":[{"href":"https:\/\/www.europesays.com\/fr\/wp-json\/wp\/v2\/posts"}],"about":[{"href":"https:\/\/www.europesays.com\/fr\/wp-json\/wp\/v2\/types\/post"}],"author":[{"embeddable":true,"href":"https:\/\/www.europesays.com\/fr\/wp-json\/wp\/v2\/users\/2"}],"replies":[{"embeddable":true,"href":"https:\/\/www.europesays.com\/fr\/wp-json\/wp\/v2\/comments?post=79023"}],"version-history":[{"count":0,"href":"https:\/\/www.europesays.com\/fr\/wp-json\/wp\/v2\/posts\/79023\/revisions"}],"wp:featuredmedia":[{"embeddable":true,"href":"https:\/\/www.europesays.com\/fr\/wp-json\/wp\/v2\/media\/79024"}],"wp:attachment":[{"href":"https:\/\/www.europesays.com\/fr\/wp-json\/wp\/v2\/media?parent=79023"}],"wp:term":[{"taxonomy":"category","embeddable":true,"href":"https:\/\/www.europesays.com\/fr\/wp-json\/wp\/v2\/categories?post=79023"},{"taxonomy":"post_tag","embeddable":true,"href":"https:\/\/www.europesays.com\/fr\/wp-json\/wp\/v2\/tags?post=79023"}],"curies":[{"name":"wp","href":"https:\/\/api.w.org\/{rel}","templated":true}]}}