{"id":79038,"date":"2025-05-06T10:27:11","date_gmt":"2025-05-06T10:27:11","guid":{"rendered":"https:\/\/www.europesays.com\/fr\/79038\/"},"modified":"2025-05-06T10:27:11","modified_gmt":"2025-05-06T10:27:11","slug":"les-ecologistes-et-les-insoumis-annoncent-leur-alliance","status":"publish","type":"post","link":"https:\/\/www.europesays.com\/fr\/79038\/","title":{"rendered":"les \u00e9cologistes et les Insoumis annoncent leur alliance"},"content":{"rendered":"<p>14\u00a0h\u00a035, puis 15\u00a0h\u00a008 et enfin 15\u00a0h\u00a016. Ce lundi, trois m\u00eames communiqu\u00e9s, sign\u00e9s par les \u00e9cologistes, La France insoumise et Saint\u00e9 populaire, ont \u00e9t\u00e9 envoy\u00e9s aux r\u00e9dactions \u00e0 quelques minutes d\u2019intervalle.<\/p>\n<p>Trois textes pour une m\u00eame conclusion\u00a0: \u00e9cologistes, Insoumis et membres de Saint\u00e9 populaire s\u2019associent pour construire l\u2019union de la gauche et pour gagner ensemble.<\/p>\n<p>\u00ab\u00a0Toutes les forces de gauche et \u00e9cologistes de Saint-Etienne dressent le constat accablant de la faillite politique et morale de la majorit\u00e9 municipale. Elles souhaitent b\u00e2tir une union large, permettant de tourner radicalement la page de <a href=\"https:\/\/www.leprogres.fr\/p\/gael-perdriau\" target=\"_blank\" rel=\"nofollow noopener\">Ga\u00ebl Perdriau<\/a> tant sur le fond que sur la forme\u00a0\u00bb, indiquent les signataires qui se rencontrent depuis plusieurs mois dans le but de travailler \u00e0 l\u2019alternative. Ils indiquent vouloir \u00ab\u00a0construire un projet pour Saint-Etienne en concentrant leur action pour l\u2019\u00e9galit\u00e9 et l\u2019inclusion de tous les habitants, la lutte contre la pauvret\u00e9 et le d\u00e9r\u00e8glement climatique.\u00a0\u00bb<\/p>\n<p>  \u00ab\u00a0Construire l\u2019avenir de Saint-Etienne jusqu\u2019en 2032 et au-del\u00e0\u00a0\u00bb<\/p>\n<p>R\u00e9inventer la d\u00e9mocratie locale, renforcer les services publics, augmenter l\u2019amplitude et de la fr\u00e9quence des transports en commun, d\u00e9velopper des voies pour des modes de d\u00e9placements actifs ou encore lutter activement contre toutes les formes de mal-logement font d\u2019ores et d\u00e9j\u00e0 parties des axes programmatiques.<\/p>\n<p>\u00ab\u00a0Les agents de la mairie doivent retrouver respect et consid\u00e9ration dans leur travail au service des citoyens. Il faut aussi r\u00e9tablir des relations apais\u00e9es entre la mairie, la m\u00e9tropole et leurs partenaires. Saint-Etienne doit \u00eatre en capacit\u00e9 de jouer tout son r\u00f4le pour d\u00e9velopper la m\u00e9tropole de demain\u00a0\u00bb, ajoutent-ils avant de lancer un appel\u00a0: \u00ab\u00a0Saint\u00e9 populaire, les \u00e9cologistes et la France insoumise appellent toutes les forces du progr\u00e8s et de gauche \u00e0 les rejoindre et gagner ensemble pour construire l\u2019avenir de Saint-Etienne jusqu\u2019en 2032 et au-del\u00e0.\u00a0\u00bb<\/p>\n<p>Fa\u00e7on de n\u2019exclure personne.<\/p>\n<p>  Olivier Longeon (Les \u00c9cologistes)\u00a0: \u00ab\u00a0On ne ferme la porte \u00e0 personne\u00a0\u00bb<\/p>\n<p>\u00ab\u00a0On commence \u00e0 trois mais on ne ferme naturellement pas la porte aux autres forces de gauche et en particulier au PS et au PC\u00a0\u00bb, nous pr\u00e9cise l\u2019\u00e9cologiste Olivier Longeon, qui pr\u00f4ne l\u2019union et pour qui le temps du choix de la t\u00eate de liste n\u2019est pas encore venu.<\/p>\n<p>La semaine derni\u00e8re pourtant, le PS, par la voix de son premier secr\u00e9taire d\u00e9partemental, <a href=\"https:\/\/www.leprogres.fr\/elections\/2025\/04\/29\/tete-de-liste-pour-les-municipales-de-2026-le-ps-veut-des-primaires-qu-en-pensent-les-autres-partis\" target=\"_blank\" rel=\"nofollow noopener\">Johann Cesa, avait propos\u00e9 d\u2019organiser une primaire pour d\u00e9signer la t\u00eate de liste<\/a> en vue des municipales de 2026. Une id\u00e9e qui n\u2019avait pas d\u00e9clench\u00e9 un fol enthousiasme des autres partis. Interrog\u00e9s, Olivier Longeon (Les \u00c9cologistes), Nicolas Preux (Les Insoumis) et Christel Pfister (PC) avaient rejet\u00e9 cette id\u00e9e.<\/p>\n<p>  Isabelle Dumestre (PS)\u00a0: \u00ab\u00a0La question de la t\u00eate de liste ne peut \u00eatre ignor\u00e9e\u00a0\u00bb<\/p>\n<p>Interrog\u00e9e \u00e0 son tour sur ce communiqu\u00e9 de lundi, la socialiste Isabelle Dumestre estime qu\u2019il s\u2019agit d\u2019\u00ab\u00a0une contribution parmi d\u2019autres qui s\u2019ajoute aux discussions qui sont men\u00e9es depuis plusieurs mois pour arriver \u00e0 une union la plus large possible en vue des prochaines municipales. Les points abord\u00e9s dans ce communiqu\u00e9 ne sont nullement probl\u00e9matiques. Mais la question de la t\u00eate de liste ne peut \u00eatre ignor\u00e9e, c&rsquo;est pour cela que nous proposons des primaires afin de se mettre d\u2019accord sur cette question et y associer largement les St\u00e9phanois\u00a0\u00bb.<\/p>\n","protected":false},"excerpt":{"rendered":"14\u00a0h\u00a035, puis 15\u00a0h\u00a008 et enfin 15\u00a0h\u00a016. Ce lundi, trois m\u00eames communiqu\u00e9s, sign\u00e9s par les \u00e9cologistes, La France insoumise&hellip;\n","protected":false},"author":2,"featured_media":79039,"comment_status":"","ping_status":"","sticky":false,"template":"","format":"standard","meta":{"footnotes":""},"categories":[9653],"tags":[1111,11,2430,1984,7539,1777,674,1011,27,12,316,25,4001,7538],"class_list":{"0":"post-79038","1":"post","2":"type-post","3":"status-publish","4":"format-standard","5":"has-post-thumbnail","7":"category-saint-etienne","8":"tag-actu","9":"tag-actualites","10":"tag-auvergne-rhone-alpes","11":"tag-conseil-municipal","12":"tag-edition-loire-sud","13":"tag-eu","14":"tag-europe","15":"tag-fr","16":"tag-france","17":"tag-news","18":"tag-politique","19":"tag-republique-francaise","20":"tag-saint-etienne","21":"tag-saint-etienne-ville"},"share_on_mastodon":{"url":"https:\/\/pubeurope.com\/@fr\/114460416072108845","error":""},"_links":{"self":[{"href":"https:\/\/www.europesays.com\/fr\/wp-json\/wp\/v2\/posts\/79038","targetHints":{"allow":["GET"]}}],"collection":[{"href":"https:\/\/www.europesays.com\/fr\/wp-json\/wp\/v2\/posts"}],"about":[{"href":"https:\/\/www.europesays.com\/fr\/wp-json\/wp\/v2\/types\/post"}],"author":[{"embeddable":true,"href":"https:\/\/www.europesays.com\/fr\/wp-json\/wp\/v2\/users\/2"}],"replies":[{"embeddable":true,"href":"https:\/\/www.europesays.com\/fr\/wp-json\/wp\/v2\/comments?post=79038"}],"version-history":[{"count":0,"href":"https:\/\/www.europesays.com\/fr\/wp-json\/wp\/v2\/posts\/79038\/revisions"}],"wp:featuredmedia":[{"embeddable":true,"href":"https:\/\/www.europesays.com\/fr\/wp-json\/wp\/v2\/media\/79039"}],"wp:attachment":[{"href":"https:\/\/www.europesays.com\/fr\/wp-json\/wp\/v2\/media?parent=79038"}],"wp:term":[{"taxonomy":"category","embeddable":true,"href":"https:\/\/www.europesays.com\/fr\/wp-json\/wp\/v2\/categories?post=79038"},{"taxonomy":"post_tag","embeddable":true,"href":"https:\/\/www.europesays.com\/fr\/wp-json\/wp\/v2\/tags?post=79038"}],"curies":[{"name":"wp","href":"https:\/\/api.w.org\/{rel}","templated":true}]}}