{"id":79046,"date":"2025-05-06T10:31:10","date_gmt":"2025-05-06T10:31:10","guid":{"rendered":"https:\/\/www.europesays.com\/fr\/79046\/"},"modified":"2025-05-06T10:31:10","modified_gmt":"2025-05-06T10:31:10","slug":"il-a-rechappe-aux-allemands-plus-de-80-ans-apres-les-faits-une-course-de-voiles-va-rallier-toulon-a-la-corse-pour-honorer-le-submersible-casabianca","status":"publish","type":"post","link":"https:\/\/www.europesays.com\/fr\/79046\/","title":{"rendered":"Il a r\u00e9chapp\u00e9 aux Allemands: plus de 80 ans apr\u00e8s les faits, une course de voiles va rallier Toulon \u00e0 la Corse pour honorer le submersible Casabianca"},"content":{"rendered":"<p>L\u2019\u00e9pop\u00e9e du <strong>sous-marin Casabianca<\/strong> et de son charismatique commandant &#8211; le capitaine de corvette Jean L\u2019Herminier &#8211; est toujours bien vivace au sein de la Marine nationale. Plus de 80 ans apr\u00e8s les faits &#8211; le 27 novembre 1942, alors qu\u2019une grande partie de la flotte fran\u00e7aise se saborde \u00e0 Toulon, le submersible s\u2019\u00e9chappe au nez et \u00e0 la barbe des Allemands &#8211; le livre racontant ce coup d\u2019\u00e9clat fait d\u2019ailleurs toujours partie du paquetage des sous-mariniers fran\u00e7ais.<\/p>\n<p>Pour le capitaine de corvette (CC) Charles* qui, dans le cadre de l\u2019\u00c9cole de guerre \u00e0 Paris, a eu \u00e0 r\u00e9fl\u00e9chir sur les forces morales n\u00e9cessaires aux militaires et \u00e0 la Nation pour durer, cette \u00e9pop\u00e9e est \u00ab\u00a0un exemple \u00e0 suivre, \u00e0 entretenir\u00a0\u00bb.<\/p>\n<p>C\u2019est ainsi qu\u2019est n\u00e9e l\u2019Op\u00e9ration Casabianca. Mais n\u2019allez surtout pas imaginer qu\u2019il s\u2019agit, comme en 1942-1943, de d\u00e9barquer clandestinement des agents de renseignement sur une plage corse.\u00a0\u00ab\u00a0L\u2018Op\u00e9ration Casabianca est un projet sportif, m\u00e9moriel et solidaire\u00a0\u00bb, d\u00e9clare le CC Charles. Et de d\u00e9tailler: \u00ab\u00a0Deux \u00e9quipages, constitu\u00e9s de six officiers et de six orphelins de militaires, vont effectuer \u00e0 bord de deux voiliers un aller-retour entre Toulon et l\u2019anse de Topiti en Corse\u00a0\u00bb.\u00a0<\/p>\n<p>Sportive, la travers\u00e9e le sera. \u00c0 quelques heures de larguer les amarres ce lundi midi, le CC Charles ne cachait d\u2019ailleurs pas ses pr\u00e9occupations. \u00ab\u00a0Sur les sept officiers** qui prennent part \u00e0 cette aventure, nous ne sommes que deux \u00e0 avoir des comp\u00e9tences en voile. Or les conditions m\u00e9t\u00e9orologiques annonc\u00e9es &#8211; un gros mistral &#8211; ne sont pas vraiment id\u00e9ales. On a pr\u00e9vu un mouillage \u00e0 Port-Cros pour la premi\u00e8re nuit, avant de lever l\u2019ancre mardi matin pour une arriv\u00e9e \u00e0 Carg\u00e8se en fin de journ\u00e9e\u00a0\u00bb.<\/p>\n<p>Pour la partie m\u00e9morielle, les \u00e9quipages du Cyb\u00e8le et de l\u2019Orion, les deux voiliers mis \u00e0 disposition par le club nautique de la Marine \u00e0 Toulon, participeront mercredi matin \u00e0 une c\u00e9r\u00e9monie dans l\u2019anse de Topiti, \u00e0 l\u2019endroit m\u00eame o\u00f9 mi-d\u00e9cembre 1942, le Casabianca r\u00e9alisa la premi\u00e8re de ses sept missions clandestines. Avant de remettre le cap sur Toulon o\u00f9 les deux voiliers sont attendus vendredi matin.<\/p>\n<p>Faire na\u00eetre un esprit d\u2019\u00e9quipage <\/p>\n<p>Mais le CC Charles met aussi l\u2019accent sur \u00ab\u00a0l\u2019esprit d\u2019\u00e9quipage, la confiance et l\u2019entraide qui, il l\u2019esp\u00e8re, na\u00eetra entre les militaires et les orphelins\u00a0\u00bb. Parmi ces derniers, Thomas, jeune Toulonnais de 23 ans dont la maman, marin d\u2019\u00c9tat, est d\u00e9c\u00e9d\u00e9e d\u2019une longue maladie en 2012, se montre impatient de participer \u00e0 cette aventure. \u00ab\u00a0En tant que Toulonnais, la mer est un milieu qui me passionne. Quand j\u2019ai entendu parler de l\u2019op\u00e9ration Casabianca par l\u2019association Entraide Marine, j\u2019ai aussit\u00f4t souhait\u00e9 en faire partie. Pour moi, outre le c\u00f4t\u00e9 historique de l\u2019op\u00e9ration, c\u2019est aussi une fa\u00e7on de communier avec ma m\u00e8re et mon grand-p\u00e8re qui fut aussi marin en Indochine\u00a0\u00bb.<\/p>\n<p>Pr\u00e9sent pour assister \u00e0 l\u2019appareillage des deux voiliers, le capitaine de fr\u00e9gate Brice Lagniel, dernier commandant du sous-marin nucl\u00e9aire d\u2019attaque Casabianca, l\u2019h\u00e9ritier du bateau noir du commandant L\u2019Herminier d\u00e9sarm\u00e9 en septembre 2023, se f\u00e9licitait de cette initiative port\u00e9e par des non-sous-mariniers: \u00ab\u00a0C\u2019est une fa\u00e7on de faire vivre la m\u00e9moire du Casabianca \u00e0 laquelle on est tous tr\u00e8s attach\u00e9\u00a0\u00bb.<\/p>\n<p>*Pour des questions de s\u00e9curit\u00e9, seul le pr\u00e9nom est communiqu\u00e9. <br \/>&#13;<br \/>\n**Interarm\u00e9es et internationale, cette op\u00e9ration compte trois officiers de marine fran\u00e7ais, un officier de marine colombien, un officier de l\u2019arm\u00e9e de l\u2019air, un officier de l\u2019arm\u00e9e de terre et un commandant des sapeurs-pompiers de Paris. Ce dernier accompagne un orphelin de la brigade.<\/p>\n","protected":false},"excerpt":{"rendered":"L\u2019\u00e9pop\u00e9e du sous-marin Casabianca et de son charismatique commandant &#8211; le capitaine de corvette Jean L\u2019Herminier &#8211; est&hellip;\n","protected":false},"author":2,"featured_media":79047,"comment_status":"","ping_status":"","sticky":false,"template":"","format":"standard","meta":{"footnotes":""},"categories":[9619],"tags":[1111,11,1777,674,1011,27,12,882,25,2310,3366],"class_list":{"0":"post-79046","1":"post","2":"type-post","3":"status-publish","4":"format-standard","5":"has-post-thumbnail","7":"category-toulon","8":"tag-actu","9":"tag-actualites","10":"tag-eu","11":"tag-europe","12":"tag-fr","13":"tag-france","14":"tag-news","15":"tag-provence-alpes-cote-dazur","16":"tag-republique-francaise","17":"tag-toulon","18":"tag-vie-locale"},"share_on_mastodon":{"url":"https:\/\/pubeurope.com\/@fr\/114460433683180707","error":""},"_links":{"self":[{"href":"https:\/\/www.europesays.com\/fr\/wp-json\/wp\/v2\/posts\/79046","targetHints":{"allow":["GET"]}}],"collection":[{"href":"https:\/\/www.europesays.com\/fr\/wp-json\/wp\/v2\/posts"}],"about":[{"href":"https:\/\/www.europesays.com\/fr\/wp-json\/wp\/v2\/types\/post"}],"author":[{"embeddable":true,"href":"https:\/\/www.europesays.com\/fr\/wp-json\/wp\/v2\/users\/2"}],"replies":[{"embeddable":true,"href":"https:\/\/www.europesays.com\/fr\/wp-json\/wp\/v2\/comments?post=79046"}],"version-history":[{"count":0,"href":"https:\/\/www.europesays.com\/fr\/wp-json\/wp\/v2\/posts\/79046\/revisions"}],"wp:featuredmedia":[{"embeddable":true,"href":"https:\/\/www.europesays.com\/fr\/wp-json\/wp\/v2\/media\/79047"}],"wp:attachment":[{"href":"https:\/\/www.europesays.com\/fr\/wp-json\/wp\/v2\/media?parent=79046"}],"wp:term":[{"taxonomy":"category","embeddable":true,"href":"https:\/\/www.europesays.com\/fr\/wp-json\/wp\/v2\/categories?post=79046"},{"taxonomy":"post_tag","embeddable":true,"href":"https:\/\/www.europesays.com\/fr\/wp-json\/wp\/v2\/tags?post=79046"}],"curies":[{"name":"wp","href":"https:\/\/api.w.org\/{rel}","templated":true}]}}