{"id":79054,"date":"2025-05-06T10:35:14","date_gmt":"2025-05-06T10:35:14","guid":{"rendered":"https:\/\/www.europesays.com\/fr\/79054\/"},"modified":"2025-05-06T10:35:14","modified_gmt":"2025-05-06T10:35:14","slug":"pres-de-rouen-la-bonne-astuce-des-policiers-pour-pieger-le-voleur-dune-trottinette-electrique","status":"publish","type":"post","link":"https:\/\/www.europesays.com\/fr\/79054\/","title":{"rendered":"Pr\u00e8s de Rouen. La bonne astuce des policiers pour pi\u00e9ger le voleur d&rsquo;une trottinette \u00e9lectrique"},"content":{"rendered":"<p>            Par<br \/>\n        <strong><br \/>\n            <a href=\"https:\/\/actu.fr\/auteur\/adrien-filoche\" title=\"Consulter tous les articles de Adrien Filoche\" rel=\"nofollow noopener\" target=\"_blank\">Adrien Filoche<\/a><br \/>\n        <\/strong><\/p>\n<p>        Publi\u00e9 le<\/p>\n<p>            6 mai 2025 \u00e0 11h36        <\/p>\n<p><strong>Tel est pris qui croyait prendre\u2009!<\/strong> Le voleur d\u2019une trottinette \u00e9lectrique a \u00e9t\u00e9 interpell\u00e9 par la police le lundi 5\u00a0mai 2025 vers 19h10 \u00e0 <a href=\"https:\/\/actu.fr\/normandie\/sotteville-les-rouen_76681\" rel=\"nofollow noopener\" target=\"_blank\">Sotteville-l\u00e8s-Rouen (Seine-Maritime)<\/a>. La victime du vol fin avril avait reconnu son v\u00e9hicule d\u00e9rob\u00e9, en vente sur le site Le Bon Coin.<\/p>\n<p>Le voleur pi\u00e9g\u00e9<\/p>\n<p class=\" wall-content\">C\u2019est apr\u00e8s cette d\u00e9couverte sur le site d\u2019annonces que la victime prend contact avec la police pour informer de la situation. Le plan pour <strong>pi\u00e9ger le voleur<\/strong> se met en place.<\/p>\n<p class=\" wall-content\">La police prend contact avec le vendeur et lui donne rendez-vous \u00e0 Sotteville-l\u00e8s-Rouen. Quand individu arrive au lieu de rencontre, il sort la trottinette de sa voiture. Selon la description faite par la victime, <strong>il s\u2019agit bien de la trottinette \u00e9lectrique d\u00e9rob\u00e9e en avril.<\/strong><\/p>\n<p>Des justifications bancales<\/p>\n<p class=\" wall-content\">\u00c2g\u00e9 de 49\u00a0ans, le vendeur est interpell\u00e9. Il explique aux policiers qu\u2019il \u00e9tait en possession de la trottinette depuis plusieurs mois, qu\u2019il a chang\u00e9 des pi\u00e8ces dessus et qu\u2019il la vendait pour se faire de l\u2019argent.<\/p>\n<p class=\" wall-content\"><strong>Mis face \u00e0 ses contradictions<\/strong> par les forces de l\u2019ordre, il continue de nier les faits, comme le relate une source polici\u00e8re. Il est finalement plac\u00e9 en garde \u00e0 vue.<\/p>\n<p>Vid\u00e9os : en ce moment sur ActuSuivez l\u2019actualit\u00e9 de Rouen sur <a href=\"https:\/\/www.whatsapp.com\/channel\/0029VaKfnf99hXF2ddApFB1D\" rel=\"nofollow noopener\" target=\"_blank\">notre cha\u00eene WhatsApp<\/a> et sur <a href=\"https:\/\/www.tiktok.com\/@76actu.fr?lang=fr\" rel=\"nofollow noopener\" target=\"_blank\">notre compte TikTok<\/a><\/p>\n<p class=\" wall-content\">Suivez toute l\u2019actualit\u00e9 de vos villes et m\u00e9dias favoris en vous inscrivant \u00e0 <a href=\"https:\/\/moncompte.actu.fr\" title=\"D\u00e9couvez Mon Actu\" rel=\"nofollow noopener\" data-trk=\"{&quot;cta&quot;:{&quot;action&quot;:&quot;https:\\\/\\\/moncompte.actu.fr&quot;,&quot;category&quot;:&quot;mon compte&quot;,&quot;from&quot;:&quot;article footer&quot;,&quot;name&quot;:&quot;Mon actu&quot;,&quot;type&quot;:&quot;cta&quot;}}\" target=\"_blank\">Mon Actu<\/a>.<\/p>\n<ul class=\"ac-article-tag wall-content\">\n<li><a href=\"https:\/\/actu.fr\/tag\/police\" data-trk=\"{&quot;cta&quot;:{&quot;action&quot;:&quot;Police&quot;,&quot;category&quot;:&quot;tag&quot;,&quot;from&quot;:&quot;article footer&quot;,&quot;name&quot;:&quot;Police&quot;,&quot;type&quot;:&quot;cta&quot;}}\" rel=\"nofollow noopener\" target=\"_blank\">#Police<\/a><\/li>\n<li><a href=\"https:\/\/actu.fr\/tag\/trottinette-electrique\" data-trk=\"{&quot;cta&quot;:{&quot;action&quot;:&quot;Trottinette \\u00e9lectrique&quot;,&quot;category&quot;:&quot;tag&quot;,&quot;from&quot;:&quot;article footer&quot;,&quot;name&quot;:&quot;Trottinette \\u00e9lectrique&quot;,&quot;type&quot;:&quot;cta&quot;}}\" rel=\"nofollow noopener\" target=\"_blank\">#Trottinette \u00e9lectrique<\/a><\/li>\n<\/ul>\n<p>                    <script async src=\"\/\/www.tiktok.com\/embed.js\"><\/script><\/p>\n","protected":false},"excerpt":{"rendered":"Par Adrien Filoche Publi\u00e9 le 6 mai 2025 \u00e0 11h36 Tel est pris qui croyait prendre\u2009! Le voleur&hellip;\n","protected":false},"author":2,"featured_media":79055,"comment_status":"","ping_status":"","sticky":false,"template":"","format":"standard","meta":{"footnotes":""},"categories":[9587],"tags":[1111,11,1777,674,118,1011,27,12,5161,1072,25,9590,6960],"class_list":{"0":"post-79054","1":"post","2":"type-post","3":"status-publish","4":"format-standard","5":"has-post-thumbnail","7":"category-rouen","8":"tag-actu","9":"tag-actualites","10":"tag-eu","11":"tag-europe","12":"tag-faits-divers","13":"tag-fr","14":"tag-france","15":"tag-news","16":"tag-normandie","17":"tag-police","18":"tag-republique-francaise","19":"tag-rouen","20":"tag-trottinette-electrique"},"share_on_mastodon":{"url":"https:\/\/pubeurope.com\/@fr\/114460447499826594","error":""},"_links":{"self":[{"href":"https:\/\/www.europesays.com\/fr\/wp-json\/wp\/v2\/posts\/79054","targetHints":{"allow":["GET"]}}],"collection":[{"href":"https:\/\/www.europesays.com\/fr\/wp-json\/wp\/v2\/posts"}],"about":[{"href":"https:\/\/www.europesays.com\/fr\/wp-json\/wp\/v2\/types\/post"}],"author":[{"embeddable":true,"href":"https:\/\/www.europesays.com\/fr\/wp-json\/wp\/v2\/users\/2"}],"replies":[{"embeddable":true,"href":"https:\/\/www.europesays.com\/fr\/wp-json\/wp\/v2\/comments?post=79054"}],"version-history":[{"count":0,"href":"https:\/\/www.europesays.com\/fr\/wp-json\/wp\/v2\/posts\/79054\/revisions"}],"wp:featuredmedia":[{"embeddable":true,"href":"https:\/\/www.europesays.com\/fr\/wp-json\/wp\/v2\/media\/79055"}],"wp:attachment":[{"href":"https:\/\/www.europesays.com\/fr\/wp-json\/wp\/v2\/media?parent=79054"}],"wp:term":[{"taxonomy":"category","embeddable":true,"href":"https:\/\/www.europesays.com\/fr\/wp-json\/wp\/v2\/categories?post=79054"},{"taxonomy":"post_tag","embeddable":true,"href":"https:\/\/www.europesays.com\/fr\/wp-json\/wp\/v2\/tags?post=79054"}],"curies":[{"name":"wp","href":"https:\/\/api.w.org\/{rel}","templated":true}]}}