{"id":79066,"date":"2025-05-06T10:41:10","date_gmt":"2025-05-06T10:41:10","guid":{"rendered":"https:\/\/www.europesays.com\/fr\/79066\/"},"modified":"2025-05-06T10:41:10","modified_gmt":"2025-05-06T10:41:10","slug":"2000-femmes-enceintes-sensibilisees-aux-dangers-des-perturbateurs-endocriniens","status":"publish","type":"post","link":"https:\/\/www.europesays.com\/fr\/79066\/","title":{"rendered":"2000 femmes enceintes sensibilis\u00e9es aux dangers des perturbateurs endocriniens"},"content":{"rendered":"<p>\u00ab\u00a0Merci de suivre cette d\u00e9marche de sant\u00e9 globale.\u00a0\u00bb La maire de Strasbourg <a href=\"https:\/\/www.dna.fr\/p\/jeanne-barseghian\" target=\"_blank\" rel=\"noopener\">Jeanne Barseghian<\/a> s\u2019adresse \u00e0 la vingtaine de mamans pr\u00e9sentes au go\u00fbter organis\u00e9 par la Ville ce lundi 5\u00a0mai au Pavillon Jos\u00e9phine. L\u2019occasion pour les b\u00e9n\u00e9ficiaires du <a href=\"https:\/\/www.dna.fr\/politique\/2022\/03\/19\/une-ordonnance-verte-pour-les-femmes-enceintes\" target=\"_blank\" rel=\"noopener\">dispositif Ordonnance verte<\/a> de revenir sur les ateliers de sensibilisation et les paniers de fruits et l\u00e9gumes bio distribu\u00e9s.<\/p>\n<p>  Identifier et bannir les produits dangereux<\/p>\n<p>Ariane, 36 ans, discute avec d\u2019autres mamans, son petit de 4 mois dans les bras\u00a0: \u00ab\u00a0Je connaissais les perturbateurs endocriniens mais je n\u2019avais pas vraiment id\u00e9e de comment les \u00e9viter.\u00a0\u00bb Les conseils apport\u00e9s en ateliers lui ont appris beaucoup sur les produits chimiques et ingr\u00e9dients \u00e0 bannir pour les enfants m\u00eame si, elle l\u2019admet, \u00ab\u00a0depuis la naissance, il m\u2019arrive de retomber dans des travers de malbouffe parce que je sais que \u00e7a a moins d\u2019impact sur mon enfant que pendant la grossesse\u00a0\u00bb.<\/p>\n<p>Ce contenu est bloqu\u00e9 car vous n&rsquo;avez pas accept\u00e9 les cookies et autres traceurs.<\/p>\n<p>En cliquant sur \u00ab J\u2019accepte \u00bb, les cookies et autres traceurs seront d\u00e9pos\u00e9s et vous pourrez visualiser les contenus  (<a href=\"\" class=\"consentModule_policy\" target=\"_blank\" title=\"Consulter la politique de protection des donn\u00e9es du fournisseur\">plus d&rsquo;informations<\/a>).<\/p>\n<p>En cliquant sur \u00ab J\u2019accepte tous les cookies \u00bb, vous autorisez des d\u00e9p\u00f4ts de cookies et autres traceurs pour le stockage de vos donn\u00e9es sur nos sites et applications \u00e0 des fins de personnalisation et de ciblage publicitaire.<\/p>\n<p class=\"consentModule_secondaryText\">Vous gardez la possibilit\u00e9 de retirer votre consentement \u00e0 tout moment en consultant notre <a href=\"https:\/\/www.dna.fr\/protection-des-donnees\" target=\"_blank\" title=\"Consulter notre politique de protection des donn\u00e9es\" rel=\"noopener\">politique de protection des donn\u00e9es<\/a>. <br \/>&#13;<br \/>\n            <a href=\"https:\/\/www.dna.fr\/sante\/2025\/05\/06\/javascript:Didomi.notice.show()\" class=\"consentModule_cmp\" target=\"_blank\" rel=\"noopener\">G\u00e9rer mes choix<\/a>&#13;\n        <\/p>\n<p>&#13;<br \/>\n                        J&rsquo;accepte&#13;<br \/>\n            J&rsquo;accepte tous les cookies&#13;\n        <\/p>\n<p>\u00ab\u00a0J\u2019ach\u00e8te plus d\u2019ingr\u00e9dients bio maintenant et je fais attention \u00e0 chaque produit d\u2019entretien que j\u2019utilise\u00a0\u00bb, raconte, quelques m\u00e8tres plus loin, Helen, maman de 36 ans d\u2019un petit de 13 mois. Ces r\u00e9flexes, les plus de 2\u00a0000 b\u00e9n\u00e9ficiaires d\u2019Ordonnance verte les doivent en partie \u00e0 J\u00e9r\u00f4me Fonteneau, formateur en transition \u00e9cologique. \u00ab\u00a0Certaines femmes sont d\u00e9j\u00e0 tr\u00e8s alertes sur le sujet, d\u2019autres n\u2019en ont quasiment jamais entendu parler avant de commencer\u00a0\u00bb. D\u2019o\u00f9 la n\u00e9cessit\u00e9 de <a href=\"https:\/\/www.dna.fr\/education\/2025\/03\/18\/ordonnance-verte-une-etude-biologique-lancee-pour-evaluer-le-dispositif\" target=\"_blank\" rel=\"noopener\">transmettre ces r\u00e9flexes au plus grand nombre<\/a>.<\/p>\n<p>  Une initiative bas\u00e9e sur la transmission<\/p>\n<p><a href=\"https:\/\/www.dna.fr\/edition-de-strasbourg\/2018\/10\/28\/dehors-les-perturbateurs\" target=\"_blank\" rel=\"noopener\">Alexandre Feltz<\/a> , adjoint en charge de la sant\u00e9 environnementale, d\u00e9taille les portes d\u2019entr\u00e9e vers le dispositif\u00a0: \u00ab\u00a0La plupart arrivent par le biais de leur m\u00e9decin ou sage-femme, d\u2019autres en entendent parler dans leur entourage ou dans les m\u00e9dias\u00a0\u00bb Ariane en a parl\u00e9 tout autour d\u2019elle et a m\u00eame ramen\u00e9 sa voisine.<\/p>\n<p>Gr\u00e2ce \u00e0 tous ces relais, l\u2019Ordonnance verte a distribu\u00e9 plus de 26\u00a0000 paniers de fruits et l\u00e9gumes bio \u00e0 ses b\u00e9n\u00e9ficiaires. En 2024, le nombre d\u2019inscriptions repr\u00e9sentait pr\u00e8s de 30\u00a0% des naissances \u00e0 Strasbourg. Une initiative qui a conquis une vingtaine de villes en France jusqu\u2019\u00e0 pr\u00e9sent.<\/p>\n","protected":false},"excerpt":{"rendered":"\u00ab\u00a0Merci de suivre cette d\u00e9marche de sant\u00e9 globale.\u00a0\u00bb La maire de Strasbourg Jeanne Barseghian s\u2019adresse \u00e0 la vingtaine&hellip;\n","protected":false},"author":2,"featured_media":79067,"comment_status":"","ping_status":"","sticky":false,"template":"","format":"standard","meta":{"footnotes":""},"categories":[2820],"tags":[1111,11,2389,2649,9223,2880,1777,674,107,1011,27,775,198,12,25,71,801,104,640,2879],"class_list":{"0":"post-79066","1":"post","2":"type-post","3":"status-publish","4":"format-standard","5":"has-post-thumbnail","7":"category-strasbourg","8":"tag-actu","9":"tag-actualites","10":"tag-alsace","11":"tag-bas-rhin","12":"tag-carnet-du-jour","13":"tag-edition-strasbourg","14":"tag-eu","15":"tag-europe","16":"tag-fil-info","17":"tag-fr","18":"tag-france","19":"tag-grand-est","20":"tag-naissance","21":"tag-news","22":"tag-republique-francaise","23":"tag-sante","24":"tag-social","25":"tag-societe","26":"tag-strasbourg","27":"tag-strasbourg-ville"},"share_on_mastodon":{"url":"https:\/\/pubeurope.com\/@fr\/114460471159303195","error":""},"_links":{"self":[{"href":"https:\/\/www.europesays.com\/fr\/wp-json\/wp\/v2\/posts\/79066","targetHints":{"allow":["GET"]}}],"collection":[{"href":"https:\/\/www.europesays.com\/fr\/wp-json\/wp\/v2\/posts"}],"about":[{"href":"https:\/\/www.europesays.com\/fr\/wp-json\/wp\/v2\/types\/post"}],"author":[{"embeddable":true,"href":"https:\/\/www.europesays.com\/fr\/wp-json\/wp\/v2\/users\/2"}],"replies":[{"embeddable":true,"href":"https:\/\/www.europesays.com\/fr\/wp-json\/wp\/v2\/comments?post=79066"}],"version-history":[{"count":0,"href":"https:\/\/www.europesays.com\/fr\/wp-json\/wp\/v2\/posts\/79066\/revisions"}],"wp:featuredmedia":[{"embeddable":true,"href":"https:\/\/www.europesays.com\/fr\/wp-json\/wp\/v2\/media\/79067"}],"wp:attachment":[{"href":"https:\/\/www.europesays.com\/fr\/wp-json\/wp\/v2\/media?parent=79066"}],"wp:term":[{"taxonomy":"category","embeddable":true,"href":"https:\/\/www.europesays.com\/fr\/wp-json\/wp\/v2\/categories?post=79066"},{"taxonomy":"post_tag","embeddable":true,"href":"https:\/\/www.europesays.com\/fr\/wp-json\/wp\/v2\/tags?post=79066"}],"curies":[{"name":"wp","href":"https:\/\/api.w.org\/{rel}","templated":true}]}}