{"id":79118,"date":"2025-05-06T11:09:09","date_gmt":"2025-05-06T11:09:09","guid":{"rendered":"https:\/\/www.europesays.com\/fr\/79118\/"},"modified":"2025-05-06T11:09:09","modified_gmt":"2025-05-06T11:09:09","slug":"et-si-vous-participiez-a-une-exposition-pleine-de-couleurs-a-eu","status":"publish","type":"post","link":"https:\/\/www.europesays.com\/fr\/79118\/","title":{"rendered":"Et si vous participiez \u00e0 une exposition pleine de couleurs \u00e0 Eu\u00a0?"},"content":{"rendered":"<p>            Par<br \/>\n        <strong><br \/>\n            <a href=\"https:\/\/actu.fr\/auteur\/jerome-buresi\" title=\"Consulter tous les articles de J\u00e9r\u00f4me Buresi\" target=\"_blank\" rel=\"noopener\">J\u00e9r\u00f4me Buresi<\/a><br \/>\n        <\/strong><\/p>\n<p>        Publi\u00e9 le<\/p>\n<p>            6 mai 2025 \u00e0 12h04        <\/p>\n<p>\u00ab La chapelle id\u00e9ale \u00bb\u2026<\/p>\n<p class=\" wall-content\">C\u2019est une <b>exposition<\/b> inattendue qui sera visible du jeudi 15 mai au dimanche 1er juin 2025, \u00e0 la chapelle du coll\u00e8ge de <a href=\"https:\/\/actu.fr\/normandie\/eu_76255\" target=\"_blank\" rel=\"noopener\">Eu<\/a>, en <b>Seine-Maritime<\/b>.<\/p>\n<p class=\" wall-content\">\u00ab Cela s\u2019inspire de l\u2019Expo id\u00e9ale, une id\u00e9e de l\u2019illustrateur <b>Herv\u00e9 Tullet<\/b>\u00ab\u00a0, indique Anne Dujeancourt, adjointe au maire. \u00ab C\u2019est un projet d\u2019exposition participative qui invite \u00e0 lib\u00e9rer sa cr\u00e9ativit\u00e9 \u00bb.<\/p>\n<p class=\" wall-content\">La municipalit\u00e9 a eu l\u2019id\u00e9e de d\u00e9cliner ce<b> concept <\/b>dans la ville.<\/p>\n<p>    <a href=\"https:\/\/www.youtube.com\/embed\/izV3HS_K60E\" title=\"Ouvrie le lien\" target=\"_blank\" rel=\"noopener\">Cliquez ici pour visualiser le contenu<\/a><\/p>\n<p>Un appel \u00e0 la cr\u00e9ation<br \/>\n      <img   decoding=\"async\" loading=\"lazy\" class=\"size-large\" src=\"https:\/\/www.europesays.com\/fr\/wp-content\/uploads\/2025\/05\/7299eed057086e699eed057082b99ev-960x640.jpg\" alt=\"Eu centre des fontaines expo ideale\" width=\"960\" height=\"640\"\/><br \/>\n    Plusieurs structures ont particip\u00e9 dont le Centre des Fontaines de Eu.\u00a0 \u00a9Mathilde Bonin \/ L\u2019Informateur d\u2019EuVid\u00e9os : en ce moment sur Actu<\/p>\n<p class=\" wall-content\">L\u2019exposition proposera des \u0153uvres des <b>\u00e9coles <\/b>M\u00e9lusine, Broc\u00e9liande et Nazareth, ainsi que des <b>associations<\/b> Rayon de Soleil, la H\u00eatraie, le Centre des Fontaines et d\u2019autres structures.<\/p>\n<p class=\" wall-content\">\u00ab Herv\u00e9 Tullet ne pourra pas \u00eatre pr\u00e9sent, mais il a bien voulu r\u00e9aliser le logo de l\u2019exposition \u00bb, pr\u00e9cise Anne Dujeancourt.<\/p>\n<p class=\" wall-content\">Cette exposition est toutefois ouverte \u00e0 tous. Vous pouvez vous inspirer des vid\u00e9os d\u2019Herv\u00e9 Tullet, sur le site Internet <a href=\"https:\/\/www.expoideale.com\/fr\/\" target=\"_blank\" rel=\"noopener\">lexpoideale.com<\/a>, ou de ses livres, afin de r\u00e9aliser une cr\u00e9ation. Toutes les techniques sont accept\u00e9es : collage, peinture, p\u00e2te \u00e0 modeler, objets de r\u00e9cup\u00e9ration.<\/p>\n<p class=\" wall-content\">Deux <b>contraintes <\/b>sont \u00e0 respecter :<\/p>\n<ul class=\" wall-content\">\n<li>l\u2019\u0153uvre doit \u00eatre cr\u00e9\u00e9e dans une <b>bo\u00eete \u00e0 chaussures<\/b>,<\/li>\n<li>et il faut utiliser les couleurs suivantes : rouge, jaune, bleu et\/ou noir et blanc.<\/li>\n<\/ul>\n<p class=\" wall-content\">Les \u0153uvres devront \u00eatre apport\u00e9es directement \u00e0 la chapelle du coll\u00e8ge, le mardi\u00a013 ou le mercredi 14\u00a0mai.<\/p>\n<p>L\u2019exposition sera visible du 15\u00a0mai au 1er\u00a0juin, \u00e0 la chapelle du coll\u00e8ge de Eu. Entr\u00e9e libre du mardi au samedi de 9 h 30 \u00e0 12 h\u00a0et 13 h 30 \u00e0 18 h. Le dimanche de\u00a014 h \u00e0 18 h. Ferm\u00e9e le lundi.<\/p>\n<p class=\" wall-content\">Suivez toute l\u2019actualit\u00e9 de vos villes et m\u00e9dias favoris en vous inscrivant \u00e0 <a href=\"https:\/\/moncompte.actu.fr\" title=\"D\u00e9couvez Mon Actu\" rel=\"nofollow noopener\" data-trk=\"{&quot;cta&quot;:{&quot;action&quot;:&quot;https:\\\/\\\/moncompte.actu.fr&quot;,&quot;category&quot;:&quot;mon compte&quot;,&quot;from&quot;:&quot;article footer&quot;,&quot;name&quot;:&quot;Mon actu&quot;,&quot;type&quot;:&quot;cta&quot;}}\" target=\"_blank\">Mon Actu<\/a>.<\/p>\n","protected":false},"excerpt":{"rendered":"Par J\u00e9r\u00f4me Buresi Publi\u00e9 le 6 mai 2025 \u00e0 12h04 \u00ab La chapelle id\u00e9ale \u00bb\u2026 C\u2019est une exposition&hellip;\n","protected":false},"author":2,"featured_media":79119,"comment_status":"","ping_status":"","sticky":false,"template":"","format":"standard","meta":{"footnotes":""},"categories":[1586],"tags":[11,1063,1057,1777,674,1779,1011,27,1652,12,25,1778,364,3587],"class_list":{"0":"post-79118","1":"post","2":"type-post","3":"status-publish","4":"format-standard","5":"has-post-thumbnail","7":"category-europe","8":"tag-actualites","9":"tag-animations","10":"tag-education","11":"tag-eu","12":"tag-europe","13":"tag-european-union","14":"tag-fr","15":"tag-france","16":"tag-loisirs-culture","17":"tag-news","18":"tag-republique-francaise","19":"tag-ue","20":"tag-union-europeenne","21":"tag-villes-soeurs"},"share_on_mastodon":{"url":"https:\/\/pubeurope.com\/@fr\/114460581268025393","error":""},"_links":{"self":[{"href":"https:\/\/www.europesays.com\/fr\/wp-json\/wp\/v2\/posts\/79118","targetHints":{"allow":["GET"]}}],"collection":[{"href":"https:\/\/www.europesays.com\/fr\/wp-json\/wp\/v2\/posts"}],"about":[{"href":"https:\/\/www.europesays.com\/fr\/wp-json\/wp\/v2\/types\/post"}],"author":[{"embeddable":true,"href":"https:\/\/www.europesays.com\/fr\/wp-json\/wp\/v2\/users\/2"}],"replies":[{"embeddable":true,"href":"https:\/\/www.europesays.com\/fr\/wp-json\/wp\/v2\/comments?post=79118"}],"version-history":[{"count":0,"href":"https:\/\/www.europesays.com\/fr\/wp-json\/wp\/v2\/posts\/79118\/revisions"}],"wp:featuredmedia":[{"embeddable":true,"href":"https:\/\/www.europesays.com\/fr\/wp-json\/wp\/v2\/media\/79119"}],"wp:attachment":[{"href":"https:\/\/www.europesays.com\/fr\/wp-json\/wp\/v2\/media?parent=79118"}],"wp:term":[{"taxonomy":"category","embeddable":true,"href":"https:\/\/www.europesays.com\/fr\/wp-json\/wp\/v2\/categories?post=79118"},{"taxonomy":"post_tag","embeddable":true,"href":"https:\/\/www.europesays.com\/fr\/wp-json\/wp\/v2\/tags?post=79118"}],"curies":[{"name":"wp","href":"https:\/\/api.w.org\/{rel}","templated":true}]}}