{"id":79130,"date":"2025-05-06T11:16:09","date_gmt":"2025-05-06T11:16:09","guid":{"rendered":"https:\/\/www.europesays.com\/fr\/79130\/"},"modified":"2025-05-06T11:16:09","modified_gmt":"2025-05-06T11:16:09","slug":"atp-carlos-moya-ex-coach-de-nadal-donne-ses-4-favoris-pour-roland-garros-djokovic-se-sent-un-peu-vide-depuis-quil-a-realise-son-reve-mais-il-ne-faut-jamais-sous-estimer-lun-des-plus-grands-jo","status":"publish","type":"post","link":"https:\/\/www.europesays.com\/fr\/79130\/","title":{"rendered":"ATP > Carlos Moya (ex-coach de Nadal) donne ses 4 favoris pour Roland-Garros : \u00ab\u00a0Djokovic se sent un peu vide depuis qu&rsquo;il a r\u00e9alis\u00e9 son r\u00eave mais il ne faut jamais sous-estimer l&rsquo;un des plus grands joueurs de l&rsquo;histoire\u00a0\u00bb"},"content":{"rendered":"<p>Dans des propos relay\u00e9s par <a href=\"https:\/\/www.marca.com\/tenis\/2025\/05\/05\/moya-ve-dificil-alcaraz-sea-mejor-filosofia-disfrutar-vida.html\" data-wpel-link=\"external\" target=\"_blank\" rel=\"nofollow external noopener\">Marca<\/a>, l\u2019an\u00adcien num\u00e9ro 1 mondial et dernier entra\u00ee\u00adneur de Rafael Nadal, Carlos Moya, a donn\u00e9 ses favoris pour Roland\u2010Garros (25 mai au 8 juin). Et il a cit\u00e9 quatre noms, en oubliant notam\u00adment Alexander Zverev.\u00a0<\/p>\n<p><strong>\u00ab\u202fCarlos Alcaraz, Jannik Sinner, Casper Ruud, mais aussi Novak Djokovic. Il se sent un peu vide apr\u00e8s avoir r\u00e9alis\u00e9 son r\u00eave de remporter une m\u00e9daille d\u2019or aux Jeux olym\u00adpiques et le retrait de Nadal et Federer mais Novak est l\u2019un des plus grands joueurs de l\u2019histoire et il ne faut jamais sous\u2010estimer les plus grands.\u202f\u00bb<\/strong><\/p>\n<p class=\"post-published-date\" style=\"color: silver; font-size: 75%; text-align: left;\">Publi\u00e9 le mardi 6 mai 2025 \u00e0 12:22<\/p>\n","protected":false},"excerpt":{"rendered":"Dans des propos relay\u00e9s par Marca, l\u2019an\u00adcien num\u00e9ro 1 mondial et dernier entra\u00ee\u00adneur de Rafael Nadal, Carlos Moya,&hellip;\n","protected":false},"author":2,"featured_media":79131,"comment_status":"","ping_status":"","sticky":false,"template":"","format":"standard","meta":{"footnotes":""},"categories":[1415],"tags":[1744,105,2199,1011,27,1960,2127,60,1467,4542],"class_list":{"0":"post-79130","1":"post","2":"type-post","3":"status-publish","4":"format-standard","5":"has-post-thumbnail","7":"category-tennis","8":"tag-alcaraz","9":"tag-djokovic","10":"tag-federer","11":"tag-fr","12":"tag-france","13":"tag-nadal","14":"tag-sinner","15":"tag-sports","16":"tag-tennis","17":"tag-zverev"},"share_on_mastodon":{"url":"https:\/\/pubeurope.com\/@fr\/114460608623864982","error":""},"_links":{"self":[{"href":"https:\/\/www.europesays.com\/fr\/wp-json\/wp\/v2\/posts\/79130","targetHints":{"allow":["GET"]}}],"collection":[{"href":"https:\/\/www.europesays.com\/fr\/wp-json\/wp\/v2\/posts"}],"about":[{"href":"https:\/\/www.europesays.com\/fr\/wp-json\/wp\/v2\/types\/post"}],"author":[{"embeddable":true,"href":"https:\/\/www.europesays.com\/fr\/wp-json\/wp\/v2\/users\/2"}],"replies":[{"embeddable":true,"href":"https:\/\/www.europesays.com\/fr\/wp-json\/wp\/v2\/comments?post=79130"}],"version-history":[{"count":0,"href":"https:\/\/www.europesays.com\/fr\/wp-json\/wp\/v2\/posts\/79130\/revisions"}],"wp:featuredmedia":[{"embeddable":true,"href":"https:\/\/www.europesays.com\/fr\/wp-json\/wp\/v2\/media\/79131"}],"wp:attachment":[{"href":"https:\/\/www.europesays.com\/fr\/wp-json\/wp\/v2\/media?parent=79130"}],"wp:term":[{"taxonomy":"category","embeddable":true,"href":"https:\/\/www.europesays.com\/fr\/wp-json\/wp\/v2\/categories?post=79130"},{"taxonomy":"post_tag","embeddable":true,"href":"https:\/\/www.europesays.com\/fr\/wp-json\/wp\/v2\/tags?post=79130"}],"curies":[{"name":"wp","href":"https:\/\/api.w.org\/{rel}","templated":true}]}}