{"id":79132,"date":"2025-05-06T11:18:08","date_gmt":"2025-05-06T11:18:08","guid":{"rendered":"https:\/\/www.europesays.com\/fr\/79132\/"},"modified":"2025-05-06T11:18:08","modified_gmt":"2025-05-06T11:18:08","slug":"motogp-mauvaise-periode-pour-bagnaia-vivement-critique-par-ducati-decu-de-sa-prestation","status":"publish","type":"post","link":"https:\/\/www.europesays.com\/fr\/79132\/","title":{"rendered":"MotoGP Mauvaise p\u00e9riode pour Bagnaia, vivement critiqu\u00e9 par Ducati, d\u00e9\u00e7u de sa prestation"},"content":{"rendered":"<p>Ducati, par la voix de Gigi Dall\u2019Igna, a eu des mots assez durs envers son ancienne star, Francesco Bagnaia. Connu pour son franc parler, l\u2019Italien n\u2019a pas \u00e9pargn\u00e9 son pilote, qu\u2019il juge d\u00e9cevant, face \u00e0 Marc Marquez. En m\u00eame temps, s\u2019attendait-il vraiment \u00e0 ce que le transalpin soit capable de battre la l\u00e9gende Marc Marquez, sachant que personne sur la grille ne ferait beaucoup mieux que Pecco, dans pareille situation ?<\/p>\n<p>MotoGP : Francesco Bagnaia d\u00e9j\u00e0 sous pression<\/p>\n<p>Quoiqu\u2019il en soit, ce commentaire sonne un peu comme un avertissement. Car au-del\u00e0 de Marc Marquez, le double champion du monde de MotoGP se r\u00e9v\u00e8le aussi, souvent, moins performant qu\u2019Alex, \u00e9quip\u00e9 de la Ducati de l\u2019an pass\u00e9. Et c\u2019est probablement cet aspect-l\u00e0 des choses, qui pose probl\u00e8me \u00e0 Dall\u2019Igna. Le Directeur G\u00e9n\u00e9ral de l\u2019\u00e9quipe s\u2019est exprim\u00e9 dans les colonnes de GPOne, sur le sujet.<\/p>\n<blockquote class=\"twitter-tweet\">\n<p dir=\"ltr\" lang=\"en\">\ud83c\udfa5 INSIDE <a href=\"https:\/\/twitter.com\/hashtag\/DucatiLenovoTeam?src=hash&amp;ref_src=twsrc%5Etfw\" target=\"_blank\" rel=\"noopener\">#DucatiLenovoTeam<\/a><br \/>\ud83d\udc8a\ud83c\uddea\ud83c\uddf8Pills from <a href=\"https:\/\/twitter.com\/hashtag\/SpanishGP?src=hash&amp;ref_src=twsrc%5Etfw\" target=\"_blank\" rel=\"noopener\">#SpanishGP<\/a><\/p>\n<p>Watch the full video on the <a href=\"https:\/\/twitter.com\/DucatiMotor?ref_src=twsrc%5Etfw\" target=\"_blank\" rel=\"noopener\">@DucatiMotor<\/a> YouTube official channel \ud83d\udd34<a href=\"https:\/\/twitter.com\/hashtag\/ForzaDucati?src=hash&amp;ref_src=twsrc%5Etfw\" target=\"_blank\" rel=\"noopener\">#ForzaDucati<\/a> <a href=\"https:\/\/t.co\/3N7jcxhc49\" target=\"_blank\">pic.twitter.com\/3N7jcxhc49<\/a><\/p>\n<p>\u2014 Ducati Corse (@ducaticorse) <a href=\"https:\/\/twitter.com\/ducaticorse\/status\/1919333286112882710?ref_src=twsrc%5Etfw\" target=\"_blank\" rel=\"noopener\">May 5, 2025<\/a><\/p>\n<\/blockquote>\n<p>\u201cPecco n\u2019a pas r\u00e9pondu aux attentes, d\u2019abord parce qu\u2019il nous a toujours habitu\u00e9s \u00e0 de meilleures performances le dimanche que le samedi, mais aussi en raison du courage et de la d\u00e9termination dont il a fait preuve lors de ce spectaculaire premier tour. Dans le rythme de course, il n\u2019a cependant pas eu la vivacit\u00e9 que nous attendions tous, ni les pics qui sont n\u00e9cessaires pour qu\u2019il puisse \u00e0 nouveau se battre au sommet.\u201d, analyse l\u2019int\u00e9ress\u00e9, apr\u00e8s Jerez et \u00e0 quelques jours du Grand-Prix de France de MotoGP.<\/p>\n<p>\u201cDu point de vue du championnat, il a obtenu une troisi\u00e8me place pr\u00e9cieuse, qui est venue grossir son capital, mais il n\u2019en reste pas moins que nous devons imp\u00e9rativement nous am\u00e9liorer. Pecco avait gagn\u00e9 les trois derni\u00e8res courses \u00e0 Jerez et cette troisi\u00e8me place est trop peu pour lui. Malheureusement, la moto ne lui communique pas les sensations qu\u2019il voudrait pour d\u00e9passer, comme il nous y avait habitu\u00e9s l\u2019ann\u00e9e derni\u00e8re. Nous travaillons donc pour r\u00e9soudre la situation.\u201d, conclut Gigi.<\/p>\n<p>Pour l\u2019heure, donc, la priorit\u00e9 est \u00e0 l\u2019am\u00e9lioration des performances de l\u2019Italien, qui va devoir s\u2019adapter \u00e0 sa machine, avec le soutien de son \u00e9quipe. Mais on imagine que dans le cas o\u00f9 la situation n\u2019\u00e9voluerait pas favorablement, pour le transalpin, sa place dans l\u2019\u00e9quipe officielle pourrait rapidement \u00eatre mise en question. D\u2019autant qu\u2019il y a un Alex Marquez qui pousse, chez Gresini mais aussi, le jeune espoir Fermin Aldeguer, qui devrait bient\u00f4t pr\u00e9tendre \u00e0 une promotion. Et pourquoi pas, dans le cas o\u00f9 la Direction souhaiterait jouer la fibre nationale, un Fabio di Giannantonio.<\/p>\n<p>Ainsi, le week-end prochain au Mans, le vice-champion du monde en titre aura \u00e0 r\u00e9agir sous une pression in\u00e9dite. Reste \u00e0 d\u00e9terminer si ce param\u00e8tre lui sera b\u00e9n\u00e9fique ou, au contraire, nocif. R\u00e9ponse, d\u2019ici quelques jours, sur le Grand-Prix de France de MotoGP \u00e9dition 2025.<\/p>\n<p>Article publi\u00e9 le 06\/05\/2025 \u00e0 6h44<\/p>\n<p>                                                            <script async src=\"https:\/\/platform.twitter.com\/widgets.js\" charset=\"utf-8\"><\/script><\/p>\n","protected":false},"excerpt":{"rendered":"Ducati, par la voix de Gigi Dall\u2019Igna, a eu des mots assez durs envers son ancienne star, Francesco&hellip;\n","protected":false},"author":2,"featured_media":79133,"comment_status":"","ping_status":"","sticky":false,"template":"","format":"standard","meta":{"footnotes":""},"categories":[1413],"tags":[1011,27,18548,1457,1456,1458,60],"class_list":{"0":"post-79132","1":"post","2":"type-post","3":"status-publish","4":"format-standard","5":"has-post-thumbnail","7":"category-moto","8":"tag-fr","9":"tag-france","10":"tag-francesco-bagnaia","11":"tag-moto","12":"tag-motocycle","13":"tag-motogp","14":"tag-sports"},"share_on_mastodon":{"url":"https:\/\/pubeurope.com\/@fr\/114460616539970521","error":""},"_links":{"self":[{"href":"https:\/\/www.europesays.com\/fr\/wp-json\/wp\/v2\/posts\/79132","targetHints":{"allow":["GET"]}}],"collection":[{"href":"https:\/\/www.europesays.com\/fr\/wp-json\/wp\/v2\/posts"}],"about":[{"href":"https:\/\/www.europesays.com\/fr\/wp-json\/wp\/v2\/types\/post"}],"author":[{"embeddable":true,"href":"https:\/\/www.europesays.com\/fr\/wp-json\/wp\/v2\/users\/2"}],"replies":[{"embeddable":true,"href":"https:\/\/www.europesays.com\/fr\/wp-json\/wp\/v2\/comments?post=79132"}],"version-history":[{"count":0,"href":"https:\/\/www.europesays.com\/fr\/wp-json\/wp\/v2\/posts\/79132\/revisions"}],"wp:featuredmedia":[{"embeddable":true,"href":"https:\/\/www.europesays.com\/fr\/wp-json\/wp\/v2\/media\/79133"}],"wp:attachment":[{"href":"https:\/\/www.europesays.com\/fr\/wp-json\/wp\/v2\/media?parent=79132"}],"wp:term":[{"taxonomy":"category","embeddable":true,"href":"https:\/\/www.europesays.com\/fr\/wp-json\/wp\/v2\/categories?post=79132"},{"taxonomy":"post_tag","embeddable":true,"href":"https:\/\/www.europesays.com\/fr\/wp-json\/wp\/v2\/tags?post=79132"}],"curies":[{"name":"wp","href":"https:\/\/api.w.org\/{rel}","templated":true}]}}