{"id":79184,"date":"2025-05-06T11:45:09","date_gmt":"2025-05-06T11:45:09","guid":{"rendered":"https:\/\/www.europesays.com\/fr\/79184\/"},"modified":"2025-05-06T11:45:09","modified_gmt":"2025-05-06T11:45:09","slug":"lubrizol-renonce-a-son-plan-social-sur-ses-sites-de-rouen-et-du-havre","status":"publish","type":"post","link":"https:\/\/www.europesays.com\/fr\/79184\/","title":{"rendered":"Lubrizol renonce \u00e0 son plan social sur ses sites de Rouen et du Havre"},"content":{"rendered":"<p>&#13;<br \/>\n\t<a href=\"https:\/\/www.usinenouvelle.com\/article\/se-disant-confronte-a-une-situation-de-surproduction-lubrizol-veut-supprimer-169-postes-en-normandie.N2227182\" target=\"_blank\" rel=\"noopener\">Trois mois de sursis s\u2019ach\u00e8vent pour les salari\u00e9s normands de Lubrizol France<\/a>. Lors d&rsquo;un comit\u00e9 social et \u00e9conomique (CSE) r\u00e9uni le 5 mai, la direction de la branche fran\u00e7aise du chimiste am\u00e9ricain a fait savoir qu&rsquo;elle \u00ab mettait fin \u00e0 la proc\u00e9dure de consultation en cours, relative \u00e0 la r\u00e9organisation de leurs activit\u00e9s \u00bb. Le fabricant de lubrifiants industriels et d&rsquo;additifs pour les huiles de moteur pr\u00e9voyait initialement de supprimer 169 postes \u2013 sur les environ 700 personnes employ\u00e9es en France \u2013 \u00e0 travers un plan de sauvegarde de l&#8217;emploi (PSE) pr\u00e9sent\u00e9 en f\u00e9vrier. Ce nombre avait \u00e9t\u00e9 r\u00e9duit \u00e0 106 d\u00e9but avril, apr\u00e8s un important mouvement de gr\u00e8ve au sein de la soci\u00e9t\u00e9 et des n\u00e9gociations avec les syndicats.<\/p>\n<p>&#13;<br \/>\n\tNe pas rompre l&rsquo;approvisionnement des clients<\/p>\n<p>&#13;<br \/>\n\t\u00ab Afin de concentrer les efforts collectifs de l\u2019entreprise sur la gestion de cet environnement externe en pleine \u00e9volution et pour s\u00e9curiser l\u2019approvisionnement de nos clients, nous avons d\u00e9cid\u00e9 de mettre un terme \u00e0 la consultation relative au projet de r\u00e9organisation de Rouen et du Havre \u00bb, a d\u00e9clar\u00e9 Fabrice Jerineck, directeur des op\u00e9rations pour les activit\u00e9s Lubrizol additifs pour la r\u00e9gion EMEAI (Europe, Moyen-Orient, Afrique et Inde). \u00ab Environnement macro\u00e9conomique incertain \u00bb, \u00ab pressions accrues sur les co\u00fbts et sur les disponibilit\u00e9s des mati\u00e8res premi\u00e8res \u00bb\u2026 le contexte international force le groupe am\u00e9ricain \u00e0 revoir sa copie, voulant absolument \u00e9viter de rompre les cha\u00eenes d\u2019approvisionnement de ses clients. Pour rappel, Lubrizol France produit sur trois sites dans l\u2019Hexagone \u2013 \u00e0 Rouen, Oudalle (Seine-Maritime) et Mourenx (Pyr\u00e9n\u00e9es-Atlantiques) \u2013 des additifs pour l&rsquo;essence, le diesel ainsi que des lubrifiants pour moteurs et industriels.<\/p>\n<p>&#13;<br \/>\n\tPar ailleurs, les raisons initiales qui avaient motiv\u00e9 la restructuration ne peuvent pas \u00eatre oubli\u00e9es. \u00ab La probl\u00e9matique de baisse des volumes de production et de surcapacit\u00e9 sur les deux sites reste une r\u00e9alit\u00e9, mais nous esp\u00e9rons qu\u2019en travaillant \u00e0 retrouver un environnement de travail productif, nous serons en mesure de faire face \u00e0 ces enjeux externes \u00bb, compl\u00e8te Nicolas Adam, directeur g\u00e9n\u00e9ral de Lubrizol France et directeur du site du Havre. Le plan de sauvegarde de l\u2019emploi \u00e9voqu\u00e9 en f\u00e9vrier l\u2019avait \u00e9t\u00e9 dans un souci de maintien de la comp\u00e9titivit\u00e9. Lubrizol souffrait alors de la morosit\u00e9 du march\u00e9 automobile en Europe, notamment thermique, qui s&rsquo;\u00e9tait r\u00e9percut\u00e9e sur le march\u00e9 europ\u00e9en des additifs. La soci\u00e9t\u00e9 \u00e9voquait alors une diminution \u00ab de plus de 30 % de ses volumes annuels de vente en Europe \u00bb en dix ans. Elle faisait \u00e9tat, \u00e0 l\u2019\u00e9poque, de lignes de production remplies \u00e0 seulement 65 %.<\/p>\n<p class=\"editoTitleType1 editoTitleType1--lagoon is-uppercase\">S\u00e9lectionn\u00e9 <b>pour vous<\/b><\/p>\n<p>                                                                            <a class=\"editoCardType21__link editoCardType21__containerImage\" href=\"https:\/\/www.usinenouvelle.com\/article\/basf-investit-dans-une-nouvelle-usine-d-acide-sulfurique-de-qualite-semi-conducteur-a-ludwigshafen.N2231626\" data-xiti-name=\"2231626\" target=\"_blank\" rel=\"noopener\"><\/p>\n<p>                                                                                                                                                    <img decoding=\"async\" src=\"data:image\/gif;base64,R0lGODdhAQABAPAAAMPDwwAAACwAAAAAAQABAAACAkQBADs=\" data-original=\"\/mediatheque\/5\/1\/1\/001523115_256x170_c.jpg\" alt=\"BASF investit dans une nouvelle usine d'acide sulfurique de qualit\u00e9 semi-conducteur \u00e0 Ludwigshafen\"\/><\/p>\n<p>                            <\/a><\/p>\n","protected":false},"excerpt":{"rendered":"&#13; Trois mois de sursis s\u2019ach\u00e8vent pour les salari\u00e9s normands de Lubrizol France. Lors d&rsquo;un comit\u00e9 social et&hellip;\n","protected":false},"author":2,"featured_media":79185,"comment_status":"","ping_status":"","sticky":false,"template":"","format":"standard","meta":{"footnotes":""},"categories":[9587],"tags":[1111,11,10531,18564,1777,674,1011,27,18327,12,5161,15747,25,9590,5163],"class_list":{"0":"post-79184","1":"post","2":"type-post","3":"status-publish","4":"format-standard","5":"has-post-thumbnail","7":"category-rouen","8":"tag-actu","9":"tag-actualites","10":"tag-chimie","11":"tag-chimie-de-specialites","12":"tag-eu","13":"tag-europe","14":"tag-fr","15":"tag-france","16":"tag-lubrizol","17":"tag-news","18":"tag-normandie","19":"tag-plan-social","20":"tag-republique-francaise","21":"tag-rouen","22":"tag-seine-maritime"},"share_on_mastodon":{"url":"https:\/\/pubeurope.com\/@fr\/114460722673539972","error":""},"_links":{"self":[{"href":"https:\/\/www.europesays.com\/fr\/wp-json\/wp\/v2\/posts\/79184","targetHints":{"allow":["GET"]}}],"collection":[{"href":"https:\/\/www.europesays.com\/fr\/wp-json\/wp\/v2\/posts"}],"about":[{"href":"https:\/\/www.europesays.com\/fr\/wp-json\/wp\/v2\/types\/post"}],"author":[{"embeddable":true,"href":"https:\/\/www.europesays.com\/fr\/wp-json\/wp\/v2\/users\/2"}],"replies":[{"embeddable":true,"href":"https:\/\/www.europesays.com\/fr\/wp-json\/wp\/v2\/comments?post=79184"}],"version-history":[{"count":0,"href":"https:\/\/www.europesays.com\/fr\/wp-json\/wp\/v2\/posts\/79184\/revisions"}],"wp:featuredmedia":[{"embeddable":true,"href":"https:\/\/www.europesays.com\/fr\/wp-json\/wp\/v2\/media\/79185"}],"wp:attachment":[{"href":"https:\/\/www.europesays.com\/fr\/wp-json\/wp\/v2\/media?parent=79184"}],"wp:term":[{"taxonomy":"category","embeddable":true,"href":"https:\/\/www.europesays.com\/fr\/wp-json\/wp\/v2\/categories?post=79184"},{"taxonomy":"post_tag","embeddable":true,"href":"https:\/\/www.europesays.com\/fr\/wp-json\/wp\/v2\/tags?post=79184"}],"curies":[{"name":"wp","href":"https:\/\/api.w.org\/{rel}","templated":true}]}}