{"id":79194,"date":"2025-05-06T11:50:11","date_gmt":"2025-05-06T11:50:11","guid":{"rendered":"https:\/\/www.europesays.com\/fr\/79194\/"},"modified":"2025-05-06T11:50:11","modified_gmt":"2025-05-06T11:50:11","slug":"kintzheim-partis-dentzheim-ils-arpentent-les-villages-pour-promouvoir-le-don-de-sang","status":"publish","type":"post","link":"https:\/\/www.europesays.com\/fr\/79194\/","title":{"rendered":"Kintzheim. Partis d\u2019Entzheim, ils arpentent les villages pour promouvoir le don de sang"},"content":{"rendered":"<p>Globulon n\u2019a pas m\u00e9nag\u00e9 sa peine samedi 26\u00a0avril. Pour promouvoir le don de sang b\u00e9n\u00e9vole, cette mascotte figurant un globule rouge \u00e9tait sur tous les fronts \u00e0 l\u2019occasion du Parcours de la vie organis\u00e9 par l\u2019Union d\u00e9partementale des donneurs de sang du Bas-Rhin (UD67) samedi 26\u00a0avril. Parti d\u2019Entzheim, Globulon a pu profiter d\u2019animations musicales \u00e0 Hindisheim, <a href=\"https:\/\/www.dna.fr\/sante\/2025\/04\/26\/la-caravane-du-don-de-sang-a-fait-etape-dans-la-commune\" target=\"_blank\" rel=\"noopener\">rencontrer un dromadaire \u00e0 Goxwiller<\/a> , visiter Dambach-la-Ville, assister \u00e0 un d\u00e9fil\u00e9 en jeep \u00e0 Scherwiller avant d\u2019arriver \u00e0 Kintzheim, terme du parcours, o\u00f9 le dernier relais a \u00e9t\u00e9 assur\u00e9 par les jeunes \u00e9lus du conseil municipal des enfants. \u00ab\u00a0On a \u00e9t\u00e9 tr\u00e8s bien accueillis partout, avec le beau temps\u00a0\u00bb, se r\u00e9jouit Fr\u00e9d\u00e9ric Colle, pr\u00e9sident de l\u2019UD67.<\/p>\n<p>Ce contenu est bloqu\u00e9 car vous n&rsquo;avez pas accept\u00e9 les cookies et autres traceurs.<\/p>\n<p>En cliquant sur \u00ab J\u2019accepte \u00bb, les cookies et autres traceurs seront d\u00e9pos\u00e9s et vous pourrez visualiser les contenus  (<a href=\"\" class=\"consentModule_policy\" target=\"_blank\" title=\"Consulter la politique de protection des donn\u00e9es du fournisseur\">plus d&rsquo;informations<\/a>).<\/p>\n<p>En cliquant sur \u00ab J\u2019accepte tous les cookies \u00bb, vous autorisez des d\u00e9p\u00f4ts de cookies et autres traceurs pour le stockage de vos donn\u00e9es sur nos sites et applications \u00e0 des fins de personnalisation et de ciblage publicitaire.<\/p>\n<p class=\"consentModule_secondaryText\">Vous gardez la possibilit\u00e9 de retirer votre consentement \u00e0 tout moment en consultant notre <a href=\"https:\/\/www.dna.fr\/protection-des-donnees\" target=\"_blank\" title=\"Consulter notre politique de protection des donn\u00e9es\" rel=\"noopener\">politique de protection des donn\u00e9es<\/a>. <br \/>&#13;<br \/>\n            <a href=\"https:\/\/www.dna.fr\/sante\/2025\/05\/06\/javascript:Didomi.notice.show()\" class=\"consentModule_cmp\" target=\"_blank\" rel=\"noopener\">G\u00e9rer mes choix<\/a>&#13;\n        <\/p>\n<p>&#13;<br \/>\n                        J&rsquo;accepte&#13;<br \/>\n            J&rsquo;accepte tous les cookies&#13;\n        <\/p>\n<p>C\u2019est \u00e9galement \u00e0 Kintzheim que s\u2019est tenu le dimanche suivant le congr\u00e8s de l\u2019union d\u00e9partementale. La question de la baisse de subvention de l\u2019\u00c9tablissement fran\u00e7ais du sang (EFS) aux amicales pour assurer les collations d\u2019apr\u00e8s-collecte, survenue en 2020 (de 4,20\u00a0\u20ac \u00e0 3\u00a0\u20ac), a de nouveau \u00e9t\u00e9 abord\u00e9e car elle fragilise certaines amicales.<\/p>\n<p>  Le plasma, un autre don essentiel<\/p>\n<p>Tout au long du week-end, il a aussi \u00e9t\u00e9 question du don de plasma. \u00ab\u00a0On en manque au niveau national puisque le taux d\u2019autosuffisance n\u2019est que de 35\u00a0%\u00a0\u00bb, pr\u00e9cise Fr\u00e9d\u00e9ric Colle. Le reste est import\u00e9, principalement des \u00c9tats-Unis o\u00f9, contrairement \u00e0 la France, le don de plasma est r\u00e9mun\u00e9r\u00e9 et soumis \u00e0 moins de contraintes.<\/p>\n<p>Pr\u00e8s de 90\u00a0% du plasma collect\u00e9 est utilis\u00e9 pour fabriquer des m\u00e9dicaments, les 10\u00a0% restants servant \u00e0 l\u2019injection. Mais, contrairement au don de sang, la collecte de plasma ne s\u2019effectue que dans les maisons du don, \u00e0 Strasbourg ou Colmar pour l\u2019Alsace et n\u00e9cessite un peu plus de temps.<\/p>\n<p>L\u2019assembl\u00e9e g\u00e9n\u00e9rale s\u2019est conclue sur une note humoristique\u00a0: un com\u00e9dien, d\u00e9guis\u00e9 en vampire, a fait irruption dans la salle des f\u00eates et expliqu\u00e9 dans un bref discours qu\u2019il partageait l\u2019int\u00e9r\u00eat de l\u2019UD67 pour la collecte de sang et qu\u2019il serait ravi de r\u00e9cup\u00e9rer les exc\u00e9dents.<\/p>\n","protected":false},"excerpt":{"rendered":"Globulon n\u2019a pas m\u00e9nag\u00e9 sa peine samedi 26\u00a0avril. Pour promouvoir le don de sang b\u00e9n\u00e9vole, cette mascotte figurant&hellip;\n","protected":false},"author":2,"featured_media":79195,"comment_status":"","ping_status":"","sticky":false,"template":"","format":"standard","meta":{"footnotes":""},"categories":[2820],"tags":[1111,11,2649,3143,2880,1777,674,107,1011,27,775,18570,12,25,71,3142,104,640,1631],"class_list":{"0":"post-79194","1":"post","2":"type-post","3":"status-publish","4":"format-standard","5":"has-post-thumbnail","7":"category-strasbourg","8":"tag-actu","9":"tag-actualites","10":"tag-bas-rhin","11":"tag-edition-selestat-erstein","12":"tag-edition-strasbourg","13":"tag-eu","14":"tag-europe","15":"tag-fil-info","16":"tag-fr","17":"tag-france","18":"tag-grand-est","19":"tag-kintzheim","20":"tag-news","21":"tag-republique-francaise","22":"tag-sante","23":"tag-secteur-de-selestat","24":"tag-societe","25":"tag-strasbourg","26":"tag-vie-associative"},"share_on_mastodon":{"url":"https:\/\/pubeurope.com\/@fr\/114460742464571658","error":""},"_links":{"self":[{"href":"https:\/\/www.europesays.com\/fr\/wp-json\/wp\/v2\/posts\/79194","targetHints":{"allow":["GET"]}}],"collection":[{"href":"https:\/\/www.europesays.com\/fr\/wp-json\/wp\/v2\/posts"}],"about":[{"href":"https:\/\/www.europesays.com\/fr\/wp-json\/wp\/v2\/types\/post"}],"author":[{"embeddable":true,"href":"https:\/\/www.europesays.com\/fr\/wp-json\/wp\/v2\/users\/2"}],"replies":[{"embeddable":true,"href":"https:\/\/www.europesays.com\/fr\/wp-json\/wp\/v2\/comments?post=79194"}],"version-history":[{"count":0,"href":"https:\/\/www.europesays.com\/fr\/wp-json\/wp\/v2\/posts\/79194\/revisions"}],"wp:featuredmedia":[{"embeddable":true,"href":"https:\/\/www.europesays.com\/fr\/wp-json\/wp\/v2\/media\/79195"}],"wp:attachment":[{"href":"https:\/\/www.europesays.com\/fr\/wp-json\/wp\/v2\/media?parent=79194"}],"wp:term":[{"taxonomy":"category","embeddable":true,"href":"https:\/\/www.europesays.com\/fr\/wp-json\/wp\/v2\/categories?post=79194"},{"taxonomy":"post_tag","embeddable":true,"href":"https:\/\/www.europesays.com\/fr\/wp-json\/wp\/v2\/tags?post=79194"}],"curies":[{"name":"wp","href":"https:\/\/api.w.org\/{rel}","templated":true}]}}