{"id":792025,"date":"2026-03-11T20:37:17","date_gmt":"2026-03-11T20:37:17","guid":{"rendered":"https:\/\/www.europesays.com\/fr\/792025\/"},"modified":"2026-03-11T20:37:17","modified_gmt":"2026-03-11T20:37:17","slug":"exclu-diatrou-cissokho-ici-tout-commence-avant-le-casting","status":"publish","type":"post","link":"https:\/\/www.europesays.com\/fr\/792025\/","title":{"rendered":"EXCLU. Diatrou Cissokho (Ici tout commence) : \u00ab\u00a0Avant le casting, &#8230;"},"content":{"rendered":"<ul class=\"en-bref-list\">\n<li>Le 2 mars dernier, Diatrou Cissokho a fait ses premiers pas<br \/>\ndans la s\u00e9rie Ici tout commence.<\/li>\n<li>Dans un entretien \u00e0 T\u00e9l\u00e9 Star, il revient sur son parcours de<br \/>\ncom\u00e9dien et sur son arriv\u00e9e sur le plateau du feuilleton.<\/li>\n<li>Il fait \u00e9galement quelques r\u00e9v\u00e9lations sur la suite de l&rsquo;arche<br \/>\nd\u00e9di\u00e9e \u00e0 Stanislas et Bakary.<\/li>\n<li>Ce r\u00e9sum\u00e9 g\u00e9n\u00e9r\u00e9 par IA a \u00e9t\u00e9 valid\u00e9 par les journalistes de la<br \/>\nr\u00e9daction.<\/li>\n<\/ul>\n<p><strong>T\u00e9l\u00e9 Star\u00a0: Vous venez d\u2019int\u00e9grer le casting<br \/>\nd\u2019Ici tout commence dans le r\u00f4le de Bakary. Parlez-nous de<br \/>\nvotre parcours\u2026<\/strong><\/p>\n<p><a href=\"https:\/\/www.instagram.com\/diatroucissokho\/\" rel=\"nofollow noopener\" target=\"_blank\">Diatrou<br \/>\nCissokho<\/a> : J\u2019ai toujours \u00e9t\u00e9 passionn\u00e9 par le milieu du cin\u00e9ma,<br \/>\nmais j\u2019ai grandi \u00e0 Lille dans un sch\u00e9ma tr\u00e8s classique. Le milieu<br \/>\nde l\u2019art, c\u2019\u00e9tait assez \u00e9loign\u00e9 de mon quotidien. Je me suis m\u00eame<br \/>\ninscrit \u00e0 la fac en \u00e9conomie et gestion, mais j\u2019ai des amis qui<br \/>\nm\u2019ont pouss\u00e9 \u00e0 me lancer dans la com\u00e9die. J\u2019ai fini par r\u00e9aliser<br \/>\nque je n\u2019aimais pas ce que je faisais et comprendre qu\u2019il fallait<br \/>\nque je r\u00e9alise mes r\u00eaves, donc je me suis inscrit au conservatoire<br \/>\n\u00e0 l\u2019\u00e2ge de 19 ans et j\u2019ai tenu l\u2019un des r\u00f4les principaux de la<br \/>\nmini-s\u00e9rie Maslow, produite par le S\u00e9ries Mania<br \/>\nInstitute.<\/p>\n<p><strong>Comment vous \u00eates-vous retrouv\u00e9 sur Ici tout<br \/>\ncommence\u00a0?<\/strong><\/p>\n<p>Apr\u00e8s mon ann\u00e9e au conservatoire, j\u2019ai voulu changer d\u2019air donc<br \/>\nje suis parti en Angleterre. Je voulais absolument perfectionner<br \/>\nmon jeu en Anglais. J\u2019y ai pass\u00e9 un trimestre, puis on m\u2019a propos\u00e9<br \/>\nle casting d\u2019Ici tout commence. J\u2019ai utilis\u00e9 le peu<br \/>\nd\u2019argent qu\u2019il me restait pour ma vie \u00e0 Londres pour venir le<br \/>\npasser\u00a0!<\/p>\n<p><strong>Aviez-vous tent\u00e9 d\u2019autres r\u00f4les avant d\u2019obtenir celui de<br \/>\nBakary\u00a0?<\/strong><\/p>\n<p>Pas du tout\u00a0! Je n\u2019ai pass\u00e9 le casting que pour le r\u00f4le de<br \/>\nBakary et je l\u2019ai eu tout de suite. Je n\u2019ai pas eu de callback,<br \/>\nrien du tout.<\/p>\n<p><strong>Comment s\u2019est pass\u00e9 votre arriv\u00e9e sur le<br \/>\nplateau\u00a0?<\/strong><\/p>\n<p>Je crois que je n\u2019aurais pas pu r\u00eaver mieux. Quand je suis<br \/>\narriv\u00e9, tout le monde m\u2019a dit \u00ab\u00a0tu vas voir, ici c\u2019est une<br \/>\ngrande famille, tout le monde est gentil\u00a0\u00bb. Au d\u00e9but, j\u2019ai \u00e9t\u00e9<br \/>\nun peu m\u00e9fiant, je me suis dit qu\u2019ils me disaient \u00e7a pour me mettre<br \/>\n\u00e0 l\u2019aise. Et au final, c\u2019est vraiment le cas. Tout le monde est<br \/>\nhyper gentil, hyper bienveillant, et m\u2019a tr\u00e8s bien accueilli.<\/p>\n<p>\u00ab\u00a0J\u2019ai eu un coup de c\u0153ur pour Simon Dartois, qui joue Ferdinand<br \/>\nCastelmont\u00a0\u00bb<\/p>\n<p><strong>Des coups de c\u0153ur parmi les<br \/>\ncom\u00e9diens\u00a0?<\/strong><\/p>\n<p>J\u2019ai eu la chance de jouer avec une bonne partie du casting et<br \/>\nj\u2019ai vraiment appr\u00e9ci\u00e9 tout le monde, mais j\u2019ai eu un coup de c\u0153ur<br \/>\npour <a href=\"https:\/\/www.telestar.fr\/serie_tv\/exclu-simon-dartois-ici-tout-commence-cash-sur-ferdinand-jouer-un-petit-con-comme-ca-1753128\" rel=\"nofollow noopener\" target=\"_blank\"><br \/>\nSimon Dartois, qui joue Ferdinand Castelmont<\/a>. C\u2019est un bonheur<br \/>\nde jouer avec lui. C\u2019est un com\u00e9dien exceptionnel. Ensuite, je me<br \/>\nsuis beaucoup rapproch\u00e9 de Manec Verdier, qui joue C\u00e9sar. On a cr\u00e9\u00e9<br \/>\nun vrai lien dans la vie. Et puis il y a Lucien Belv\u00e8s, Oscar Al<br \/>\nHafiane, ils sont tous supers\u00a0!<\/p>\n<p><strong>Parlez-nous de votre personnage\u2026<\/strong><\/p>\n<p>Bakary est un jeune homme de 20 ans passionn\u00e9 par la salle.<br \/>\nC\u2019est une passion qui lui a \u00e9t\u00e9 transmise par son beau-p\u00e8re,<br \/>\nStanislas Du Chesnay (Hubert Roulleau, ndlr). C\u2019est<br \/>\nquelqu\u2019un d\u2019assez solaire, qui a malheureusement connu l\u2019abandon<br \/>\njeune puisqu\u2019il n\u2019a jamais connu son p\u00e8re. Stanislas a \u00e9t\u00e9 sa seule<br \/>\nfigure paternelle en grandissant, donc il a besoin d\u2019\u00eatre entour\u00e9.<br \/>\nIl aime les gens et il aime sortir\u00a0!<\/p>\n<p><strong>La relation de Stanislas et Bakary est plut\u00f4t<br \/>\ncompliqu\u00e9e. Que nous r\u00e9serve la suite de<br \/>\nl\u2019arche\u00a0?<\/strong><\/p>\n<p>C\u2019est une arche qui r\u00e9serve pas mal de surprises\u00a0! Ce que<br \/>\nje peux dire, c\u2019est que Bakary est une tr\u00e8s belle personne et on<br \/>\npeut avoir confiance en \u00e7a. Il est assez intelligent pour<br \/>\ncomprendre que tout le monde fait des erreurs, donc il finira par<br \/>\nprendre les bonnes d\u00e9cisions, ainsi que Stanislas.<\/p>\n<p>\u00ab\u00a0<strong>\u00c7a me ferait tr\u00e8s plaisir de<br \/>\nrester sur Ici tout commence<\/strong>\u00a0\u00bb<\/p>\n<p><strong>Hubert Roulleau et vous jouez un duo<br \/>\nbeau-p\u00e8re\/beau-fils. Comment s\u2019est tiss\u00e9 votre lien sur le<br \/>\ntournage\u00a0?<\/strong><\/p>\n<p>Deux semaines avant de commencer \u00e0 tourner, je suis all\u00e9 faire<br \/>\ndes essayages et on a pu se rencontrer. On a discut\u00e9, puis commenc\u00e9<br \/>\n\u00e0 se voir pour r\u00e9p\u00e9ter. Hubert est quelqu\u2019un de tr\u00e8s bosseur, donc<br \/>\non a beaucoup pr\u00e9par\u00e9 nos sc\u00e8nes en amont et \u00e7a m\u2019a vraiment permis<br \/>\nde l\u00e2cher prise pendant le tournage. On a tiss\u00e9 un lien et sur le<br \/>\nplateau, je ne l\u2019appelais plus Hubert, je l\u2019appelais<br \/>\nPapa\u00a0!<\/p>\n<p><strong>Une anecdote \u00e0 partager sur votre collaboration<br \/>\n?<\/strong><\/p>\n<p>Avant de passer le casting, on m\u2019a demand\u00e9 de pr\u00e9parer une sc\u00e8ne<br \/>\nassez forte entre Stanislas et Bakary. Sachant qu\u2019Hubert allait<br \/>\njouer mon beau-p\u00e8re, je me suis dit qu\u2019il fallait que je n\u2019aie que<br \/>\nlui en t\u00eate en jouant la sc\u00e8ne, comme Bakary n\u2019a que Stanislas en<br \/>\nt\u00eate. Du coup, j\u2019ai mis une photo d\u2019Hubert en fond d\u2019\u00e9cran pendant<br \/>\ntoute la semaine qui a pr\u00e9c\u00e9d\u00e9 mon casting. Je l\u2019ai regard\u00e9 tous<br \/>\nles jours alors que je ne le connaissais m\u00eame pas (Rires). Quand<br \/>\nj\u2019ai racont\u00e9 cette anecdote \u00e0 Hubert, on \u00e9tait mort de rire. En<br \/>\nplus, il d\u00e9teste la photo que j\u2019avais choisie\u00a0!<\/p>\n<p><strong>Va-t-on bient\u00f4t rencontrer la m\u00e8re de<br \/>\nBakary\u00a0?<\/strong><\/p>\n<p>Oui, tr\u00e8s bient\u00f4t\u00a0! Elle est jou\u00e9e par Assanad Ibouroi.<\/p>\n<p><strong>Bakary r\u00eave d\u2019int\u00e9grer l\u2019Institut. Est-il l\u00e0 pour<br \/>\nrester\u00a0?\u00a0\u00a0\u00a0\u00a0\u00a0<\/strong><\/p>\n<p>Pour l\u2019instant, Bakary est en \u00e9change scolaire avec <a href=\"https:\/\/www.telestar.fr\/serie_tv\/ici-tout-commence-en-chaleur-ces-immenses-challenges-pour-elsa-bois-des-son-arrivee-sur-le-tournage-1748328\" rel=\"nofollow noopener\" target=\"_blank\"><br \/>\nNinon (Elsa Bois)<\/a>. Il ne doit passer que six mois \u00e0 l\u2019Institut.<br \/>\nMoi, bien s\u00fbr, <strong>\u00e7a me ferait tr\u00e8s plaisir de rester sur<br \/>\nIci tout commence.<\/strong> J\u2019ai d\u00e9couvert un monde<br \/>\nexceptionnel. Mais en ce qui concerne le personnage, je ne sais pas<br \/>\nencore. Je pense qu\u2019il aurait tr\u00e8s envie d\u2019int\u00e9grer l\u2019Institut mais<br \/>\nque pour l\u2019instant, il essaye d\u00e9j\u00e0 de rattraper le niveau des<br \/>\nautres \u00e9l\u00e8ves, parce qu\u2019il y a des mati\u00e8res \u00e0 Auguste Armand qu\u2019il<br \/>\nn\u2019a pas \u00e0 son \u00e9cole de Bordeaux.<\/p>\n<p><script async src=\"\/\/www.instagram.com\/embed.js\"><\/script><\/p>\n","protected":false},"excerpt":{"rendered":"Le 2 mars dernier, Diatrou Cissokho a fait ses premiers pas dans la s\u00e9rie Ici tout commence. Dans&hellip;\n","protected":false},"author":2,"featured_media":792026,"comment_status":"","ping_status":"","sticky":false,"template":"","format":"standard","meta":{"footnotes":"","_share_on_mastodon":"0"},"categories":[1356],"tags":[548,58,59,1011,27,620,252,1364],"class_list":["post-792025","post","type-post","status-publish","format-standard","has-post-thumbnail","category-television","tag-article-simple","tag-divertissement","tag-entertainment","tag-fr","tag-france","tag-ici-tout-commence","tag-television","tag-tv"],"share_on_mastodon":{"url":"https:\/\/pubeurope.com\/@fr\/116212468717827920","error":""},"_links":{"self":[{"href":"https:\/\/www.europesays.com\/fr\/wp-json\/wp\/v2\/posts\/792025","targetHints":{"allow":["GET"]}}],"collection":[{"href":"https:\/\/www.europesays.com\/fr\/wp-json\/wp\/v2\/posts"}],"about":[{"href":"https:\/\/www.europesays.com\/fr\/wp-json\/wp\/v2\/types\/post"}],"author":[{"embeddable":true,"href":"https:\/\/www.europesays.com\/fr\/wp-json\/wp\/v2\/users\/2"}],"replies":[{"embeddable":true,"href":"https:\/\/www.europesays.com\/fr\/wp-json\/wp\/v2\/comments?post=792025"}],"version-history":[{"count":0,"href":"https:\/\/www.europesays.com\/fr\/wp-json\/wp\/v2\/posts\/792025\/revisions"}],"wp:featuredmedia":[{"embeddable":true,"href":"https:\/\/www.europesays.com\/fr\/wp-json\/wp\/v2\/media\/792026"}],"wp:attachment":[{"href":"https:\/\/www.europesays.com\/fr\/wp-json\/wp\/v2\/media?parent=792025"}],"wp:term":[{"taxonomy":"category","embeddable":true,"href":"https:\/\/www.europesays.com\/fr\/wp-json\/wp\/v2\/categories?post=792025"},{"taxonomy":"post_tag","embeddable":true,"href":"https:\/\/www.europesays.com\/fr\/wp-json\/wp\/v2\/tags?post=792025"}],"curies":[{"name":"wp","href":"https:\/\/api.w.org\/{rel}","templated":true}]}}