{"id":792113,"date":"2026-03-11T21:30:16","date_gmt":"2026-03-11T21:30:16","guid":{"rendered":"https:\/\/www.europesays.com\/fr\/792113\/"},"modified":"2026-03-11T21:30:16","modified_gmt":"2026-03-11T21:30:16","slug":"klopp-cible-en-allemagne-loption-tres-plausible","status":"publish","type":"post","link":"https:\/\/www.europesays.com\/fr\/792113\/","title":{"rendered":"Klopp cibl\u00e9 en Allemagne, l&rsquo;option \u00ab\u00a0tr\u00e8s plausible\u00a0\u00bb"},"content":{"rendered":"<p>L&rsquo;actuel directeur du football mondial de<br \/>\nRed Bull suscite de vives convoitises au sein de la f\u00e9d\u00e9ration de<br \/>\nson pays natal.<\/p>\n<p>Depuis son d\u00e9part de Liverpool en juin 2024 et sa reconversion<br \/>\nen janvier 2025 au poste de directeur du football de la galaxie Red<br \/>\nBull, J\u00fcrgen Klopp continue de faire parler de lui. Ces derni\u00e8res<br \/>\nsemaines, le technicien allemand a tour \u00e0 tour \u00e9t\u00e9 associ\u00e9 au Real<br \/>\nMadrid et \u00e0 l\u2019Atl\u00e9tico Madrid dans la perspective d\u2019un \u00e9ventuel<br \/>\nretour sur un banc.<\/p>\n<p>Et selon les informations du quotidien allemand Bild,<br \/>\nl\u2019ancien entra\u00eeneur des Reds pourrait rapidement revenir sur le<br \/>\ndevant de la sc\u00e8ne. Le m\u00e9dia d\u2019outre-Rhin affirme en effet que son<br \/>\nnom figurerait sur une short-list de candidats envisag\u00e9s pour<br \/>\nprendre les r\u00eanes de la s\u00e9lection allemande.<\/p>\n<p>Un changement apr\u00e8s le Mondial 2026 ?<\/p>\n<p>Toujours d\u2019apr\u00e8s nos confr\u00e8res, la F\u00e9d\u00e9ration allemande et<br \/>\nl\u2019entourage de Klopp auraient d\u00e9j\u00e0 entam\u00e9 plusieurs discussions.<br \/>\nPour l\u2019heure, l\u2019actuel s\u00e9lectionneur de la Mannschaft, Julian<br \/>\nNagelsmann, reste sous contrat jusqu\u2019en juillet 2028. L\u2019option du<br \/>\nStuttgartois est toutefois jug\u00e9e \u00ab tr\u00e8s plausible \u00bb au sein de la<br \/>\nDFB en cas de changement apr\u00e8s la Coupe du monde.<\/p>\n<p>EN BREF<\/p>\n<ul class=\"bloc_resume_post_list\">\n<li>J\u00fcrgen Klopp, apr\u00e8s avoir quitt\u00e9 Liverpool en juin 2024, est<br \/>\ndevenu directeur du football chez Red Bull en janvier 2025.<\/li>\n<li>Selon Bild, Klopp est sur une short-list pour devenir<br \/>\ns\u00e9lectionneur de l&rsquo;\u00e9quipe nationale allemande.<\/li>\n<li>Des discussions auraient d\u00e9j\u00e0 eu lieu entre la F\u00e9d\u00e9ration<br \/>\nallemande et l&rsquo;entourage de Klopp, bien que Julian Nagelsmann soit<br \/>\nsous contrat jusqu&rsquo;en 2028.<\/li>\n<\/ul>\n","protected":false},"excerpt":{"rendered":"L&rsquo;actuel directeur du football mondial de Red Bull suscite de vives convoitises au sein de la f\u00e9d\u00e9ration de&hellip;\n","protected":false},"author":2,"featured_media":792114,"comment_status":"","ping_status":"","sticky":false,"template":"","format":"standard","meta":{"footnotes":"","_share_on_mastodon":"0"},"categories":[1587],"tags":[11,672,1804,1805,1803,1777,674,1801,12,1802],"class_list":["post-792113","post","type-post","status-publish","format-standard","has-post-thumbnail","category-allemagne","tag-actualites","tag-allemagne","tag-bundesrepublik-deutschland","tag-de","tag-deutschland","tag-eu","tag-europe","tag-germany","tag-news","tag-republique-federale-dallemagne"],"share_on_mastodon":{"url":"https:\/\/pubeurope.com\/@fr\/116212676977059941","error":""},"_links":{"self":[{"href":"https:\/\/www.europesays.com\/fr\/wp-json\/wp\/v2\/posts\/792113","targetHints":{"allow":["GET"]}}],"collection":[{"href":"https:\/\/www.europesays.com\/fr\/wp-json\/wp\/v2\/posts"}],"about":[{"href":"https:\/\/www.europesays.com\/fr\/wp-json\/wp\/v2\/types\/post"}],"author":[{"embeddable":true,"href":"https:\/\/www.europesays.com\/fr\/wp-json\/wp\/v2\/users\/2"}],"replies":[{"embeddable":true,"href":"https:\/\/www.europesays.com\/fr\/wp-json\/wp\/v2\/comments?post=792113"}],"version-history":[{"count":0,"href":"https:\/\/www.europesays.com\/fr\/wp-json\/wp\/v2\/posts\/792113\/revisions"}],"wp:featuredmedia":[{"embeddable":true,"href":"https:\/\/www.europesays.com\/fr\/wp-json\/wp\/v2\/media\/792114"}],"wp:attachment":[{"href":"https:\/\/www.europesays.com\/fr\/wp-json\/wp\/v2\/media?parent=792113"}],"wp:term":[{"taxonomy":"category","embeddable":true,"href":"https:\/\/www.europesays.com\/fr\/wp-json\/wp\/v2\/categories?post=792113"},{"taxonomy":"post_tag","embeddable":true,"href":"https:\/\/www.europesays.com\/fr\/wp-json\/wp\/v2\/tags?post=792113"}],"curies":[{"name":"wp","href":"https:\/\/api.w.org\/{rel}","templated":true}]}}