{"id":792528,"date":"2026-03-12T01:47:26","date_gmt":"2026-03-12T01:47:26","guid":{"rendered":"https:\/\/www.europesays.com\/fr\/792528\/"},"modified":"2026-03-12T01:47:26","modified_gmt":"2026-03-12T01:47:26","slug":"lhumoriste-yann-guillarme-de-passage-a-nantes","status":"publish","type":"post","link":"https:\/\/www.europesays.com\/fr\/792528\/","title":{"rendered":"L\u2019humoriste Yann Guillarme de passage \u00e0 Nantes"},"content":{"rendered":"<p>\u00c0 24\u00a0ans, Yann Guillarme avait tout ce que la vie bien rang\u00e9e promet\u00a0: un CDI, une maison, un chien, une tondeuse. Et pourtant, un jour, il coupe le moteur. J\u2019\u00e9tais s\u00fbr que la situation dans laquelle j\u2019\u00e9tais n\u2019\u00e9tait pas celle \u00e0 laquelle j\u2019aspirais, confie-t-il.<\/p>\n<p>\u00abJe pense que les gens ne seraient pas contre qu\u2019on parte en vacances ensemble\u00bb<\/p>\n<p>N\u00e9 \u00e0 Quimper, grandi dans les Monts du Lyonnais, il quitte tout pour Lyon et pousse la porte de l\u2019Acting Studio. L\u00e0, il d\u00e9couvre le th\u00e9\u00e2tre, les grands textes, et surtout une ivresse culturelle qui ne le quittera plus.<\/p>\n<p>Pendant vingt ans, il joue Moli\u00e8re, Shakespeare, du boulevard, des cr\u00e9ations. Il fa\u00e7onne son clown, apprend son m\u00e9tier comme un artisan. Il accumule les heures de sc\u00e8ne, les textes, les rencontres, jusqu\u2019\u00e0 trouver une forme de justesse\u00a0: \u00eatre, et ne plus jouer \u00e0 \u00eatre.<\/p>\n<p>Depuis trois ans, il s\u2019est consacr\u00e9 enti\u00e8rement au stand up. Les comedy clubs deviennent son ring\u00a0: Ce sont des salles de boxe. Tu t\u2019entra\u00eenes, tu tapes dans le sac. Son humour, populaire, g\u00e9n\u00e9reux, organique, m\u00eale vannes cisel\u00e9es et pr\u00e9sence th\u00e9\u00e2trale. Il se d\u00e9crit comme un bobeauf, un boomer moderne coinc\u00e9 entre l\u2019\u00e9ducation d\u2019hier et le monde de son fils de 11\u00a0ans. Lui, il a d\u00e9j\u00e0 une ouverture qui me fascine. Cette sinc\u00e9rit\u00e9, il l\u2019a port\u00e9e jusqu\u2019\u00e0 Quotidien, o\u00f9 il intervient chaque vendredi depuis septembre\u00a02025. La star, c\u2019est l\u2019\u00e9mission. Personne ne t\u2019attend. C\u2019est \u00e0 toi de t\u2019adapter. Mais il y a trouv\u00e9 sa place sans trahir son univers\u00a0: ce qu\u2019il dit \u00e0 la t\u00e9l\u00e9, il le dit aussi sur sc\u00e8ne.<\/p>\n<p>LIRE AUSSI.<a href=\"https:\/\/nantes.maville.com\/actu\/actudet_-un-casting-est-lance-pour-le-tournage-d-un-long-metrage-en-loire-atlantique-voici-les-profils-recherches-_8-7225891_actu.Htm?utm_source=troove&amp;utm_medium=site\" rel=\"nofollow noopener\" target=\"_blank\"> Un casting est lanc\u00e9 pour le tournage d\u2019un long-m\u00e9trage en Loire-Atlantique : voici les profils recherch\u00e9s<\/a><\/p>\n<p>Des soir\u00e9es \u00e0 Nantes \u00ab toujours belles \u00bb<\/p>\n<p>Son spectacle Libre\u00a0! n\u2019est pas un manifeste, mais une promesse\u00a0: rire fort, tout de suite. Comme une soir\u00e9e \u00e9lectro qui d\u00e9marre d\u00e8s la premi\u00e8re seconde. Une libert\u00e9 int\u00e9rieure, une invitation \u00e0 se laisser aller. Sur sc\u00e8ne, il tutoie le public comme une famille \u00e9largie. Je pense que les gens ne seraient pas contre qu\u2019on parte en vacances ensemble. Il incarne parfois des personnages, raconte des situations personnelles, mais toujours pour mieux parler de tout le monde. On est tous le beauf de quelqu\u2019un. Son humour refuse les jugements rapides, les postures, les radicalit\u00e9s.<\/p>\n<p>Avec Nantes, l\u2019histoire est ancienne. Il a jou\u00e9 \u00e0 la Compagnie du Caf\u00e9 Th\u00e9\u00e2tre devant 30\u00a0personnes avec qui on a hyper sympathis\u00e9, et qui reviennent \u00e0 chaque fois. Il y a une histoire qui se tisse entre les Nantais et moi. Et puis je suis breton\u2026 autant qu\u2019eux\u00a0! sourit-il. Le public, dit-il, y est incroyable, et les soir\u00e9es, toujours belles.<\/p>\n<p>S\u2019il devait parler au jeune directeur de magasin qu\u2019il \u00e9tait, il lui dirait simplement\u00a0: Fais exactement ce que tu veux faire. \u00c7a va \u00eatre cool. Et \u00e0 ceux qui viendront le voir, il glisse une pens\u00e9e\u00a0: ne pas chercher \u00e0 \u00eatre brillants, mais \u00e0 \u00eatre heureux \u2014 comme si chaque jour \u00e9tait le premier jour du reste de la vie.<\/p>\n<p>\u00a0<\/p>\n","protected":false},"excerpt":{"rendered":"\u00c0 24\u00a0ans, Yann Guillarme avait tout ce que la vie bien rang\u00e9e promet\u00a0: un CDI, une maison, un&hellip;\n","protected":false},"author":2,"featured_media":792529,"comment_status":"","ping_status":"","sticky":false,"template":"","format":"standard","meta":{"footnotes":"","_share_on_mastodon":"0"},"categories":[2818],"tags":[1111,11,1777,674,1011,27,87244,2701,766,12,15199,2636,25,3272,23638],"class_list":["post-792528","post","type-post","status-publish","format-standard","has-post-thumbnail","category-nantes","tag-actu","tag-actualites","tag-eu","tag-europe","tag-fr","tag-france","tag-guillarme","tag-humoriste","tag-nantes","tag-news","tag-passage","tag-pays-de-la-loire","tag-republique-francaise","tag-saint-nazaire","tag-yann"],"share_on_mastodon":{"url":"https:\/\/pubeurope.com\/@fr\/116213687593353823","error":""},"_links":{"self":[{"href":"https:\/\/www.europesays.com\/fr\/wp-json\/wp\/v2\/posts\/792528","targetHints":{"allow":["GET"]}}],"collection":[{"href":"https:\/\/www.europesays.com\/fr\/wp-json\/wp\/v2\/posts"}],"about":[{"href":"https:\/\/www.europesays.com\/fr\/wp-json\/wp\/v2\/types\/post"}],"author":[{"embeddable":true,"href":"https:\/\/www.europesays.com\/fr\/wp-json\/wp\/v2\/users\/2"}],"replies":[{"embeddable":true,"href":"https:\/\/www.europesays.com\/fr\/wp-json\/wp\/v2\/comments?post=792528"}],"version-history":[{"count":0,"href":"https:\/\/www.europesays.com\/fr\/wp-json\/wp\/v2\/posts\/792528\/revisions"}],"wp:featuredmedia":[{"embeddable":true,"href":"https:\/\/www.europesays.com\/fr\/wp-json\/wp\/v2\/media\/792529"}],"wp:attachment":[{"href":"https:\/\/www.europesays.com\/fr\/wp-json\/wp\/v2\/media?parent=792528"}],"wp:term":[{"taxonomy":"category","embeddable":true,"href":"https:\/\/www.europesays.com\/fr\/wp-json\/wp\/v2\/categories?post=792528"},{"taxonomy":"post_tag","embeddable":true,"href":"https:\/\/www.europesays.com\/fr\/wp-json\/wp\/v2\/tags?post=792528"}],"curies":[{"name":"wp","href":"https:\/\/api.w.org\/{rel}","templated":true}]}}