{"id":79340,"date":"2025-05-06T13:09:09","date_gmt":"2025-05-06T13:09:09","guid":{"rendered":"https:\/\/www.europesays.com\/fr\/79340\/"},"modified":"2025-05-06T13:09:09","modified_gmt":"2025-05-06T13:09:09","slug":"de-gros-bouchons-sur-la25-et-la1","status":"publish","type":"post","link":"https:\/\/www.europesays.com\/fr\/79340\/","title":{"rendered":"de gros bouchons sur l&rsquo;A25 et l&rsquo;A1"},"content":{"rendered":"<p>            Par<br \/>\n        <strong><br \/>\n            <a href=\"https:\/\/actu.fr\/auteur\/hervine-mahaud\" title=\"Consulter tous les articles de Hervine Mahaud\" target=\"_blank\" rel=\"noopener\">Hervine Mahaud<\/a><br \/>\n        <\/strong><\/p>\n<p>        Publi\u00e9 le<\/p>\n<p>            6 mai 2025 \u00e0 15h05        <\/p>\n<p>\u00c7a bouchonne cet apr\u00e8s-midi autour de <b>Lille<\/b>. Peu apr\u00e8s 14h, un <b>accident<\/b> entre un <b>poids-lourd<\/b> et une <b>voiture<\/b> s\u2019est produit en <b>d\u00e9but d\u2019autoroute A25 en direction de Dunkerque<\/b>. Un <b>bouchon<\/b> s\u2019est form\u00e9 en amont de l\u2019<b>accident<\/b>.<\/p>\n<p>Au niveau de la jonction entre l\u2019A25 et l\u2019A1<\/p>\n<p class=\" wall-content\">La collision a eu lieu en d\u00e9but d\u2019autoroute A25 en direction de Dunkerque, \u00ab\u00a0juste apr\u00e8s le viaduc de jonction entre l\u2019A1 et le boulevard p\u00e9riph\u00e9rique sud de l\u2019A25\u00a0\u00bb, d\u00e9taille la cellule de la vigilance routi\u00e8re.<\/p>\n<p>      <img   decoding=\"async\" loading=\"lazy\" class=\"size-large\" src=\"https:\/\/www.europesays.com\/fr\/wp-content\/uploads\/2025\/05\/f75ce0690a186c06ce0690a18b66cev-960x640.jpg\" alt=\"L'accident s'est produit au niveau de la jonction entre l'A1 et l'A25.\" width=\"960\" height=\"640\"\/><br \/>\n    L\u2019accident s\u2019est produit au niveau de la jonction entre l\u2019A1 et l\u2019A25. \u00a9Capture d\u2019\u00e9cran Waze<\/p>\n<p class=\" wall-content\">La voie de gauche a ainsi d\u00fb \u00eatre neutralis\u00e9e, ce qui a eu pour effet de cr\u00e9er des ralentissements. \u00ab\u00a0Un bouchon de 5km s\u2019est form\u00e9 de Faches-Thumesnil jusqu\u2019au lieu de l\u2019accident\u00a0\u00bb, ajoute la pr\u00e9fecture.<\/p>\n<p class=\" wall-content\">\u00c0 15h, la voie de gauche a finalement \u00e9t\u00e9 lib\u00e9r\u00e9e, permettant au bouchon de se r\u00e9sorber rapidement.<\/p>\n<p class=\" wall-content\">Suivez toute l\u2019actualit\u00e9 de vos villes et m\u00e9dias favoris en vous inscrivant \u00e0 <a href=\"https:\/\/moncompte.actu.fr\" title=\"D\u00e9couvez Mon Actu\" rel=\"nofollow noopener\" data-trk=\"{&quot;cta&quot;:{&quot;action&quot;:&quot;https:\\\/\\\/moncompte.actu.fr&quot;,&quot;category&quot;:&quot;mon compte&quot;,&quot;from&quot;:&quot;article footer&quot;,&quot;name&quot;:&quot;Mon actu&quot;,&quot;type&quot;:&quot;cta&quot;}}\" target=\"_blank\">Mon Actu<\/a>.<\/p>\n","protected":false},"excerpt":{"rendered":"Par Hervine Mahaud Publi\u00e9 le 6 mai 2025 \u00e0 15h05 \u00c7a bouchonne cet apr\u00e8s-midi autour de Lille. Peu&hellip;\n","protected":false},"author":2,"featured_media":79341,"comment_status":"","ping_status":"","sticky":false,"template":"","format":"standard","meta":{"footnotes":""},"categories":[2815],"tags":[119,1111,11,3542,1777,674,1011,27,811,803,1307,12,25,104],"class_list":{"0":"post-79340","1":"post","2":"type-post","3":"status-publish","4":"format-standard","5":"has-post-thumbnail","7":"category-lille","8":"tag-accident","9":"tag-actu","10":"tag-actualites","11":"tag-circulation","12":"tag-eu","13":"tag-europe","14":"tag-fr","15":"tag-france","16":"tag-hauts-de-france","17":"tag-info-trafic","18":"tag-lille","19":"tag-news","20":"tag-republique-francaise","21":"tag-societe"},"share_on_mastodon":{"url":"https:\/\/pubeurope.com\/@fr\/114461053079616520","error":""},"_links":{"self":[{"href":"https:\/\/www.europesays.com\/fr\/wp-json\/wp\/v2\/posts\/79340","targetHints":{"allow":["GET"]}}],"collection":[{"href":"https:\/\/www.europesays.com\/fr\/wp-json\/wp\/v2\/posts"}],"about":[{"href":"https:\/\/www.europesays.com\/fr\/wp-json\/wp\/v2\/types\/post"}],"author":[{"embeddable":true,"href":"https:\/\/www.europesays.com\/fr\/wp-json\/wp\/v2\/users\/2"}],"replies":[{"embeddable":true,"href":"https:\/\/www.europesays.com\/fr\/wp-json\/wp\/v2\/comments?post=79340"}],"version-history":[{"count":0,"href":"https:\/\/www.europesays.com\/fr\/wp-json\/wp\/v2\/posts\/79340\/revisions"}],"wp:featuredmedia":[{"embeddable":true,"href":"https:\/\/www.europesays.com\/fr\/wp-json\/wp\/v2\/media\/79341"}],"wp:attachment":[{"href":"https:\/\/www.europesays.com\/fr\/wp-json\/wp\/v2\/media?parent=79340"}],"wp:term":[{"taxonomy":"category","embeddable":true,"href":"https:\/\/www.europesays.com\/fr\/wp-json\/wp\/v2\/categories?post=79340"},{"taxonomy":"post_tag","embeddable":true,"href":"https:\/\/www.europesays.com\/fr\/wp-json\/wp\/v2\/tags?post=79340"}],"curies":[{"name":"wp","href":"https:\/\/api.w.org\/{rel}","templated":true}]}}