{"id":79344,"date":"2025-05-06T13:11:10","date_gmt":"2025-05-06T13:11:10","guid":{"rendered":"https:\/\/www.europesays.com\/fr\/79344\/"},"modified":"2025-05-06T13:11:10","modified_gmt":"2025-05-06T13:11:10","slug":"la-trilogie-de-pagnol-marius-fanny-cesar-adaptee-en-deux-pieces-au-theatre-du-lacydon-a-marseille","status":"publish","type":"post","link":"https:\/\/www.europesays.com\/fr\/79344\/","title":{"rendered":"La trilogie de Pagnol \u00ab\u00a0Marius, Fanny, C\u00e9sar\u00a0\u00bb adapt\u00e9e en deux pi\u00e8ces au th\u00e9\u00e2tre du Lacydon \u00e0 Marseille"},"content":{"rendered":"<p class=\"rev-margin-0 rev-text-xs-normal\">Les deux sc\u00e8nes sont ind\u00e9pendantes. \u00ab\u00a0&lsquo;Marius et Fanny&rsquo;, c\u2019est le c\u00f4t\u00e9 le plus comique. &lsquo;Fanny et C\u00e9sar&rsquo;, c\u2019est la vie d\u2019adulte de Fanny avec un c\u00f4t\u00e9 plus dramatique\u00a0\u00bb.<\/p>\n<p class=\"rev-margin-0 rev-text-xs-bold\">La Provence \/ J.J.<\/p>\n<p>Que les amoureux de l\u2019\u0153uvre de Marcel Pagnol se manifestent. Le th\u00e9\u00e2tre du Lacydon \u00e0 <a href=\"https:\/\/www.laprovence.com\/ville\/marseille\" target=\"_blank\" rel=\"noopener\">Marseille<\/a> propose une adaptation de la trilogie \u00ab\u00a0Marius, Fanny, C\u00e9sar\u00a0\u00bb en deux pi\u00e8ces. Une premi\u00e8re partie, \u00ab\u00a0Marius et Fanny\u00a0\u00bb ce samedi 10\u00a0mai (20h30) et dimanche 11\u00a0mai (14h30), la seconde le week-end suivant aux m\u00eames horaires.<\/p>\n<p>Un accompagnement au piano-voix<\/p>\n<p>Le Lacydon, ce charmant th\u00e9\u00e2tre nich\u00e9 au bord du quartier iconique du Panier, mont\u00e9e du Saint-Esprit (2e), entretient une longue histoire d\u2019amour avec les cr\u00e9ations de l\u2019auteur aubagnais. \u00ab\u00a0Les pi\u00e8ces Marius et Fanny \u00e9taient jou\u00e9es ici depuis les ann\u00e9es\u00a070, rembobine C\u00e9cile Esposito, la metteur en sc\u00e8ne de cette nouvelle adaptation. Les derni\u00e8res repr\u00e9sentations \u00e9taient il y a 10\u00a0ans\u00a0\u00bb.<\/p>\n<p>Pouss\u00e9e notamment par le pr\u00e9sident de l\u2019association il y a quelques ann\u00e9es, celle qui est professeur de fran\u00e7ais dans la vie quotidienne a m\u00fbri longuement son projet. Amoureuse du patrimoine culturel proven\u00e7al, C\u00e9cile Esposito a voulu faire d\u00e9couvrir (ou red\u00e9couvrir pour beaucoup) la trilogie. \u00ab\u00a0Je voulais \u00e0 tout prix int\u00e9grer&rsquo;C\u00e9sar&rsquo;qui est une partie pens\u00e9e pour le cin\u00e9ma. L\u2019important, c\u2019est que ce patrimoine marseillais reste accessible \u00e0 tous et surtout aux plus jeunes\u00a0\u00bb.<\/p>\n<p>Pour cela, un travail d\u2019adaptation dantesque a d\u00fb \u00eatre effectu\u00e9. Pas question l\u00e0 de r\u00e9\u00e9crire les textes de Pagnol, les dialogues sont parfaitement identiques. Mais des sc\u00e8nes et des portions ont \u00e9t\u00e9 pass\u00e9es pour condenser la trilogie en deux pi\u00e8ces d\u2019un peu plus de 2\u00a0heures. \u00ab\u00a0Les deux parties sont ind\u00e9pendantes, sourit C\u00e9cile Esposito. Si vous n\u2019avez pas vu la premi\u00e8re partie, elle sera r\u00e9sum\u00e9e gr\u00e2ce \u00e0 des photos projet\u00e9es avant le spectacle\u00a0\u00bb. Pour accompagner les \u00e9changes des acteurs &#8211; tous amateurs &#8211; Fr\u00e9d\u00e9rique Bertrand les accompagnera au piano-voix pour une ambiance immersive et r\u00e9ussie.<\/p>\n<p>Mais rassurez-vous, le Lacydon entend bien renouer avec l\u2019<a href=\"https:\/\/www.laprovence.com\/article\/culture-loisirs\/9069626385900814\/parcours-litteraires-en-provence-organise-une-promenade-sur-les-traces-de-marcel-pagnol-autour-d-aubagne\" target=\"_blank\" rel=\"noopener\">\u0153uvre de Pagnol<\/a>. Et envisage, \u00e0 l\u2019instar de la pastorale des santons, de p\u00e9renniser cette adaptation chaque mois d\u2019avril.<\/p>\n<p>Premi\u00e8re partie\u00a0: \u00ab\u00a0Marius et Fanny\u00a0\u00bb, samedi 10\u00a0mai (20h30) et dimanche 11\u00a0mai (14h30). Deuxi\u00e8me partie\u00a0: \u00ab\u00a0Fanny et C\u00e9sar\u00a0\u00bb, samedi 17\u00a0mai et dimanche 18\u00a0mai aux m\u00eames horaires. Th\u00e9\u00e2tre du Lacydon, 3 mont\u00e9e du Saint-Esprit (Marseille 2e). R\u00e9sa\u00a0: 04\u00a091\u00a090\u00a096\u00a070 (quelques places sont encore disponibles)<\/p>\n<p><img alt=\"\" loading=\"lazy\" width=\"18\" height=\"18\" decoding=\"async\" data-nimg=\"1\" class=\"mx-[8px]\" style=\"color:transparent\" src=\"https:\/\/www.europesays.com\/fr\/wp-content\/uploads\/2025\/04\/comment.b95dda91.svg.svg+xml\"\/>D\u00e9marrez la conversation<\/p>\n<p class=\"text-[1.8rem] mt-[32px]\">Votre opinion compte pour nous. Rejoignez la communaut\u00e9 laprovence.com en r\u00e9agissant sur l&rsquo;article La trilogie de Pagnol \u00ab\u00a0Marius, Fanny, C\u00e9sar\u00a0\u00bb adapt\u00e9e en deux pi\u00e8ces au th\u00e9\u00e2tre du Lacydon \u00e0 Marseille.<\/p>\n","protected":false},"excerpt":{"rendered":"Les deux sc\u00e8nes sont ind\u00e9pendantes. \u00ab\u00a0&lsquo;Marius et Fanny&rsquo;, c\u2019est le c\u00f4t\u00e9 le plus comique. &lsquo;Fanny et C\u00e9sar&rsquo;, c\u2019est&hellip;\n","protected":false},"author":2,"featured_media":79345,"comment_status":"","ping_status":"","sticky":false,"template":"","format":"standard","meta":{"footnotes":""},"categories":[2814],"tags":[17,1111,11,18596,18595,4070,1777,674,18594,1011,27,18593,884,12,18592,882,16,25,18591],"class_list":{"0":"post-79344","1":"post","2":"type-post","3":"status-publish","4":"format-standard","5":"has-post-thumbnail","7":"category-marseille","8":"tag-17","9":"tag-actu","10":"tag-actualites","11":"tag-adaptee","12":"tag-cesar","13":"tag-deux","14":"tag-eu","15":"tag-europe","16":"tag-fanny","17":"tag-fr","18":"tag-france","19":"tag-marius","20":"tag-marseille","21":"tag-news","22":"tag-pagnol","23":"tag-provence-alpes-cote-dazur","24":"tag-region","25":"tag-republique-francaise","26":"tag-trilogie"},"share_on_mastodon":{"url":"https:\/\/pubeurope.com\/@fr\/114461060983567609","error":""},"_links":{"self":[{"href":"https:\/\/www.europesays.com\/fr\/wp-json\/wp\/v2\/posts\/79344","targetHints":{"allow":["GET"]}}],"collection":[{"href":"https:\/\/www.europesays.com\/fr\/wp-json\/wp\/v2\/posts"}],"about":[{"href":"https:\/\/www.europesays.com\/fr\/wp-json\/wp\/v2\/types\/post"}],"author":[{"embeddable":true,"href":"https:\/\/www.europesays.com\/fr\/wp-json\/wp\/v2\/users\/2"}],"replies":[{"embeddable":true,"href":"https:\/\/www.europesays.com\/fr\/wp-json\/wp\/v2\/comments?post=79344"}],"version-history":[{"count":0,"href":"https:\/\/www.europesays.com\/fr\/wp-json\/wp\/v2\/posts\/79344\/revisions"}],"wp:featuredmedia":[{"embeddable":true,"href":"https:\/\/www.europesays.com\/fr\/wp-json\/wp\/v2\/media\/79345"}],"wp:attachment":[{"href":"https:\/\/www.europesays.com\/fr\/wp-json\/wp\/v2\/media?parent=79344"}],"wp:term":[{"taxonomy":"category","embeddable":true,"href":"https:\/\/www.europesays.com\/fr\/wp-json\/wp\/v2\/categories?post=79344"},{"taxonomy":"post_tag","embeddable":true,"href":"https:\/\/www.europesays.com\/fr\/wp-json\/wp\/v2\/tags?post=79344"}],"curies":[{"name":"wp","href":"https:\/\/api.w.org\/{rel}","templated":true}]}}