{"id":793519,"date":"2026-03-12T12:26:16","date_gmt":"2026-03-12T12:26:16","guid":{"rendered":"https:\/\/www.europesays.com\/fr\/793519\/"},"modified":"2026-03-12T12:26:16","modified_gmt":"2026-03-12T12:26:16","slug":"la-fin-du-reseau-cuivre-approche-1700-foyers-doivent-encore-passer-a-la-fibre","status":"publish","type":"post","link":"https:\/\/www.europesays.com\/fr\/793519\/","title":{"rendered":"La fin du r\u00e9seau cuivre approche 1700 foyers doivent encore passer \u00e0 la fibre"},"content":{"rendered":"<p>                    Par<br \/>\n        <strong><br \/>\n            <a href=\"https:\/\/actu.fr\/auteur\/maxime-dellaguardia\" title=\"Consulter tous les articles de Maxime Della Guardia\" rel=\"nofollow noopener\" target=\"_blank\">Maxime Della Guardia<\/a><br \/>\n                    <\/strong><\/p>\n<p>        Publi\u00e9 le<\/p>\n<p>            12 mars 2026 \u00e0 12h33        <\/p>\n<p>C\u2019est une petite page qui se tourne \u00e0 <a href=\"https:\/\/actu.fr\/provence-alpes-cote-d-azur\/sanary-sur-mer_83123\" rel=\"nofollow noopener\" target=\"_blank\">Sanary-sur-Mer<\/a>. <strong>L\u2019ADSL<\/strong> utilis\u00e9 pour le t\u00e9l\u00e9phone fixe et l\u2019acc\u00e8s \u00e0 internet va d\u00e9finitivement <strong>dispara\u00eetre<\/strong>. Le r\u00e9seau cuivre est progressivement remplac\u00e9 par la <strong>fibre<\/strong> optique. Cette \u00e9volution s\u2019inscrit dans le cadre du Plan France Tr\u00e8s Haut D\u00e9bit, port\u00e9 par <strong>l\u2019\u00c9tat<\/strong>, les collectivit\u00e9s et les op\u00e9rateurs, afin de moderniser les infrastructures num\u00e9riques sur l\u2019ensemble du <strong>territoire<\/strong>.\u00a0\u00a0<\/p>\n<p>Une transition vers la fibre<\/p>\n<p class=\" wall-content\">Depuis le 31 janvier 2026, une <strong>\u00e9tape<\/strong> importante a \u00e9t\u00e9 franchie. La fermeture commerciale du <strong>r\u00e9seau<\/strong> cuivre d\u00e9bute. Concr\u00e8tement, les op\u00e9rateurs ne peuvent plus proposer de nouvelles <strong>lignes<\/strong> utilisant cette technologie. Les abonn\u00e9s qui disposent encore d\u2019une telle installation ou d\u2019une ligne t\u00e9l\u00e9phonique classique sont invit\u00e9s \u00e0 anticiper leur passage \u00e0 la <strong>fibre<\/strong>, pour \u00e9viter toute <strong>interruption<\/strong> de service.\u00a0<\/p>\n<p class=\" wall-content\">La Municipalit\u00e9 alerte sur la n\u00e9cessit\u00e9 de rester vigilant face aux <strong>arnaques<\/strong>. En effet, le risque majeur se trouve dans le <strong>d\u00e9marchage<\/strong> abusif que pourrait entra\u00eener cette situation. En cas de doute, les habitants peuvent signaler toute pratique suspecte aupr\u00e8s de la mairie.\u00a0<\/p>\n<p class=\" wall-content\">La transition est d\u00e9j\u00e0 bien <strong>engag\u00e9e<\/strong> avec moins de 10% des lignes ADSL encore actives. Cela repr\u00e9sente environ 1 700 foyers ou locaux professionnels toujours <strong>connect\u00e9s<\/strong> au r\u00e9seau cuivre. Sa fermeture d\u00e9finitive interviendra, au plus tard, le 31 janvier 2027.<\/p>\n<p class=\" wall-content\">Personnalisez votre actualit\u00e9 en ajoutant vos villes et m\u00e9dias en favori avec <a href=\"https:\/\/moncompte.actu.fr\" title=\"D\u00e9couvez Mon Actu\" rel=\"nofollow noopener\" data-trk=\"{&quot;cta&quot;:{&quot;action&quot;:&quot;https:\\\/\\\/moncompte.actu.fr&quot;,&quot;category&quot;:&quot;mon compte&quot;,&quot;from&quot;:&quot;article footer&quot;,&quot;name&quot;:&quot;Mon actu&quot;,&quot;type&quot;:&quot;cta&quot;}}\" target=\"_blank\">Mon Actu<\/a>.<\/p>\n","protected":false},"excerpt":{"rendered":"Par Maxime Della Guardia Publi\u00e9 le 12 mars 2026 \u00e0 12h33 C\u2019est une petite page qui se tourne&hellip;\n","protected":false},"author":2,"featured_media":793520,"comment_status":"","ping_status":"","sticky":false,"template":"","format":"standard","meta":{"footnotes":"","_share_on_mastodon":"0"},"categories":[9619],"tags":[1111,11,1777,674,960,1011,27,12,882,25,104,2310],"class_list":["post-793519","post","type-post","status-publish","format-standard","has-post-thumbnail","category-toulon","tag-actu","tag-actualites","tag-eu","tag-europe","tag-fibre-optique","tag-fr","tag-france","tag-news","tag-provence-alpes-cote-dazur","tag-republique-francaise","tag-societe","tag-toulon"],"share_on_mastodon":{"url":"https:\/\/pubeurope.com\/@fr\/116216200403507595","error":""},"_links":{"self":[{"href":"https:\/\/www.europesays.com\/fr\/wp-json\/wp\/v2\/posts\/793519","targetHints":{"allow":["GET"]}}],"collection":[{"href":"https:\/\/www.europesays.com\/fr\/wp-json\/wp\/v2\/posts"}],"about":[{"href":"https:\/\/www.europesays.com\/fr\/wp-json\/wp\/v2\/types\/post"}],"author":[{"embeddable":true,"href":"https:\/\/www.europesays.com\/fr\/wp-json\/wp\/v2\/users\/2"}],"replies":[{"embeddable":true,"href":"https:\/\/www.europesays.com\/fr\/wp-json\/wp\/v2\/comments?post=793519"}],"version-history":[{"count":0,"href":"https:\/\/www.europesays.com\/fr\/wp-json\/wp\/v2\/posts\/793519\/revisions"}],"wp:featuredmedia":[{"embeddable":true,"href":"https:\/\/www.europesays.com\/fr\/wp-json\/wp\/v2\/media\/793520"}],"wp:attachment":[{"href":"https:\/\/www.europesays.com\/fr\/wp-json\/wp\/v2\/media?parent=793519"}],"wp:term":[{"taxonomy":"category","embeddable":true,"href":"https:\/\/www.europesays.com\/fr\/wp-json\/wp\/v2\/categories?post=793519"},{"taxonomy":"post_tag","embeddable":true,"href":"https:\/\/www.europesays.com\/fr\/wp-json\/wp\/v2\/tags?post=793519"}],"curies":[{"name":"wp","href":"https:\/\/api.w.org\/{rel}","templated":true}]}}