{"id":793839,"date":"2026-03-12T15:44:14","date_gmt":"2026-03-12T15:44:14","guid":{"rendered":"https:\/\/www.europesays.com\/fr\/793839\/"},"modified":"2026-03-12T15:44:14","modified_gmt":"2026-03-12T15:44:14","slug":"personne-ne-sy-attendait-slimane-reprend-les-sardines-de-patrick-sebastien","status":"publish","type":"post","link":"https:\/\/www.europesays.com\/fr\/793839\/","title":{"rendered":"Personne ne s\u2019y attendait, Slimane reprend \u00ab\u00a0Les Sardines\u00a0\u00bb de Patrick S\u00e9bastien"},"content":{"rendered":"<p>Dans un coin de plateau belge, un soir de f\u00e9vrier 2018, personne<br \/>\nne s&rsquo;attendait vraiment \u00e0 entendre un candidat embl\u00e9matique de<br \/>\nThe Voice France s&#8217;emparer d&rsquo;un tube de fin de soir\u00e9e<br \/>\nsign\u00e9 Patrick S\u00e9bastien. Quand <strong>Slimane<\/strong> commence \u00e0<br \/>\nentonner \u00ab\u00a0Les Sardines\u00a0\u00bb, l&rsquo;ambiance bascule.<\/p>\n<p>Invit\u00e9 de l&rsquo;\u00e9mission 69 minutes sans chichis sur La<br \/>\nDeux, le chanteur vient pr\u00e9senter son deuxi\u00e8me album<br \/>\nSolune, contraction de \u00ab\u00a0soleil\u00a0\u00bb et \u00ab\u00a0lune\u00a0\u00bb, et parler de<br \/>\nson nouveau r\u00f4le de coach dans The Voice Belgique. Entre<br \/>\ndeux confidences tr\u00e8s personnelles, il offre surtout une version<br \/>\ntotalement inattendue de \u00ab\u00a0Les Sardines\u00a0\u00bb qui donne envie de revoir<br \/>\nla s\u00e9quence.<\/p>\n<p>Slimane entre ann\u00e9es gal\u00e8res, \u00ab\u00a0Solune\u00a0\u00bb et moment de t\u00e9l\u00e9<br \/>\nimprovis\u00e9<\/p>\n<p>Sur le canap\u00e9 de Jo\u00eblle Scoriels, l&rsquo;artiste revient sur ses<br \/>\nd\u00e9buts difficiles, ces ann\u00e9es o\u00f9 il encha\u00eenait les petits boulots<br \/>\net les sc\u00e8nes minuscules. Il parle de ces gal\u00e8res comme de ses<br \/>\n\u00ab\u00a0plus belles ann\u00e9es de sa vie\u00a0\u00bb, avant de raconter ce que repr\u00e9sente<br \/>\npour lui son album Solune.<\/p>\n<p>\u00ab\u00a0C\u2019est un peu une mani\u00e8re de vivre, c\u2019est s\u2019accepter &#8211; essayer<br \/>\nde s\u2019accepter d\u00e9j\u00e0 &#8211; dans tout ce qu\u2019on est. Moi je peux \u00e9clater en<br \/>\nfou rire et une seconde plus tard \u00e9clater en sanglots, je suis<br \/>\nvraiment comme \u00e7a. J\u2019aime \u00eatre vivant, passionn\u00e9 et \u00ab\u00a0Solune\u00a0\u00bb c\u2019est<br \/>\nse donner le droit de l\u2019\u00eatre\u00a0\u00bb, a expliqu\u00e9 Slimane, cit\u00e9 par RTBF.<br \/>\nCe c\u00f4t\u00e9 tout ou rien, les t\u00e9l\u00e9spectateurs le connaissent d\u00e9j\u00e0 dans<br \/>\nson r\u00f4le de coach \u00ab\u00a0buzzer fou\u00a0\u00bb de The Voice Belgique, et<br \/>\nil va justement le mettre au service d&rsquo;une reprise pas comme les<br \/>\nautres.<\/p>\n<p>Une reprise intense de \u00ab\u00a0Les Sardines\u00a0\u00bb de Patrick S\u00e9bastien<\/p>\n<p>Au milieu de l&rsquo;entretien, la discussion glisse sur les chansons<br \/>\npopulaires et les titres qui mettent tout le monde debout.<br \/>\nForc\u00e9ment, \u00ab\u00a0Les Sardines\u00a0\u00bb arrivent sur la table. Ce titre<br \/>\nhumoristique de <strong>Patrick S\u00e9bastien<\/strong>, sorti en 2006<br \/>\nsur l\u2019album Pochette surprise, est devenu un classique de<br \/>\nf\u00eates, popularis\u00e9 aussi par Cyril Hanouna dans Touche pas \u00e0 mon<br \/>\nposte ! et sa fameuse danse de l&rsquo;\u00e9paule.<\/p>\n<p><img decoding=\"async\" itemprop=\"thumbnailUrl\" src=\"https:\/\/www.europesays.com\/fr\/wp-content\/uploads\/2025\/12\/logo.png\" alt=\"Closer\" width=\"70\"\/><\/p>\n<p>Plut\u00f4t que de se contenter d&rsquo;en rire, le chanteur joue le jeu<br \/>\njusqu&rsquo;au bout. Entre deux confidences, il offre au public une<br \/>\ninterpr\u00e9tation intense des \u00ab\u00a0Sardines\u00a0\u00bb de Patrick S\u00e9bastien, avant<br \/>\nde montrer toute l&rsquo;\u00e9tendue de son talent sur son titre \u00ab\u00a0Viens on<br \/>\ns&rsquo;aime\u00a0\u00bb. Le contraste entre la chanson potache et sa r\u00e9putation<br \/>\nd&rsquo;interpr\u00e8te \u00e0 \u00e9motions cr\u00e9e un d\u00e9calage qui marque les<br \/>\nt\u00e9l\u00e9spectateurs.<\/p>\n<p>Revoir \u00ab\u00a0Les Sardines\u00a0\u00bb de Slimane sur<br \/>\nRTBF Auvio<\/p>\n<p>Pour les curieux, l&rsquo;extrait est toujours disponible sur la<br \/>\nplateforme <strong>RTBF Auvio<\/strong>. Il suffit de cr\u00e9er un<br \/>\ncompte gratuit pour revoir cette parenth\u00e8se musicale dans son<br \/>\nint\u00e9gralit\u00e9, avec l&rsquo;interview, la reprise de \u00ab\u00a0Les Sardines\u00a0\u00bb et le<br \/>\nlive de \u00ab\u00a0Viens on s&rsquo;aime\u00a0\u00bb.<\/p>\n<p>Ce soir-l\u00e0 sur La Deux, <strong>\u00ab\u00a0Les Sardines\u00a0\u00bb<\/strong><br \/>\ns&rsquo;ajoutent aux reprises t\u00e9l\u00e9vis\u00e9es du r\u00e9pertoire de Patrick<br \/>\nS\u00e9bastien, d\u00e9j\u00e0 chant\u00e9es par Cyril Hanouna d\u00e9guis\u00e9 en Conchita<br \/>\nWurst \u00e0 l&rsquo;Olympia. Chez Slimane, ce d\u00e9tour par un tube de fin de<br \/>\nsoir\u00e9e fait \u00e9cho \u00e0 ce qu&rsquo;il confiait : rire et larmes, sans renier<br \/>\nla culture populaire.<\/p>\n","protected":false},"excerpt":{"rendered":"Dans un coin de plateau belge, un soir de f\u00e9vrier 2018, personne ne s&rsquo;attendait vraiment \u00e0 entendre un&hellip;\n","protected":false},"author":2,"featured_media":793840,"comment_status":"","ping_status":"","sticky":false,"template":"","format":"standard","meta":{"footnotes":"","_share_on_mastodon":"0"},"categories":[1355],"tags":[548,21303,1696,58,59,1011,27,70202,1361,873,549,65861],"class_list":["post-793839","post","type-post","status-publish","format-standard","has-post-thumbnail","category-musique","tag-article-simple","tag-buzz_nonli","tag-chanteur","tag-divertissement","tag-entertainment","tag-fr","tag-france","tag-marfeel_connexes","tag-music","tag-musique","tag-touche-pas-a-mon-poste","tag-trend"],"share_on_mastodon":{"url":"https:\/\/pubeurope.com\/@fr\/116216978866795556","error":""},"_links":{"self":[{"href":"https:\/\/www.europesays.com\/fr\/wp-json\/wp\/v2\/posts\/793839","targetHints":{"allow":["GET"]}}],"collection":[{"href":"https:\/\/www.europesays.com\/fr\/wp-json\/wp\/v2\/posts"}],"about":[{"href":"https:\/\/www.europesays.com\/fr\/wp-json\/wp\/v2\/types\/post"}],"author":[{"embeddable":true,"href":"https:\/\/www.europesays.com\/fr\/wp-json\/wp\/v2\/users\/2"}],"replies":[{"embeddable":true,"href":"https:\/\/www.europesays.com\/fr\/wp-json\/wp\/v2\/comments?post=793839"}],"version-history":[{"count":0,"href":"https:\/\/www.europesays.com\/fr\/wp-json\/wp\/v2\/posts\/793839\/revisions"}],"wp:featuredmedia":[{"embeddable":true,"href":"https:\/\/www.europesays.com\/fr\/wp-json\/wp\/v2\/media\/793840"}],"wp:attachment":[{"href":"https:\/\/www.europesays.com\/fr\/wp-json\/wp\/v2\/media?parent=793839"}],"wp:term":[{"taxonomy":"category","embeddable":true,"href":"https:\/\/www.europesays.com\/fr\/wp-json\/wp\/v2\/categories?post=793839"},{"taxonomy":"post_tag","embeddable":true,"href":"https:\/\/www.europesays.com\/fr\/wp-json\/wp\/v2\/tags?post=793839"}],"curies":[{"name":"wp","href":"https:\/\/api.w.org\/{rel}","templated":true}]}}