{"id":79400,"date":"2025-05-06T13:42:17","date_gmt":"2025-05-06T13:42:17","guid":{"rendered":"https:\/\/www.europesays.com\/fr\/79400\/"},"modified":"2025-05-06T13:42:17","modified_gmt":"2025-05-06T13:42:17","slug":"vezelise-un-jeu-de-loie-pour-la-fete-du-livre-a-lecole-marie-marvingt","status":"publish","type":"post","link":"https:\/\/www.europesays.com\/fr\/79400\/","title":{"rendered":"V\u00e9zelise. Un jeu de l\u2019oie pour la f\u00eate du livre \u00e0 l\u2019\u00e9cole Marie-Marvingt"},"content":{"rendered":"<p>C\u2019est avec le traditionnel jeu de l\u2019oie que les \u00e9l\u00e8ves des classes de CM1 et CM2 ont commenc\u00e9 l\u2019apr\u00e8s-midi d\u00e9di\u00e9 \u00e0 la f\u00eate du livre. Le but \u00e9tant de lancer le d\u00e9 et d\u2019avancer le plus vite possible. Mais attention, il ne suffisait pas seulement d\u2019aller de case en case. Pour avoir le droit d\u2019avancer \u00e0 nouveau et de relancer le d\u00e9, il fallait r\u00e9pondre \u00e0 des questions de litt\u00e9rature sur des \u0153uvres \u00e9tudi\u00e9es en cours.<\/p>\n<p>Les onze \u00e9quipes se sont donc lanc\u00e9es dans la course afin d\u2019arriver les premiers tout en r\u00e9pondant correctement aux questions.<\/p>\n","protected":false},"excerpt":{"rendered":"C\u2019est avec le traditionnel jeu de l\u2019oie que les \u00e9l\u00e8ves des classes de CM1 et CM2 ont commenc\u00e9&hellip;\n","protected":false},"author":2,"featured_media":79401,"comment_status":"","ping_status":"","sticky":false,"template":"","format":"standard","meta":{"footnotes":""},"categories":[1357],"tags":[1379,18599,58,1704,1057,59,1011,27,1380,10425,18598],"class_list":{"0":"post-79400","1":"post","2":"type-post","3":"status-publish","4":"format-standard","5":"has-post-thumbnail","7":"category-livres","8":"tag-books","9":"tag-cc-du-pays-du-saintois-54b","10":"tag-divertissement","11":"tag-edition-nancy-et-agglomeration","12":"tag-education","13":"tag-entertainment","14":"tag-fr","15":"tag-france","16":"tag-livres","17":"tag-maternelle-elementaire","18":"tag-vezelise"},"share_on_mastodon":{"url":"https:\/\/pubeurope.com\/@fr\/114461182872084186","error":""},"_links":{"self":[{"href":"https:\/\/www.europesays.com\/fr\/wp-json\/wp\/v2\/posts\/79400","targetHints":{"allow":["GET"]}}],"collection":[{"href":"https:\/\/www.europesays.com\/fr\/wp-json\/wp\/v2\/posts"}],"about":[{"href":"https:\/\/www.europesays.com\/fr\/wp-json\/wp\/v2\/types\/post"}],"author":[{"embeddable":true,"href":"https:\/\/www.europesays.com\/fr\/wp-json\/wp\/v2\/users\/2"}],"replies":[{"embeddable":true,"href":"https:\/\/www.europesays.com\/fr\/wp-json\/wp\/v2\/comments?post=79400"}],"version-history":[{"count":0,"href":"https:\/\/www.europesays.com\/fr\/wp-json\/wp\/v2\/posts\/79400\/revisions"}],"wp:featuredmedia":[{"embeddable":true,"href":"https:\/\/www.europesays.com\/fr\/wp-json\/wp\/v2\/media\/79401"}],"wp:attachment":[{"href":"https:\/\/www.europesays.com\/fr\/wp-json\/wp\/v2\/media?parent=79400"}],"wp:term":[{"taxonomy":"category","embeddable":true,"href":"https:\/\/www.europesays.com\/fr\/wp-json\/wp\/v2\/categories?post=79400"},{"taxonomy":"post_tag","embeddable":true,"href":"https:\/\/www.europesays.com\/fr\/wp-json\/wp\/v2\/tags?post=79400"}],"curies":[{"name":"wp","href":"https:\/\/api.w.org\/{rel}","templated":true}]}}