{"id":79410,"date":"2025-05-06T13:48:08","date_gmt":"2025-05-06T13:48:08","guid":{"rendered":"https:\/\/www.europesays.com\/fr\/79410\/"},"modified":"2025-05-06T13:48:08","modified_gmt":"2025-05-06T13:48:08","slug":"sur-france-5-natalie-portman-glorifie-augustin-trapenard","status":"publish","type":"post","link":"https:\/\/www.europesays.com\/fr\/79410\/","title":{"rendered":"Sur France 5, Natalie Portman glorifie Augustin Trapenard"},"content":{"rendered":"<p>Venue dans \u00abC \u00e0 vous\u00bb ce lundi 5 mai pour y d\u00e9fendre son nouveau film, The Fountain of Jouvance, la star am\u00e9ricaine a rendu hommage au talent du pr\u00e9sentateur de \u00abLa grande librairie\u00bb.<\/p>\n<p class=\"fig-paragraph\">Actrice, productrice, f\u00e9ministe, intellectuelle, d\u00e9fenseuse de la cause animale, fan de foot et francophile,\u00a0<a href=\"http:\/\/tvmag.lefigaro.fr\/programme-tv\/people\/les-parisiens-sont-tres-gentils-natalie-portman-contredit-les-cliches-sur-les-habitants-de-la-capitale-20250505\" target=\"_blank\" data-fig-type=\"Article\" rel=\"noopener\" data-gtm-custom-categorie=\"navigation\" data-gtm-custom-action=\"crossclick\" data-gtm-custom-label=\"Contextuel\" data-gtm-event=\"customEventSPE\" data-fig-domain=\"TVMAG\">Natalie Portman<\/a>\u00a0\u00e9tait hier l\u2019invit\u00e9e d\u2019Anne-Elisabeth Lemoine dans\u00a0<a href=\"https:\/\/tvmag.lefigaro.fr\/programme-tv\/programme\/c-a-vous-d629397959\" target=\"_blank\" rel=\"noopener\" data-gtm-custom-categorie=\"navigation\" data-gtm-custom-action=\"crossclick\" data-gtm-custom-label=\"Contextuel\" data-gtm-event=\"customEventSPE\">\u00abC \u00e0 Vous\u00bb<\/a>\u00a0dans le cadre de la promotion de The Fountain of Youth (en Fran\u00e7ais, la fontaine de jouvence) de\u00a0<a href=\"https:\/\/www.lefigaro.fr\/cinema\/the-gentlemen-guy-ritchie-revient-a-ses-fondamentaux-sur-canal-20210319\" target=\"_blank\" data-fig-type=\"Article\" rel=\"noopener\" data-gtm-custom-categorie=\"navigation\" data-gtm-custom-action=\"crossclick\" data-gtm-custom-label=\"Contextuel\" data-gtm-event=\"customEventSPE\" data-fig-domain=\"LEFIGARO\">Guy Ritchie<\/a>. Elle y marche avec hardiesse dans les pas du mythique Indiana Jones et campe la conservatrice en chef d\u2019un grand mus\u00e9e londonien dont le fr\u00e8re s\u2019av\u00e8re \u00eatre un voleur d\u2019oeuvres d\u2019art. Le film sera disponible le 23 mai sur la plateforme Apple+.<\/p>\n<p class=\"fig-paragraph\">Mais ce n\u2019est pas tout. La com\u00e9dienne anime aussi un club de lecture. \u00c0 ce titre, elle a \u00e9t\u00e9 invit\u00e9e \u00e0 plusieurs reprises de La grande librairie, \u00e9mission litt\u00e9raire de\u00a0<a href=\"https:\/\/tvmag.lefigaro.fr\/programme-tv\/chaine\/47\/tous-les-programmes-de-france-5\" target=\"_blank\" rel=\"noopener\" data-gtm-custom-categorie=\"navigation\" data-gtm-custom-action=\"crossclick\" data-gtm-custom-label=\"Contextuel\" data-gtm-event=\"customEventSPE\">France 5<\/a>, plac\u00e9e sous l\u2019\u00e9gide d\u2019<a href=\"http:\/\/tvmag.lefigaro.fr\/programme-tv\/actu-tele\/ca-m-a-sauve-augustin-trapenard-devoile-les-raisons-de-sa-passion-pour-la-lecture-20250311\" target=\"_blank\" data-fig-type=\"Article\" rel=\"noopener\" data-gtm-custom-categorie=\"navigation\" data-gtm-custom-action=\"crossclick\" data-gtm-custom-label=\"Contextuel\" data-gtm-event=\"customEventSPE\" data-fig-domain=\"TVMAG\">Augustin Trapenard<\/a>. \u00ab On a pu appr\u00e9cier vos prestations dans La Grande librairie (&#8230;). Je me demandais si vous n\u2019auriez pas envie de prendre la place d\u2019Augustin Trapenard?\u00a0\u00bb, l\u2019a taquin\u00e9e Anne-Elisabeth Lemoine.<\/p>\n<p class=\"fig-body-link\">\n            \u00c0 lire aussi<br \/>\n        <a class=\"fig-body-link__link\" href=\"http:\/\/tvmag.lefigaro.fr\/programme-tv\/people\/les-parisiens-sont-tres-gentils-natalie-portman-contredit-les-cliches-sur-les-habitants-de-la-capitale-20250505\" data-fig-type=\"Article\" data-gtm-custom-categorie=\"navigation\" data-gtm-custom-action=\"crossclick\" data-gtm-custom-label=\"Contextuel\" data-gtm-event=\"customEventSPE\" data-fig-domain=\"TVMAG\" target=\"_blank\" rel=\"noopener\">\u00abLes Parisiens sont tr\u00e8s gentils\u00bb\u00a0: Natalie Portman contredit les clich\u00e9s sur les habitants de la capitale<br \/>\n    <\/a>\n<\/p>\n<p>\u00abC\u2019est vraiment un tr\u00e9sor\u00bb<\/p>\n<p class=\"fig-paragraph\">\u00ab Non, non, Augustin est une l\u00e9gende qu\u2019il faut continuer de regarder. Je viendrai chaque fois que l\u2019on m\u2019invite. J\u2019aimerais tant que nous ayons une \u00e9mission comme la sienne aux \u00c9tats-Unis. C\u2019est vraiment un tr\u00e9sor, s\u2019est \u00e9cri\u00e9e la star, visiblement amus\u00e9e. Et l\u2019animatrice de conclure ce bref \u00e9change sur une comparaison des t\u00e9l\u00e9visions de service publique fran\u00e7aise et am\u00e9ricaine.<\/p>\n<p class=\"fig-paragraph\">Sur la page d\u2019accueil de son \u00abNatalie\u2019s Book Club\u00bb (natsbookclub.com), dont une version fran\u00e7aise (mal traduite) est disponible, la com\u00e9dienne \u00e9crit\u00a0: \u00abRaconter des histoires est le point de d\u00e9part du sentiment d\u2019empathie &#8211; car ce que nous ressentons pour les personnages de ces histoires, nous pourrions le ressentir aussi pour nous-m\u00eames ou nos propres amis (&#8230;) J\u2019essaie de trouver des livres qui nous aident \u00e0 mieux comprendre le monde et ce que nous sommes\u00a0\u00bb.<\/p>\n<p class=\"fig-paragraph\">Elle y pr\u00e9sente ensuite sa liste de lecture, accompagn\u00e9e de ses commentaires, auxquels s\u2019ajoutent des entretiens en vision avec leurs auteurs. \u00c0 sa mani\u00e8re, elle s\u2019y met aussi \u00e9videmment en sc\u00e8ne. Elle n\u2019est d\u2019ailleurs pas la seule. De plus en plus de stars affichent leur go\u00fbt pour la litt\u00e9rature. Emma Waton, Sarah Jessica Parker, Reese Witherspoon, Dua Lipa ou encore Ang\u00e8le ont cr\u00e9\u00e9 des clubs de lecture.<\/p>\n<p class=\"fig-paragraph\">Emma Watson (Harry Potter) a lanc\u00e9 en 2016 \u00abOur Shared Shelf\u00bb, un club de lecture bi-mensuel f\u00e9ministe et intersectionnel autour de grands classiques de la litt\u00e9rature et de nouveaut\u00e9s engag\u00e9es. Sarah Jessica Parker (Sex ans The City) est co-pr\u00e9sidente honoraire du club de lecture de l\u2019American Library Association. Ses presque 10 millions de followers suivent religieusement ses recommandations litt\u00e9raires.<\/p>\n<p class=\"fig-paragraph\">Dans son \u00abReese Book Club\u00bb, Reese Witherspoon (Big Little Lies) \u00e9l\u00e8ve le partage litt\u00e9raire au rang d\u2019entreprise, puisque chaque livre pr\u00e9sent\u00e9 renvoie \u00e0 une page d\u2019achat de celui-ci. Quant \u00e0 la chanteuse et \u00e9g\u00e9rie Chanel, Ang\u00e8le, elle a d\u00e9voil\u00e9 ses secrets de lecture dans un num\u00e9ro sp\u00e9cial du postcast de la maison de couture \u00abRendez-vous litt\u00e9raires rue Cambon\u00bb.<\/p>\n<p class=\"fig-paragraph\">Apr\u00e8s le It-Bag et le It-Dog, le It-Book est donc la nouvelle obsession&#8230;<\/p>\n","protected":false},"excerpt":{"rendered":"Venue dans \u00abC \u00e0 vous\u00bb ce lundi 5 mai pour y d\u00e9fendre son nouveau film, The Fountain of&hellip;\n","protected":false},"author":2,"featured_media":79411,"comment_status":"","ping_status":"","sticky":false,"template":"","format":"standard","meta":{"footnotes":""},"categories":[8],"tags":[976,5631,10722,1000,58,59,1011,27,4467,1714,1718,1550,1713,973,1717,1715,1716],"class_list":{"0":"post-79410","1":"post","2":"type-post","3":"status-publish","4":"format-standard","5":"has-post-thumbnail","7":"category-divertissement","8":"tag-actu-people","9":"tag-anne-elisabeth-lemoine","10":"tag-augustin-trapenard","11":"tag-celebrites","12":"tag-divertissement","13":"tag-entertainment","14":"tag-fr","15":"tag-france","16":"tag-france-5","17":"tag-info-people","18":"tag-infos-people-du-jour","19":"tag-natalie-portman","20":"tag-news-people","21":"tag-people","22":"tag-photo-people","23":"tag-potins-de-stars","24":"tag-potins-people"},"share_on_mastodon":{"url":"https:\/\/pubeurope.com\/@fr\/114461206360687257","error":""},"_links":{"self":[{"href":"https:\/\/www.europesays.com\/fr\/wp-json\/wp\/v2\/posts\/79410","targetHints":{"allow":["GET"]}}],"collection":[{"href":"https:\/\/www.europesays.com\/fr\/wp-json\/wp\/v2\/posts"}],"about":[{"href":"https:\/\/www.europesays.com\/fr\/wp-json\/wp\/v2\/types\/post"}],"author":[{"embeddable":true,"href":"https:\/\/www.europesays.com\/fr\/wp-json\/wp\/v2\/users\/2"}],"replies":[{"embeddable":true,"href":"https:\/\/www.europesays.com\/fr\/wp-json\/wp\/v2\/comments?post=79410"}],"version-history":[{"count":0,"href":"https:\/\/www.europesays.com\/fr\/wp-json\/wp\/v2\/posts\/79410\/revisions"}],"wp:featuredmedia":[{"embeddable":true,"href":"https:\/\/www.europesays.com\/fr\/wp-json\/wp\/v2\/media\/79411"}],"wp:attachment":[{"href":"https:\/\/www.europesays.com\/fr\/wp-json\/wp\/v2\/media?parent=79410"}],"wp:term":[{"taxonomy":"category","embeddable":true,"href":"https:\/\/www.europesays.com\/fr\/wp-json\/wp\/v2\/categories?post=79410"},{"taxonomy":"post_tag","embeddable":true,"href":"https:\/\/www.europesays.com\/fr\/wp-json\/wp\/v2\/tags?post=79410"}],"curies":[{"name":"wp","href":"https:\/\/api.w.org\/{rel}","templated":true}]}}