{"id":79416,"date":"2025-05-06T13:51:08","date_gmt":"2025-05-06T13:51:08","guid":{"rendered":"https:\/\/www.europesays.com\/fr\/79416\/"},"modified":"2025-05-06T13:51:08","modified_gmt":"2025-05-06T13:51:08","slug":"a-washington-lascension-paradoxale-de-lhomme-a-tout-faire-de-donald-trump-liberation","status":"publish","type":"post","link":"https:\/\/www.europesays.com\/fr\/79416\/","title":{"rendered":"\u00e0 Washington, l\u2019ascension paradoxale de l\u2019homme \u00e0 tout faire de Donald Trump \u2013 Lib\u00e9ration"},"content":{"rendered":"<p class=\"sc-ksZaOG ehjQrN text-element\">Qu\u2019il para\u00eet lointain le temps o\u00f9 Marco Rubio brocardait \u00abl\u2019escroc\u00bb Donald Trump, qui en retour le renomma d\u2019un \u00ablittle Marco\u00bb plein de m\u00e9pris, tandis que les deux hommes bataillaient, il y a de cela une d\u00e9cennie, pour l\u2019investiture r\u00e9publicaine \u00e0 la pr\u00e9sidentielle 2016. \u00abIncroyable Marco, incroyable !\u00bb s\u2019\u00e9baudit d\u00e9sormais le m\u00eame Trump, de celui qu\u2019il dit appeler \u00aben cas de probl\u00e8me\u00bb \u2013 \u00abet il le r\u00e8gle !\u00bb Le compliment date de jeudi 1er mai, dans la marge d\u2019une adresse \u00e0 un parterre de dignitaires ros\u00e9s et ruisselants dans la touffeur printani\u00e8re du Rose Garden de la Maison Blanche.<\/p>\n<p class=\"sc-ksZaOG ehjQrN text-element\">Quelques minutes plus tard, le pr\u00e9sident officialisait le premier remaniement majeur de son second mandat, <a href=\"https:\/\/www.liberation.fr\/international\/amerique\/signalgate-mike-waltz-le-conseiller-a-la-securite-nationale-de-trump-pousse-vers-la-sortie-20250501_XCN4LYSVHZHPHDSS4F3BNTO5NQ\/\" target=\"_blank\" rel=\"noopener\" title=\"https:\/\/www.liberation.fr\/international\/amerique\/signalgate-mike-waltz-le-conseiller-a-la-securite-nationale-de-trump-pousse-vers-la-sortie-20250501_XCN4LYSVHZHPHDSS4F3BNTO5NQ\/\">en d\u00e9barquant son conseiller en s\u00e9curit\u00e9 nationale tomb\u00e9 en disgr\u00e2ce, Mike Waltz,<\/a> pour confier l\u2019int\u00e9rim de ce poste-cl\u00e9 en mati\u00e8re de politique \u00e9trang\u00e8re \u00e0 un Rubio \u00e0 l\u2019agenda pourtant a priori d\u00e9j\u00e0 bien rempli. Avant cette marque de confiance suppl\u00e9mentaire, qui suppose une pr\u00e9sence \u00e0 peu pr\u00e8s incessante aux abords du Bureau ovale, l\u2019ex-s\u00e9nateur de Floride occupait<\/p>\n","protected":false},"excerpt":{"rendered":"Qu\u2019il para\u00eet lointain le temps o\u00f9 Marco Rubio brocardait \u00abl\u2019escroc\u00bb Donald Trump, qui en retour le renomma d\u2019un&hellip;\n","protected":false},"author":2,"featured_media":79417,"comment_status":"","ping_status":"","sticky":false,"template":"","format":"standard","meta":{"footnotes":""},"categories":[5],"tags":[11,75,73,1011,27,14,591,12,28],"class_list":{"0":"post-79416","1":"post","2":"type-post","3":"status-publish","4":"format-standard","5":"has-post-thumbnail","7":"category-international","8":"tag-actualites","9":"tag-donald-trump","10":"tag-etats-unis","11":"tag-fr","12":"tag-france","13":"tag-international","14":"tag-jd-vance","15":"tag-news","16":"tag-world"},"share_on_mastodon":{"url":"https:\/\/pubeurope.com\/@fr\/114461218130480174","error":""},"_links":{"self":[{"href":"https:\/\/www.europesays.com\/fr\/wp-json\/wp\/v2\/posts\/79416","targetHints":{"allow":["GET"]}}],"collection":[{"href":"https:\/\/www.europesays.com\/fr\/wp-json\/wp\/v2\/posts"}],"about":[{"href":"https:\/\/www.europesays.com\/fr\/wp-json\/wp\/v2\/types\/post"}],"author":[{"embeddable":true,"href":"https:\/\/www.europesays.com\/fr\/wp-json\/wp\/v2\/users\/2"}],"replies":[{"embeddable":true,"href":"https:\/\/www.europesays.com\/fr\/wp-json\/wp\/v2\/comments?post=79416"}],"version-history":[{"count":0,"href":"https:\/\/www.europesays.com\/fr\/wp-json\/wp\/v2\/posts\/79416\/revisions"}],"wp:featuredmedia":[{"embeddable":true,"href":"https:\/\/www.europesays.com\/fr\/wp-json\/wp\/v2\/media\/79417"}],"wp:attachment":[{"href":"https:\/\/www.europesays.com\/fr\/wp-json\/wp\/v2\/media?parent=79416"}],"wp:term":[{"taxonomy":"category","embeddable":true,"href":"https:\/\/www.europesays.com\/fr\/wp-json\/wp\/v2\/categories?post=79416"},{"taxonomy":"post_tag","embeddable":true,"href":"https:\/\/www.europesays.com\/fr\/wp-json\/wp\/v2\/tags?post=79416"}],"curies":[{"name":"wp","href":"https:\/\/api.w.org\/{rel}","templated":true}]}}