{"id":79422,"date":"2025-05-06T13:54:08","date_gmt":"2025-05-06T13:54:08","guid":{"rendered":"https:\/\/www.europesays.com\/fr\/79422\/"},"modified":"2025-05-06T13:54:08","modified_gmt":"2025-05-06T13:54:08","slug":"cinq-jeunes-arretes-vers-la-prison-de-la-talaudiere-ils-tentaient-de-projeter-des-objets-dont-un-kiwi","status":"publish","type":"post","link":"https:\/\/www.europesays.com\/fr\/79422\/","title":{"rendered":"Cinq jeunes arr\u00eat\u00e9s vers la prison de La Talaudi\u00e8re, ils tentaient de projeter des objets\u2026 dont un kiwi"},"content":{"rendered":"<p>Sc\u00e8ne insolite lundi 5 mai vers minuit aux abords de la prison de La Talaudi\u00e8re, pr\u00e8s de Saint-\u00c9tienne. Cinq individus ont \u00e9t\u00e9 interpell\u00e9s alors qu&rsquo;ils tentaient de projeter divers objets dans l&rsquo;enceinte de la maison d&rsquo;arr\u00eat. Parmi eux : un t\u00e9l\u00e9phone, du tabac, des g\u00e2teaux\u2026 et un kiwi.<\/p>\n<p>Ils ont tent\u00e9 de projeter un <b>kiwi<\/b> dans l&rsquo;enceinte de la <b>prison de<\/b> <b>La Talaudi\u00e8re<\/b>, dans la <b>Loire<\/b>, en pleine nuit lundi 5 mai.<\/p>\n<p>Alert\u00e9s par les cam\u00e9ras de vid\u00e9osurveillance, les surveillants p\u00e9nitentiaires ont contact\u00e9 la police.\u00a0<\/p>\n<p>Les forces de l&rsquo;ordre ont rapidement retrouv\u00e9 les suspects \u00e0 bord d&rsquo;une Renault Clio, rep\u00e9r\u00e9e en fuite non loin de la prison.<\/p>\n<p>Direction le tribunal correctionnel de Saint-\u00c9tienne<\/p>\n<p>Sur place, les agents ont mis la main sur un <b>t\u00e9l\u00e9phone portable avec chargeur<\/b>, <b>15 grammes de stup\u00e9fiants<\/b> (r\u00e9sine et herbe de cannabis), du <b>tabac <\/b>en vrac avec un <b>briquet<\/b>, trois <b>g\u00e2teaux<\/b>\u2026 et donc un <b>kiwi<\/b>, \u00e9l\u00e9ment pour le moins inattendu.<\/p>\n<p>Plac\u00e9s en garde \u00e0 vue, <b>trois des cinq jeunes<\/b>, \u00e2g\u00e9s de <b>18, 20 et 23 ans<\/b>, seront convoqu\u00e9s prochainement devant le <b>tribunal correctionnel de Saint-\u00c9tienne.<\/b><br \/><b><br \/><\/b><\/p>\n<p><img loading=\"lazy\" decoding=\"async\" src=\"https:\/\/www.europesays.com\/fr\/wp-content\/uploads\/2025\/05\/1746539648_730_img\" width=\"350\" height=\"200\" border=\"0\" title=\"Un v\u00c3\u00a9hicule incendi\u00c3\u00a9 \u00c3\u00a0 Aurec-sur-Loire, en Haute-Loire\"\/><\/p>\n<p>\u25baFaits divers<\/p>\n<p style=\"font-size: 22px;\"><b>Haute-Loire : le maire d&rsquo;Aurec-sur-Loire vis\u00e9 par un incendie volontaire<\/b><\/p>\n<p>La voiture du maire d&rsquo;Aurec-sur-Loire, Claude Vial,&#8230;<\/p>\n<p><\/p>\n","protected":false},"excerpt":{"rendered":"Sc\u00e8ne insolite lundi 5 mai vers minuit aux abords de la prison de La Talaudi\u00e8re, pr\u00e8s de Saint-\u00c9tienne.&hellip;\n","protected":false},"author":2,"featured_media":79423,"comment_status":"","ping_status":"","sticky":false,"template":"","format":"standard","meta":{"footnotes":""},"categories":[9653],"tags":[1111,11,2430,1777,674,1011,27,18602,3367,12,25,9920,4001],"class_list":{"0":"post-79422","1":"post","2":"type-post","3":"status-publish","4":"format-standard","5":"has-post-thumbnail","7":"category-saint-etienne","8":"tag-actu","9":"tag-actualites","10":"tag-auvergne-rhone-alpes","11":"tag-eu","12":"tag-europe","13":"tag-fr","14":"tag-france","15":"tag-la-talaudire","16":"tag-loire","17":"tag-news","18":"tag-republique-francaise","19":"tag-saint-tienne","20":"tag-saint-etienne"},"share_on_mastodon":{"url":"https:\/\/pubeurope.com\/@fr\/114461230038257742","error":""},"_links":{"self":[{"href":"https:\/\/www.europesays.com\/fr\/wp-json\/wp\/v2\/posts\/79422","targetHints":{"allow":["GET"]}}],"collection":[{"href":"https:\/\/www.europesays.com\/fr\/wp-json\/wp\/v2\/posts"}],"about":[{"href":"https:\/\/www.europesays.com\/fr\/wp-json\/wp\/v2\/types\/post"}],"author":[{"embeddable":true,"href":"https:\/\/www.europesays.com\/fr\/wp-json\/wp\/v2\/users\/2"}],"replies":[{"embeddable":true,"href":"https:\/\/www.europesays.com\/fr\/wp-json\/wp\/v2\/comments?post=79422"}],"version-history":[{"count":0,"href":"https:\/\/www.europesays.com\/fr\/wp-json\/wp\/v2\/posts\/79422\/revisions"}],"wp:featuredmedia":[{"embeddable":true,"href":"https:\/\/www.europesays.com\/fr\/wp-json\/wp\/v2\/media\/79423"}],"wp:attachment":[{"href":"https:\/\/www.europesays.com\/fr\/wp-json\/wp\/v2\/media?parent=79422"}],"wp:term":[{"taxonomy":"category","embeddable":true,"href":"https:\/\/www.europesays.com\/fr\/wp-json\/wp\/v2\/categories?post=79422"},{"taxonomy":"post_tag","embeddable":true,"href":"https:\/\/www.europesays.com\/fr\/wp-json\/wp\/v2\/tags?post=79422"}],"curies":[{"name":"wp","href":"https:\/\/api.w.org\/{rel}","templated":true}]}}