{"id":79469,"date":"2025-05-06T14:20:09","date_gmt":"2025-05-06T14:20:09","guid":{"rendered":"https:\/\/www.europesays.com\/fr\/79469\/"},"modified":"2025-05-06T14:20:09","modified_gmt":"2025-05-06T14:20:09","slug":"des-coupes-fraiches-aux-regles-floues-les-barbershops-poussent-ils-trop-vite-a-marseille","status":"publish","type":"post","link":"https:\/\/www.europesays.com\/fr\/79469\/","title":{"rendered":"Des coupes fra\u00eeches aux r\u00e8gles floues\u00a0: les barbershops poussent-ils trop vite \u00e0 Marseille\u00a0?"},"content":{"rendered":"<p class=\"paragraph text_align_left\">Ils poussent \u00e0 un rythme effr\u00e9n\u00e9. \u00c0 Marseille, depuis 2019, les <a href=\"https:\/\/www.leparisien.fr\/economie\/les-echoppes-de-barbiers-reviennent-a-la-mode-24-08-2018-7862829.php\" target=\"_self\" rel=\"noopener\">barbershops<\/a> s\u2019alignent serr\u00e9s en centre-ville et dans les quartiers populaires, rallumant les n\u00e9ons dans des recoins de la ville d\u00e9sert\u00e9s par les vitrines classiques.<\/p>\n<p class=\"paragraph text_align_left\">Fa\u00e7ades clinquantes, fauteuils chrom\u00e9s et d\u00e9grad\u00e9s \u00e0 \u00ab 10 balles \u00bb\u2026 ces salons affichent une esth\u00e9tique soign\u00e9e et des prix imbattables. Mais derri\u00e8re cette r\u00e9ussite, c\u2019est un pan de l\u2019\u00e9conomie urbaine qui suscite les interrogations.<\/p>\n","protected":false},"excerpt":{"rendered":"Ils poussent \u00e0 un rythme effr\u00e9n\u00e9. \u00c0 Marseille, depuis 2019, les barbershops s\u2019alignent serr\u00e9s en centre-ville et dans&hellip;\n","protected":false},"author":2,"featured_media":79470,"comment_status":"","ping_status":"","sticky":false,"template":"","format":"standard","meta":{"footnotes":""},"categories":[2814],"tags":[1111,917,11,11004,459,1777,674,118,1011,27,884,12,882,25],"class_list":{"0":"post-79469","1":"post","2":"type-post","3":"status-publish","4":"format-standard","5":"has-post-thumbnail","7":"category-marseille","8":"tag-actu","9":"tag-actu-locale","10":"tag-actualites","11":"tag-bouches-du-rhone-13","12":"tag-departements-horsidfo","13":"tag-eu","14":"tag-europe","15":"tag-faits-divers","16":"tag-fr","17":"tag-france","18":"tag-marseille","19":"tag-news","20":"tag-provence-alpes-cote-dazur","21":"tag-republique-francaise"},"share_on_mastodon":{"url":"https:\/\/pubeurope.com\/@fr\/114461332324568513","error":""},"_links":{"self":[{"href":"https:\/\/www.europesays.com\/fr\/wp-json\/wp\/v2\/posts\/79469","targetHints":{"allow":["GET"]}}],"collection":[{"href":"https:\/\/www.europesays.com\/fr\/wp-json\/wp\/v2\/posts"}],"about":[{"href":"https:\/\/www.europesays.com\/fr\/wp-json\/wp\/v2\/types\/post"}],"author":[{"embeddable":true,"href":"https:\/\/www.europesays.com\/fr\/wp-json\/wp\/v2\/users\/2"}],"replies":[{"embeddable":true,"href":"https:\/\/www.europesays.com\/fr\/wp-json\/wp\/v2\/comments?post=79469"}],"version-history":[{"count":0,"href":"https:\/\/www.europesays.com\/fr\/wp-json\/wp\/v2\/posts\/79469\/revisions"}],"wp:featuredmedia":[{"embeddable":true,"href":"https:\/\/www.europesays.com\/fr\/wp-json\/wp\/v2\/media\/79470"}],"wp:attachment":[{"href":"https:\/\/www.europesays.com\/fr\/wp-json\/wp\/v2\/media?parent=79469"}],"wp:term":[{"taxonomy":"category","embeddable":true,"href":"https:\/\/www.europesays.com\/fr\/wp-json\/wp\/v2\/categories?post=79469"},{"taxonomy":"post_tag","embeddable":true,"href":"https:\/\/www.europesays.com\/fr\/wp-json\/wp\/v2\/tags?post=79469"}],"curies":[{"name":"wp","href":"https:\/\/api.w.org\/{rel}","templated":true}]}}