{"id":79471,"date":"2025-05-06T14:21:09","date_gmt":"2025-05-06T14:21:09","guid":{"rendered":"https:\/\/www.europesays.com\/fr\/79471\/"},"modified":"2025-05-06T14:21:09","modified_gmt":"2025-05-06T14:21:09","slug":"bad-bunny-a-marseille-cest-confirme-la-star-du-reggaeton-sera-en-concert-au-velodrome-en-juillet-2026","status":"publish","type":"post","link":"https:\/\/www.europesays.com\/fr\/79471\/","title":{"rendered":"Bad Bunny \u00e0 Marseille, c\u2019est confirm\u00e9\u00a0: la star du reggaeton sera en concert au V\u00e9lodrome en juillet\u00a02026"},"content":{"rendered":"<p>\n                                                                Bad Bunny donnera-t-il bient\u00f4t des concerts en Europe, et plus pr\u00e9cis\u00e9ment en France, \u00e0 Marseille\u00a0? La star a officialis\u00e9 sa venue au stade Orange V\u00e9lodrome le 1er\u00a0juillet 2026 \u00e0 Marseille.\n                            <\/p>\n<p>Les fans le savent\u00a0: Bad Bunny n\u2019a jamais suivi les codes traditionnels de la promotion.\u00a0Dernier coup d\u2019\u00e9clat en date, une s\u00e9rie de chaises blanches en plastique myst\u00e9rieusement dispos\u00e9es devant le stade V\u00e9lodrome, attisant curiosit\u00e9 et sp\u00e9culations, selon<a href=\"https:\/\/www.laprovence.com\/article\/culture-loisirs\/1175811179807915\/bad-bunny-bientot-en-concert-au-velodrome-a-marseille-ces-indices-creent-la-frenesie-chez-les-fans-du-rappeur\" target=\"_blank\" rel=\"nofollow noopener\"> La Provence<\/a>.<\/p>\n<p>Une tourn\u00e9e officiellement annonc\u00e9e<\/p>\n<p>Gr\u00e2ce \u00e0 deux teasers publi\u00e9s ce week-end sur les r\u00e9seaux sociaux, les fans de\u00a0Bad Bunny attendaient f\u00e9brilement\u00a0une annonce pour la\u00a0France. C\u2019est d\u00e9sormais confirm\u00e9\u00a0: la m\u00e9ga star du reggaeton sera en <a href=\"https:\/\/www.midilibre.fr\/2025\/05\/04\/mega-concert-gratuit-de-lady-gaga-a-rio-un-projet-dattentat-visant-le-spectacle-de-la-chanteuse-dejoue-deux-personnes-arretees-12674916.php\" target=\"_blank\" rel=\"nofollow noopener\">concert<\/a> le 1er\u00a0juillet 2026 au V\u00e9lodrome \u00e0 Marseille, et\u00a0le 4\u00a0juillet \u00e0 la D\u00e9fense Ar\u00e9na de Paris, selon <a href=\"https:\/\/maritima.fr\/actualites\/culture\/marseille\/6909\/bad-bunny-officialise-son-concert-le-1er-juillet-2026-a-marseille\" target=\"_blank\" rel=\"nofollow noopener\">Maritima<\/a>. La billetterie ouvrira ce <a href=\"https:\/\/www.ticketmaster.fr\/fr\/resultat?ipSearch=bad+bunny\" target=\"_blank\" rel=\"nofollow noopener\">vendredi 9\u00a0mai \u00e0 12h, avec des pr\u00e9ventes le 8\u00a0mai \u00e0 12h<\/a>.<\/p>\n<blockquote data-class=\"twitter-tweet\">\n<p lang=\"zxx\" dir=\"ltr\"><a href=\"https:\/\/t.co\/Gi26Ntt0yp\" rel=\"nofollow\">pic.twitter.com\/Gi26Ntt0yp<\/a><\/p>\n<p>\u2014 Benito Antonio (@sanbenito) <a href=\"https:\/\/twitter.com\/sanbenito\/status\/1919452725210706279?ref_src=twsrc%5Etfw\" rel=\"nofollow noopener\" target=\"_blank\">May 5, 2025<\/a><\/p><\/blockquote>\n<p>Le myst\u00e8re des chaises blanches\u00a0enfin lev\u00e9<\/p>\n<p>Le journaliste Hugo Decrypte a lui aussi confirm\u00e9 la venue de l\u2019artiste portoricain dans ces deux villes. Mais pourquoi des chaises en plastique blanches\u00a0? Il s\u2019agit d\u2019un clin d\u2019oeil \u00e9vident \u00e0 celles pr\u00e9sentes sur la pochette de son dernier album, Deb\u00ed Tirar M\u00e1s Fotos, sorti le 5\u00a0janvier 2025. Sur X, les r\u00e9actions n\u2019ont pas tard\u00e9\u00a0: \u00ab\u00a0Bad Bunny \u00e0 Marseille all\u00f4\u00a0??\u00a0\u00bb, \u00ab\u00a0Je rate Bad Bunny \u00e0 Marseille pour rien au monde\u00a0\u00bb. Les photos de ces chaises simples mais symboliques ont rapidement enflamm\u00e9 les fans fran\u00e7ais, impatients de retrouver leur idole dans la cit\u00e9 phoc\u00e9enne.<\/p>\n<p>                                                                                                                                                                                                        <script async src=\"https:\/\/platform.twitter.com\/widgets.js\" charset=\"utf-8\"><\/script><\/p>\n","protected":false},"excerpt":{"rendered":"Bad Bunny donnera-t-il bient\u00f4t des concerts en Europe, et plus pr\u00e9cis\u00e9ment en France, \u00e0 Marseille\u00a0? La star a&hellip;\n","protected":false},"author":2,"featured_media":79472,"comment_status":"","ping_status":"","sticky":false,"template":"","format":"standard","meta":{"footnotes":""},"categories":[2814],"tags":[1111,11,1777,674,1011,27,884,12,882,25],"class_list":{"0":"post-79471","1":"post","2":"type-post","3":"status-publish","4":"format-standard","5":"has-post-thumbnail","7":"category-marseille","8":"tag-actu","9":"tag-actualites","10":"tag-eu","11":"tag-europe","12":"tag-fr","13":"tag-france","14":"tag-marseille","15":"tag-news","16":"tag-provence-alpes-cote-dazur","17":"tag-republique-francaise"},"share_on_mastodon":{"url":"https:\/\/pubeurope.com\/@fr\/114461336114573583","error":""},"_links":{"self":[{"href":"https:\/\/www.europesays.com\/fr\/wp-json\/wp\/v2\/posts\/79471","targetHints":{"allow":["GET"]}}],"collection":[{"href":"https:\/\/www.europesays.com\/fr\/wp-json\/wp\/v2\/posts"}],"about":[{"href":"https:\/\/www.europesays.com\/fr\/wp-json\/wp\/v2\/types\/post"}],"author":[{"embeddable":true,"href":"https:\/\/www.europesays.com\/fr\/wp-json\/wp\/v2\/users\/2"}],"replies":[{"embeddable":true,"href":"https:\/\/www.europesays.com\/fr\/wp-json\/wp\/v2\/comments?post=79471"}],"version-history":[{"count":0,"href":"https:\/\/www.europesays.com\/fr\/wp-json\/wp\/v2\/posts\/79471\/revisions"}],"wp:featuredmedia":[{"embeddable":true,"href":"https:\/\/www.europesays.com\/fr\/wp-json\/wp\/v2\/media\/79472"}],"wp:attachment":[{"href":"https:\/\/www.europesays.com\/fr\/wp-json\/wp\/v2\/media?parent=79471"}],"wp:term":[{"taxonomy":"category","embeddable":true,"href":"https:\/\/www.europesays.com\/fr\/wp-json\/wp\/v2\/categories?post=79471"},{"taxonomy":"post_tag","embeddable":true,"href":"https:\/\/www.europesays.com\/fr\/wp-json\/wp\/v2\/tags?post=79471"}],"curies":[{"name":"wp","href":"https:\/\/api.w.org\/{rel}","templated":true}]}}