{"id":79497,"date":"2025-05-06T14:34:09","date_gmt":"2025-05-06T14:34:09","guid":{"rendered":"https:\/\/www.europesays.com\/fr\/79497\/"},"modified":"2025-05-06T14:34:09","modified_gmt":"2025-05-06T14:34:09","slug":"en-allemagne-friedrich-merz-elu-chancelier-au-deuxieme-tour-par-les-deputes-apres-un-revers-inedit","status":"publish","type":"post","link":"https:\/\/www.europesays.com\/fr\/79497\/","title":{"rendered":"En Allemagne, Friedrich Merz \u00e9lu chancelier au deuxi\u00e8me tour par les d\u00e9put\u00e9s apr\u00e8s un revers in\u00e9dit"},"content":{"rendered":"<p class=\"latino-300b text-grey-800\">\n<p>  Par\u00a0<br \/>\nLe Nouvel Obs avec AFP                <\/p>\n<p class=\"latino-300r text-grey-600\">\n      Publi\u00e9 le<\/p>\n<p>    6 mai 2025 \u00e0 16h30<\/p>\n<p>      <img fetchpriority=\"high\" decoding=\"async\" class=\"mx-auto\" src=\"data:image\/svg+xml,%3Csvg%20xmlns%3D%27http%3A%2F%2Fwww.w3.org%2F2000%2Fsvg%27%20fill%3D%22%23e4e4e4%22%20viewBox%3D%270%200%20510%20340%27%20width%3D%22510%22%20height%3D%22340%22%3E%3Cpath%20d%3D%27M0%200h510v340H0z%27%2F%3E%3C%2Fsvg%3E\"  loading=\"eager\" width=\"510\" height=\"340\" data-oncrawl-image-size=\"510x340\" alt=\"Friedrich Merz a  \u00e9t\u00e9 \u00e9lu \u00e0 la majorit\u00e9 absolue ce mardi 6\u00a0mai 2025\"\/>      <\/p>\n<p class=\"latino-100m text-grey-600\">\n            Friedrich Merz a  \u00e9t\u00e9 \u00e9lu \u00e0 la majorit\u00e9 absolue ce mardi 6\u00a0mai 2025\u00a0KAY NIETFELD\/DPA\/SIPA         <\/p>\n<p>    Lire\u00a0plus\u00a0tard  <\/p>\n<p><a aria-label=\"Nous suivre sur Google News\" href=\"https:\/\/news.google.com\/publications\/CAAqBwgKMJe4nQkw3dFs?hl=fr&amp;gl=FR&amp;ceid=FR%3Afr\" target=\"_blank\" data-piano=\"Page_Article,Sous_date_publi,Nous_suivre_sur_google_news,1er_clic,action\" class=\"btn btn--small btn--secondary\" rel=\"noopener\"><\/p>\n<p>      Google Actualit\u00e9s<br \/>\n  <\/a><\/p>\n<p>  Partager<\/p>\n<p>        Facebook<\/p>\n<p>        Bluesky<\/p>\n<p>        E-mail<\/p>\n<p>        Copier le lien<\/p>\n<p>      Envoyer<\/p>\n<p>    Temps de lecture\u00a0:\u00a01\u00a0min.<\/p>\n<p class=\"article__description latino-600m mb-20 mb-lg-30 \" data-oncrawl-chapo-length=\"132\">\n<p>    Le conservateur Friedrich Merz avait \u00e9chou\u00e9  \u00e0 \u00eatre \u00e9lu au premier tour par les d\u00e9put\u00e9s allemands, au Bundestag, \u00e0 Berlin, ce mardi.<\/p>\n<p class=\"node__paragraphe antonia-750r text-grey-800 pb-20 pb-md-30\">\nLe conservateur Friedrich Merz a \u00e9t\u00e9 \u00e9lu chancelier au deuxi\u00e8me tour par les d\u00e9put\u00e9s allemands, <a href=\"https:\/\/www.nouvelobs.com\/monde\/20250506.OBS103590\/en-allemagne-merz-echoue-a-etre-elu-chancelier-au-premier-tour-par-les-deputes-un-revers-inedit.html\" target=\"_blank\" rel=\"noopener\">apr\u00e8s le choc de son \u00e9chec au premier tour<\/a> plus t\u00f4t ce mardi 6\u00a0mai, a annonc\u00e9 la pr\u00e9sidente du Bundestag Julia Kl\u00f6ckner.<\/p>\n<p class=\"latino-500b text-grey-600 pb-15\">A lire aussi<\/p>\n<p><a href=\"https:\/\/www.nouvelobs.com\/monde\/20250224.OBS100695\/qui-est-friedrich-merz-grand-gagnant-des-elections-allemandes.html\" data-article-key=\"20250224.OBS100695\" class=\"link--box flex-grow-1\" data-piano=\"Page_Article,Lire_aussi,,Lien1,navigation\" target=\"_blank\" rel=\"noopener\"><\/p>\n<p>                <img decoding=\"async\" src=\"data:image\/svg+xml,%3Csvg%20xmlns%3D%27http%3A%2F%2Fwww.w3.org%2F2000%2Fsvg%27%20fill%3D%22%23e4e4e4%22%20viewBox%3D%270%200%20120%2080%27%20width%3D%22120%22%20height%3D%2280%22%3E%3Cpath%20d%3D%27M0%200h120v80H0z%27%2F%3E%3C%2Fsvg%3E\"  width=\"120\" height=\"79\" loading=\"lazy\" alt=\" Friedrich Merz, chef de file de la CDU, en campagne le 4\u00a0f\u00e9vrier 2025. \"\/><\/p>\n<p class=\"latino-300r latino-lg-600m text-grey-800\">\n                      <strong class=\"latino-300b latino-lg-600m text-grey-500\">Vid\u00e9o\u00a0<\/strong><br \/>\n                    Qui est Friedrich Merz, gagnant des \u00e9lections allemandes\u00a0?        <\/p>\n<p><\/a><\/p>\n<p>    Lire\u00a0plus\u00a0tard  <\/p>\n<p class=\"node__paragraphe antonia-750r text-grey-800 pb-20 pb-md-30\">\nArriv\u00e9 en t\u00eate des l\u00e9gislatives fin f\u00e9vrier, Friedrich Merz a finalement \u00e9t\u00e9 \u00e9lu \u00e0 la majorit\u00e9 absolue \u00e0 sa deuxi\u00e8me tentative, avec 325 voix sur un total de 630 d\u00e9put\u00e9s.<\/p>\n<p class=\"node__paragraphe antonia-750r text-grey-800 pb-20 pb-md-30\">\n&gt; Plus d\u2019informations dans quelques instants<\/p>\n<p class=\"latino-600m text-grey-800\">\n<p>  Par\u00a0<br \/>\nLe Nouvel Obs avec AFP    <\/p>\n","protected":false},"excerpt":{"rendered":"Par\u00a0 Le Nouvel Obs avec AFP Publi\u00e9 le 6 mai 2025 \u00e0 16h30 Friedrich Merz a \u00e9t\u00e9 \u00e9lu&hellip;\n","protected":false},"author":2,"featured_media":79498,"comment_status":"","ping_status":"","sticky":false,"template":"","format":"standard","meta":{"footnotes":""},"categories":[1587],"tags":[17,11,672,1804,13348,1805,423,1803,2563,14192,1777,674,18612,1801,18613,74,12,1802,3584],"class_list":{"0":"post-79497","1":"post","2":"type-post","3":"status-publish","4":"format-standard","5":"has-post-thumbnail","7":"category-allemagne","8":"tag-17","9":"tag-actualites","10":"tag-allemagne","11":"tag-bundesrepublik-deutschland","12":"tag-chancelier","13":"tag-de","14":"tag-deputes","15":"tag-deutschland","16":"tag-deuxieme","17":"tag-elu","18":"tag-eu","19":"tag-europe","20":"tag-friedrich","21":"tag-germany","22":"tag-merz","23":"tag-monde","24":"tag-news","25":"tag-republique-federale-dallemagne","26":"tag-tour"},"share_on_mastodon":{"url":"https:\/\/pubeurope.com\/@fr\/114461387439218225","error":""},"_links":{"self":[{"href":"https:\/\/www.europesays.com\/fr\/wp-json\/wp\/v2\/posts\/79497","targetHints":{"allow":["GET"]}}],"collection":[{"href":"https:\/\/www.europesays.com\/fr\/wp-json\/wp\/v2\/posts"}],"about":[{"href":"https:\/\/www.europesays.com\/fr\/wp-json\/wp\/v2\/types\/post"}],"author":[{"embeddable":true,"href":"https:\/\/www.europesays.com\/fr\/wp-json\/wp\/v2\/users\/2"}],"replies":[{"embeddable":true,"href":"https:\/\/www.europesays.com\/fr\/wp-json\/wp\/v2\/comments?post=79497"}],"version-history":[{"count":0,"href":"https:\/\/www.europesays.com\/fr\/wp-json\/wp\/v2\/posts\/79497\/revisions"}],"wp:featuredmedia":[{"embeddable":true,"href":"https:\/\/www.europesays.com\/fr\/wp-json\/wp\/v2\/media\/79498"}],"wp:attachment":[{"href":"https:\/\/www.europesays.com\/fr\/wp-json\/wp\/v2\/media?parent=79497"}],"wp:term":[{"taxonomy":"category","embeddable":true,"href":"https:\/\/www.europesays.com\/fr\/wp-json\/wp\/v2\/categories?post=79497"},{"taxonomy":"post_tag","embeddable":true,"href":"https:\/\/www.europesays.com\/fr\/wp-json\/wp\/v2\/tags?post=79497"}],"curies":[{"name":"wp","href":"https:\/\/api.w.org\/{rel}","templated":true}]}}