{"id":795061,"date":"2026-03-13T03:48:15","date_gmt":"2026-03-13T03:48:15","guid":{"rendered":"https:\/\/www.europesays.com\/fr\/795061\/"},"modified":"2026-03-13T03:48:15","modified_gmt":"2026-03-13T03:48:15","slug":"handball-saint-raphael-vs-cesson-rennes","status":"publish","type":"post","link":"https:\/\/www.europesays.com\/fr\/795061\/","title":{"rendered":"Handball : Saint-Rapha\u00ebl vs Cesson-Rennes"},"content":{"rendered":"<p>&#13;<br \/>\n        &#13;<br \/>\n&#13;<br \/>\n        &#13;<br \/>\n&#13;<\/p>\n<p>        <a href=\"https:\/\/www.europesays.com\/fr\/wp-content\/uploads\/2026\/03\/csm_m3c4edawc4q3q4e5blleajisl77ogmsr_dad0f4084b.jpg\" data-caption=\"\"><img loading=\"lazy\" decoding=\"async\" width=\"480\" height=\"320\" class=\"entry-thumb td-modal-image\" src=\"https:\/\/www.europesays.com\/fr\/wp-content\/uploads\/2026\/03\/csm_m3c4edawc4q3q4e5blleajisl77ogmsr_dad0f4084b.jpg\"   alt=\"\" title=\"csm_m3c4edawc4q3q4e5blleajisl77ogmsr_dad0f4084b\"\/><\/a><\/p>\n<p>Venez vivre l\u2019\u00e9lite du handball fran\u00e7ais \u00e0 Saint-Rapha\u00ebl !<br \/><strong>samedi 14 mars 2026<\/strong><br \/>19h30 \u00e0 21h00<br \/>Palais des sports Jean-Fran\u00e7ois-Krakowski<br \/>All\u00e9e du Hameau du Coll\u00e8ge<br \/>83700 Saint-Rapha\u00ebl<\/p>\n<p>Votre \u00e9quipe du Saint-Rapha\u00ebl Var Handball s\u2019appr\u00eate \u00e0 recevoir l\u2019\u00e9quipe de Cessons-Rennes.<br \/>Animations, Foodtruck, surprises\u2026<\/p>\n<p>Informations pratiques<br \/>Horaires : Match \u00e0 19:30<br \/>Ouverture des portes 18:00 \u2013 21h10 : Diffusion sur les \u00e9crans g\u00e9ants du Tournoi des Six Nations (France-Angleterre)<br \/>Tarif : \u00e0 partir de 10 \u20ac<br \/>Billetterie : www.srvhb.com<\/p>\n<p><a href=\"https:\/\/www.restosducoeur.org\/associations-departementales\/les-restos-du-coeur-du-var\/\" rel=\"nofollow noopener\" target=\"_blank\"><img decoding=\"async\" style=\"height:70px;width:140px\" src=\"https:\/\/www.europesays.com\/fr\/wp-content\/uploads\/2025\/04\/restos-du-coeur.jpg\"\/><\/a>        &#13;<br \/>\n&#13;<br \/>\n&#13;<br \/>\n        &#13;<br \/>\n                        &#13;<br \/>\n            &#13;<br \/>\n&#13;<br \/>\n                        Previous article<a href=\"https:\/\/www.tv83.info\/cogolin-missaugine-2\/\" rel=\"nofollow noopener\" target=\"_blank\">Cogolin : MissAugine<\/a>Next article<a href=\"https:\/\/www.tv83.info\/saint-raphael-on-a-echange-nos-ados\/\" rel=\"nofollow noopener\" target=\"_blank\">Saint-Rapha\u00ebl : On a \u00e9chang\u00e9 nos ados<\/a>            \t                &#13;<br \/>\n&#13;<\/p>\n","protected":false},"excerpt":{"rendered":"&#13; &#13; &#13; &#13; &#13; Venez vivre l\u2019\u00e9lite du handball fran\u00e7ais \u00e0 Saint-Rapha\u00ebl !samedi 14 mars 202619h30 \u00e0&hellip;\n","protected":false},"author":2,"featured_media":795062,"comment_status":"","ping_status":"","sticky":false,"template":"","format":"standard","meta":{"footnotes":"","_share_on_mastodon":"0"},"categories":[2821],"tags":[1111,11,829,1777,674,1011,27,12,584,25],"class_list":["post-795061","post","type-post","status-publish","format-standard","has-post-thumbnail","category-rennes","tag-actu","tag-actualites","tag-bretagne","tag-eu","tag-europe","tag-fr","tag-france","tag-news","tag-rennes","tag-republique-francaise"],"share_on_mastodon":{"url":"https:\/\/pubeurope.com\/@fr\/116219825825820725","error":""},"_links":{"self":[{"href":"https:\/\/www.europesays.com\/fr\/wp-json\/wp\/v2\/posts\/795061","targetHints":{"allow":["GET"]}}],"collection":[{"href":"https:\/\/www.europesays.com\/fr\/wp-json\/wp\/v2\/posts"}],"about":[{"href":"https:\/\/www.europesays.com\/fr\/wp-json\/wp\/v2\/types\/post"}],"author":[{"embeddable":true,"href":"https:\/\/www.europesays.com\/fr\/wp-json\/wp\/v2\/users\/2"}],"replies":[{"embeddable":true,"href":"https:\/\/www.europesays.com\/fr\/wp-json\/wp\/v2\/comments?post=795061"}],"version-history":[{"count":0,"href":"https:\/\/www.europesays.com\/fr\/wp-json\/wp\/v2\/posts\/795061\/revisions"}],"wp:featuredmedia":[{"embeddable":true,"href":"https:\/\/www.europesays.com\/fr\/wp-json\/wp\/v2\/media\/795062"}],"wp:attachment":[{"href":"https:\/\/www.europesays.com\/fr\/wp-json\/wp\/v2\/media?parent=795061"}],"wp:term":[{"taxonomy":"category","embeddable":true,"href":"https:\/\/www.europesays.com\/fr\/wp-json\/wp\/v2\/categories?post=795061"},{"taxonomy":"post_tag","embeddable":true,"href":"https:\/\/www.europesays.com\/fr\/wp-json\/wp\/v2\/tags?post=795061"}],"curies":[{"name":"wp","href":"https:\/\/api.w.org\/{rel}","templated":true}]}}