{"id":795109,"date":"2026-03-13T04:15:15","date_gmt":"2026-03-13T04:15:15","guid":{"rendered":"https:\/\/www.europesays.com\/fr\/795109\/"},"modified":"2026-03-13T04:15:15","modified_gmt":"2026-03-13T04:15:15","slug":"lallemagne-fait-parler-sa-force-collective-avec-un-nouveau-record-de-passes-decisives-fiba-basketball","status":"publish","type":"post","link":"https:\/\/www.europesays.com\/fr\/795109\/","title":{"rendered":"L&rsquo;Allemagne fait parler sa force collective avec un nouveau record de passes d\u00e9cisives\u00a0|\u00a0FIBA Basketball"},"content":{"rendered":"<p>LYON-VILLEURBANNE (France) &#8211; Les signaux sont au vert pour l&rsquo;Allemagne \u00e0 quelques mois d&rsquo;accueillir le tournoi mondial \u00e0 Berlin. Son \u00e9quipe nationale vient d&rsquo;\u00e9tablir un nouveau record de passes d\u00e9cisives dans un match de Tournoi de Qualification pour la Coupe du Monde F\u00e9minine FIBA.<\/p>\n<p>Facilement victorieuses des Philippines<a class=\"_1pmct9j0\" target=\"_blank\" href=\"https:\/\/www.fiba.basketball\/en\/events\/fiba-womens-basketball-world-cup-2026-qualifying-tournament-villeurbanne-france\/games\/128161-PHI-GER#boxscore\" rel=\"nofollow noopener\"> (113-80<\/a>), les Allemandes ont failli battre un record de points en plus d&rsquo;avoir \u00e9tabli un record de passes d\u00e9cisives. <\/p>\n<p>Dans le sillage de l&rsquo;excellente Emily Bessoir, autrice d&rsquo;un double-double avec 25 points et 13 rebonds, elles se sont affirm\u00e9es comme des candidates s\u00e9rieuses \u00e0 une place sur le podium de la comp\u00e9tition de septembre gr\u00e2ce \u00e0 leur force collective et \u00e0 leurs atouts offensifs.<\/p>\n<p>L&rsquo;Allemagne est \u00e9galement venue se positionner \u00e0 la seconde place en termes de tirs marqu\u00e9s et de tirs \u00e0 2 points marqu\u00e9s. <\/p>\n<p>Plus grand nombre de passes d\u00e9cisives dans un match de TQCF*<\/p>\n<tr class=\"_196da2p2\">\n<p>Rang<\/p>\n<p>Pays<\/p>\n<p>Adversaire &amp; Score<\/p>\n<p>Date<\/p>\n<p>Passes d\u00e9cisives<\/p>\n<\/tr>\n<tr class=\"_196da2p2\">\n<td>\n<p>1<\/p>\n<\/td>\n<td>\n<p>Allemagne<\/p>\n<\/td>\n<td>\n<p>vs Philippines 113-80<\/p>\n<\/td>\n<td>\n<p>12 mars 2026<\/p>\n<\/td>\n<td>\n<p>39<\/p>\n<\/td>\n<\/tr>\n<tr class=\"_196da2p2\">\n<td>\n<p>2<\/p>\n<\/td>\n<td>\n<p>France<\/p>\n<\/td>\n<td>\n<p>vs Phillippines 115-66<\/p>\n<\/td>\n<td>\n<p>11 mars 2026<\/p>\n<\/td>\n<td>\n<p>38<\/p>\n<\/td>\n<\/tr>\n<tr class=\"_196da2p2\">\n<td>\n<p>3<\/p>\n<\/td>\n<td>\n<p>Russie<\/p>\n<\/td>\n<td>\n<p>vs Porto Rico 102-68<\/p>\n<\/td>\n<td>\n<p>14 f\u00e9vrier 2022<\/p>\n<\/td>\n<td>\n<p>35<\/p>\n<\/td>\n<\/tr>\n<p>*Depuis l&rsquo;introduction des TQCF en 2022<\/p>\n<p>Plus grand total de points marqu\u00e9s dans un match de TQCF*<\/p>\n<tr class=\"_196da2p2\">\n<p>Rang<\/p>\n<p>Pays<\/p>\n<p>Adversaire &amp; Score<\/p>\n<p>Date<\/p>\n<p>Points<\/p>\n<\/tr>\n<tr class=\"_196da2p2\">\n<td>\n<p>1<\/p>\n<\/td>\n<td>\n<p>France<\/p>\n<\/td>\n<td>\n<p>vs Phillippines 115-66<\/p>\n<\/td>\n<td>\n<p>11 mars 2026<\/p>\n<\/td>\n<td>\n<p>115<\/p>\n<\/td>\n<\/tr>\n<tr class=\"_196da2p2\">\n<td>\n<p>2<\/p>\n<\/td>\n<td>\n<p>Allemagne<\/p>\n<\/td>\n<td>\n<p>vs Philippines 113-80<\/p>\n<\/td>\n<td>\n<p>12 mars 2026<\/p>\n<\/td>\n<td>\n<p>113<\/p>\n<\/td>\n<\/tr>\n<tr class=\"_196da2p2\">\n<td>\n<p>3<\/p>\n<\/td>\n<td>\n<p>USA<\/p>\n<\/td>\n<td>\n<p>vs S\u00e9n\u00e9gal 110-46<\/p>\n<\/td>\n<td>\n<p>11 mars 2026<\/p>\n<\/td>\n<td>\n<p>110<\/p>\n<\/td>\n<\/tr>\n<tr class=\"_196da2p2\">\n<td>\n<p>4<\/p>\n<\/td>\n<td>\n<p>Chine<\/p>\n<\/td>\n<td>\n<p>vs France 103-70<\/p>\n<\/td>\n<td>\n<p>13 f\u00e9vrier 2022<\/p>\n<\/td>\n<td>\n<p>103<\/p>\n<\/td>\n<\/tr>\n<tr class=\"_196da2p2\">\n<td>\n<p>5<\/p>\n<\/td>\n<td>\n<p>Russie<\/p>\n<\/td>\n<td>\n<p>vs Porto Rico 102-68<\/p>\n<\/td>\n<td>\n<p>14 f\u00e9vrier 2022<\/p>\n<\/td>\n<td>\n<p>102<\/p>\n<\/td>\n<\/tr>\n<p>*Depuis l&rsquo;introduction des TQCF en 2022<\/p>\n<p>Plus grand total de tirs marqu\u00e9s dans un match de TQCF*<\/p>\n<tr class=\"_196da2p2\">\n<p>Rang<\/p>\n<p>Pays<\/p>\n<p>Adversaire &amp; Score<\/p>\n<p>Date<\/p>\n<p>Nombre de tirs<\/p>\n<\/tr>\n<tr class=\"_196da2p2\">\n<td>\n<p>1<\/p>\n<\/td>\n<td>\n<p>France<\/p>\n<\/td>\n<td>\n<p>vs Phillippines 115-66<\/p>\n<\/td>\n<td>\n<p>11 mars 2026<\/p>\n<\/td>\n<td>\n<p>45<\/p>\n<\/td>\n<\/tr>\n<tr class=\"_196da2p2\">\n<td>\n<p>2<\/p>\n<\/td>\n<td>\n<p>Allemagne<\/p>\n<\/td>\n<td>\n<p>vs Philippines 113-80<\/p>\n<\/td>\n<td>\n<p>12 mars 2026<\/p>\n<\/td>\n<td>\n<p>42<\/p>\n<\/td>\n<\/tr>\n<tr class=\"_196da2p2\">\n<td>\n<p>3<\/p>\n<\/td>\n<td>\n<p>Belgique<\/p>\n<\/td>\n<td>\n<p>vs Porto Rico 98-65<\/p>\n<\/td>\n<td>\n<p>13 f\u00e9vrier 2022<\/p>\n<\/td>\n<td>\n<p>38<\/p>\n<\/td>\n<\/tr>\n<p>*Depuis l&rsquo;introduction des TQCF en 2022<\/p>\n<p><b>Plus grand total de tirs \u00e0 2 points marqu\u00e9s dans un match de TQCF<\/b>*<\/p>\n<tr class=\"_196da2p2\">\n<p>Rang<\/p>\n<p>Pays<\/p>\n<p>Adversaire &amp; Score<\/p>\n<p>Date<\/p>\n<p>Tirs \u00e0 2 points<\/p>\n<\/tr>\n<tr class=\"_196da2p2\">\n<td>\n<p>1<\/p>\n<\/td>\n<td>\n<p>France<\/p>\n<\/td>\n<td>\n<p>vs Phillipines 115-66<\/p>\n<\/td>\n<td>\n<p>11 mars 2026<\/p>\n<\/td>\n<td>\n<p>35<\/p>\n<\/td>\n<\/tr>\n<tr class=\"_196da2p2\">\n<td>\n<p>2<\/p>\n<\/td>\n<td>\n<p>Allemagne<\/p>\n<\/td>\n<td>\n<p>vs Philippines 113-80<\/p>\n<\/td>\n<td>\n<p>12 mars 2026<\/p>\n<\/td>\n<td>\n<p>32<\/p>\n<\/td>\n<\/tr>\n<tr class=\"_196da2p2\">\n<td>\n<p>3<\/p>\n<\/td>\n<td>\n<p>USA<\/p>\n<\/td>\n<td>\n<p>vs Porto Rico 93-55<\/p>\n<\/td>\n<td>\n<p>13 f\u00e9vrier 2022<\/p>\n<\/td>\n<td>\n<p>31<\/p>\n<\/td>\n<\/tr>\n<p>*Depuis l&rsquo;introduction des TQCF en 2022<\/p>\n<p><b>FIBA<\/b><\/p>\n","protected":false},"excerpt":{"rendered":"LYON-VILLEURBANNE (France) &#8211; Les signaux sont au vert pour l&rsquo;Allemagne \u00e0 quelques mois d&rsquo;accueillir le tournoi mondial \u00e0&hellip;\n","protected":false},"author":2,"featured_media":795110,"comment_status":"","ping_status":"","sticky":false,"template":"","format":"standard","meta":{"footnotes":"","_share_on_mastodon":"0"},"categories":[1587],"tags":[11,672,1804,1805,1803,1777,674,1801,12,1802],"class_list":["post-795109","post","type-post","status-publish","format-standard","has-post-thumbnail","category-allemagne","tag-actualites","tag-allemagne","tag-bundesrepublik-deutschland","tag-de","tag-deutschland","tag-eu","tag-europe","tag-germany","tag-news","tag-republique-federale-dallemagne"],"share_on_mastodon":{"url":"https:\/\/pubeurope.com\/@fr\/116219932175230684","error":""},"_links":{"self":[{"href":"https:\/\/www.europesays.com\/fr\/wp-json\/wp\/v2\/posts\/795109","targetHints":{"allow":["GET"]}}],"collection":[{"href":"https:\/\/www.europesays.com\/fr\/wp-json\/wp\/v2\/posts"}],"about":[{"href":"https:\/\/www.europesays.com\/fr\/wp-json\/wp\/v2\/types\/post"}],"author":[{"embeddable":true,"href":"https:\/\/www.europesays.com\/fr\/wp-json\/wp\/v2\/users\/2"}],"replies":[{"embeddable":true,"href":"https:\/\/www.europesays.com\/fr\/wp-json\/wp\/v2\/comments?post=795109"}],"version-history":[{"count":0,"href":"https:\/\/www.europesays.com\/fr\/wp-json\/wp\/v2\/posts\/795109\/revisions"}],"wp:featuredmedia":[{"embeddable":true,"href":"https:\/\/www.europesays.com\/fr\/wp-json\/wp\/v2\/media\/795110"}],"wp:attachment":[{"href":"https:\/\/www.europesays.com\/fr\/wp-json\/wp\/v2\/media?parent=795109"}],"wp:term":[{"taxonomy":"category","embeddable":true,"href":"https:\/\/www.europesays.com\/fr\/wp-json\/wp\/v2\/categories?post=795109"},{"taxonomy":"post_tag","embeddable":true,"href":"https:\/\/www.europesays.com\/fr\/wp-json\/wp\/v2\/tags?post=795109"}],"curies":[{"name":"wp","href":"https:\/\/api.w.org\/{rel}","templated":true}]}}