{"id":795208,"date":"2026-03-13T05:18:22","date_gmt":"2026-03-13T05:18:22","guid":{"rendered":"https:\/\/www.europesays.com\/fr\/795208\/"},"modified":"2026-03-13T05:18:22","modified_gmt":"2026-03-13T05:18:22","slug":"municipales-a-paris-rachida-dati-appelle-a-lunion-contre-une-gauche-radicale","status":"publish","type":"post","link":"https:\/\/www.europesays.com\/fr\/795208\/","title":{"rendered":"Municipales \u00e0 Paris: Rachida Dati appelle \u00e0 l&rsquo;union contre une \u00ab\u00a0gauche radicale\u00a0\u00bb"},"content":{"rendered":"<p class=\"mb-4 text-lg md:leading-8 break-words\">Rachida Dati, candidate de la droite \u00e0 la mairie de Paris, a appel\u00e9 jeudi soir \u00e0 \u00ab\u00a0l&rsquo;union de tous les Parisiens\u00a0\u00bb contre une \u00ab\u00a0gauche radicale\u00a0\u00bb, lors de son premier et dernier grand meeting public, \u00e0 trois jours d&rsquo;un premier tour qui s&rsquo;annonce particuli\u00e8rement serr\u00e9.<\/p>\n<p class=\"mb-4 text-lg md:leading-8 break-words\">\u00ab\u00a0J&rsquo;en appelle \u00e0 l&rsquo;union de tous les Parisiens qui veulent en finir avec cette gauche radicale qui d\u00e9truit notre ville et nos valeurs\u00a0\u00bb, a-t-elle d\u00e9clar\u00e9 \u00e0 l&rsquo;Elys\u00e9e Montmartre devant plus d&rsquo;un millier de sympathisants, 1.600 selon les organisateurs.<\/p>\n<p class=\"mb-4 text-lg md:leading-8 break-words\">\u00ab\u00a0Je suis la seule candidate en mesure de faire gagner le souhait d&rsquo;alternance qui est majoritaire \u00e0 Paris\u00a0\u00bb, a assur\u00e9 la candidate LR soutenue par le MoDem et l&rsquo;UDI, aux c\u00f4t\u00e9s de ses t\u00eates de liste d&rsquo;arrondissement. \u00ab\u00a0Si c&rsquo;est le choix du coeur, faites le choix du coeur ! Si ce doit \u00eatre le choix de la raison, je vous demande de faire le choix de la raison !\u00a0\u00bb, a-t-elle poursuivi dans un discours interrompu par des slogans de sympathisants \u00ab\u00a0Changer Paris avec Dati\u00a0\u00bb.<\/p>\n<p class=\"mb-4 text-lg md:leading-8 break-words\">Parmi les personnalit\u00e9s pr\u00e9sentes, le pr\u00e9sident du S\u00e9nat, G\u00e9rard Larcher, l&rsquo;ex-Premier ministre, Michel Barnier, plusieurs membres du gouvernement tels le ministre Renaissance Benjamin Haddad, ralli\u00e9 \u00e0 Mme Dati en d\u00e9pit du choix de son parti de soutenir Pierre-Yves Bournazel, Annie Genevard ou Na\u00efma Moutchou.<\/p>\n<p class=\"mb-4 text-lg md:leading-8 break-words\">Des personnalit\u00e9s de droite comme Xavier Bertrand ou Herv\u00e9 Marseille, pr\u00e9sident du groupe Union centriste au S\u00e9nat, avaient \u00e9galement fait le d\u00e9placement.<\/p>\n<p class=\"mb-4 text-lg md:leading-8 break-words\">Dans son discours, Rachida Dati a une nouvelle fois d\u00e9peint un Paris \u00ab\u00a0ville de tous les r\u00eaves\u00a0\u00bb devenue \u00ab\u00a0ville en d\u00e9clin\u00a0\u00bb, m\u00ealant les probl\u00e9matiques de salet\u00e9, d&rsquo;ins\u00e9curit\u00e9 ou encore le scandale des violences sexuelles dans le p\u00e9riscolaire.<\/p>\n<p class=\"mb-4 text-lg md:leading-8 break-words\">Cr\u00e9dit\u00e9e de 26,5% \u00e0 29% des voix selon trois derniers sondages au premier tour, derri\u00e8re son concurrent de la gauche hors LFI Emmanuel Gr\u00e9goire, l&rsquo;ex-ministre de la Culture n&rsquo;est pas suffisamment haute pour ne pas d\u00e9pendre de tractations dans l&rsquo;entre-deux-tours.<\/p>\n<p class=\"mb-4 text-lg md:leading-8 break-words\">Qualifiant l&rsquo;\u00e9lection de \u00ab\u00a0tr\u00e8s serr\u00e9e\u00a0\u00bb, Mme Dati, qui avait \u00e9t\u00e9 battue en 2020 par la maire socialiste sortante Anne Hidalgo, s&rsquo;estime aujourd&rsquo;hui la seule \u00e0 m\u00eame de rassembler les Parisiens \u00ab\u00a0de la Muette \u00e0 Barb\u00e8s\u00a0\u00bb.<\/p>\n<p class=\"mb-4 text-lg md:leading-8 break-words\">Prise en \u00e9tau entre ses concurrents de centre droit Pierre-Yves Bournazel et d&rsquo;extr\u00eame droite Sarah Knafo, appelle au \u00ab\u00a0vote utile\u00a0\u00bb depuis le d\u00e9but de la campagne.<\/p>\n<p class=\"mb-4 text-lg md:leading-8 break-words\">La maire du 7e arrondissement estime qu&rsquo;il ne serait \u00ab\u00a0pas possible\u00a0\u00bb de s&rsquo;allier avec l&rsquo;eurod\u00e9put\u00e9e Reconqu\u00eate, en progression dans les sondages, car cela lui ferait perdre trop de voix au centre droit.<\/p>\n<p class=\"mb-4 text-lg md:leading-8 break-words\">Elle met en revanche la pression sur le candidat Horizons et Renaissance, l&rsquo;accusant d&#8217;emp\u00eacher l&rsquo;alternance s&rsquo;il se maintient.<\/p>\n<p class=\"mb-4 text-lg md:leading-8 break-words\">Dans un micro tendu, Mme Dati a de nouveau jug\u00e9 qu&rsquo;il n&rsquo;y avait \u00ab\u00a0pas de compatibilit\u00e9\u00a0\u00bb avec Sarah Knafo, pr\u00e9f\u00e9rant s&rsquo;adresser aux \u00e9lecteurs de cette derni\u00e8re, selon elle \u00ab\u00a0vraiment tr\u00e8s en col\u00e8re par rapport \u00e0 cette gauche et cette gauche radicale\u00a0\u00bb.<\/p>\n<p class=\"mb-4 text-lg md:leading-8 break-words\">\u00ab\u00a0La gauche traditionnelle, le Parti socialiste, a tout c\u00e9d\u00e9 \u00e0 cette gauche radicale (&#8230;) la gauche antis\u00e9mite (&#8230;), antipolice, raciste\u00a0\u00bb, a-t-elle ajout\u00e9.<\/p>\n<p class=\"mb-4 text-lg md:leading-8 break-words\">Pr\u00e9sum\u00e9e innocente, Mme Dati est par ailleurs renvoy\u00e9e en proc\u00e8s en septembre pour \u00ab\u00a0corruption\u00a0\u00bb et \u00ab\u00a0trafic d&rsquo;influence\u00a0\u00bb dans l&rsquo;affaire Renault-Nissan. Elle encourt jusqu&rsquo;\u00e0 dix ans d&#8217;emprisonnement et cinq ans d&rsquo;in\u00e9ligibilit\u00e9 pour des faits survenus alors qu&rsquo;elle \u00e9tait d\u00e9put\u00e9e europ\u00e9enne et qu&rsquo;elle conteste.<\/p>\n<p class=\"mb-4 text-lg md:leading-8 break-words\">hdu\/bfa\/bfi<\/p>\n","protected":false},"excerpt":{"rendered":"Rachida Dati, candidate de la droite \u00e0 la mairie de Paris, a appel\u00e9 jeudi soir \u00e0 \u00ab\u00a0l&rsquo;union de&hellip;\n","protected":false},"author":2,"featured_media":795209,"comment_status":"","ping_status":"","sticky":false,"template":"","format":"standard","meta":{"footnotes":"","_share_on_mastodon":"0"},"categories":[1888],"tags":[1111,1928,11,1927,1777,674,1011,27,87465,2381,12,1926,626,1925,27877,417,25],"class_list":["post-795208","post","type-post","status-publish","format-standard","has-post-thumbnail","category-paris","tag-actu","tag-actu-paris","tag-actualites","tag-actualites-paris","tag-eu","tag-europe","tag-fr","tag-france","tag-l39elysee-montmartre","tag-mairie-de-paris","tag-news","tag-news-paris","tag-paris","tag-paris-news","tag-president-du-senat","tag-rachida-dati","tag-republique-francaise"],"share_on_mastodon":{"url":"https:\/\/pubeurope.com\/@fr\/116220179658641878","error":""},"_links":{"self":[{"href":"https:\/\/www.europesays.com\/fr\/wp-json\/wp\/v2\/posts\/795208","targetHints":{"allow":["GET"]}}],"collection":[{"href":"https:\/\/www.europesays.com\/fr\/wp-json\/wp\/v2\/posts"}],"about":[{"href":"https:\/\/www.europesays.com\/fr\/wp-json\/wp\/v2\/types\/post"}],"author":[{"embeddable":true,"href":"https:\/\/www.europesays.com\/fr\/wp-json\/wp\/v2\/users\/2"}],"replies":[{"embeddable":true,"href":"https:\/\/www.europesays.com\/fr\/wp-json\/wp\/v2\/comments?post=795208"}],"version-history":[{"count":0,"href":"https:\/\/www.europesays.com\/fr\/wp-json\/wp\/v2\/posts\/795208\/revisions"}],"wp:featuredmedia":[{"embeddable":true,"href":"https:\/\/www.europesays.com\/fr\/wp-json\/wp\/v2\/media\/795209"}],"wp:attachment":[{"href":"https:\/\/www.europesays.com\/fr\/wp-json\/wp\/v2\/media?parent=795208"}],"wp:term":[{"taxonomy":"category","embeddable":true,"href":"https:\/\/www.europesays.com\/fr\/wp-json\/wp\/v2\/categories?post=795208"},{"taxonomy":"post_tag","embeddable":true,"href":"https:\/\/www.europesays.com\/fr\/wp-json\/wp\/v2\/tags?post=795208"}],"curies":[{"name":"wp","href":"https:\/\/api.w.org\/{rel}","templated":true}]}}