{"id":795221,"date":"2026-03-13T05:25:20","date_gmt":"2026-03-13T05:25:20","guid":{"rendered":"https:\/\/www.europesays.com\/fr\/795221\/"},"modified":"2026-03-13T05:25:20","modified_gmt":"2026-03-13T05:25:20","slug":"paris-nest-pas-aussi-ouvert-au-monde-quil-pretend-letre","status":"publish","type":"post","link":"https:\/\/www.europesays.com\/fr\/795221\/","title":{"rendered":"Paris n\u2019est pas aussi ouvert au monde qu\u2019il pr\u00e9tend l\u2019\u00eatre"},"content":{"rendered":"\n<p>Les Parisiens \u00e9liront bient\u00f4t leur nouveau maire. La sortante, la socialiste Anne Hidalgo, fille d\u2019immigr\u00e9s espagnols ayant fui la dictature franquiste, ne se repr\u00e9sentera pas. L\u2019une des favorites pour lui succ\u00e9der est une certaine Rachida Dati, une conservatrice d\u2019origine maghr\u00e9bine.<\/p>\n<p>La capitale fran\u00e7aise est un v\u00e9ritable melting-pot \u2013 elle a toujours attir\u00e9 ceux qui fuient la pers\u00e9cution ou la mis\u00e8re. Il semble donc parfaitement logique qu\u2019elle soit gouvern\u00e9e par des individus \u00e0 son image. Mais les sondages me h\u00e9rissent. Dans cette ville cosmopolite, quelque 15\u00a0% des \u00e9lecteurs comptent donner leur voix<a href=\"https:\/\/www.courrierinternational.com\/article\/vu-d-espagne-municipales-a-paris-sarah-knafo-une-campagne-copiee-sur-zohran-mamdani-la-haine-en-plus_239729\" rel=\"nofollow noopener\" target=\"_blank\"> \u00e0 l\u2019extr\u00eame droite en mars<\/a>. M\u00eame ici, la peur de l\u2019autre r\u00f4de.<\/p>\n<p> Un immeuble \u00eelot d\u2019exil <\/p>\n<p><a href=\"https:\/\/www.courrierinternational.com\/article\/vu-du-royaume-uni-paris-peut-il-retrouver-ses-heures-de-gloire-avec-la-prochaine-equipe-a-l-hotel-de-ville_239894\" rel=\"nofollow noopener\" target=\"_blank\">La Ville Lumi\u00e8re veut briller<\/a> par son ouverture d\u2019esprit, comme la tour Eiffel scintille dans la nuit. Mais il n\u2019y a pas de lumi\u00e8re sans ombre\u00a0: devant un immeuble de bureaux pr\u00e8s de la Dame de fer, des plaques comm\u00e9moratives rappellent que le r\u00e9gime de Vichy a parqu\u00e9 l\u00e0 des milliers de Juifs en 1942, avant leur d\u00e9part vers les camps de la mort. J\u2019y pense souvent, car c\u2019est justement dans cet immeuble que se trouve mon bureau.<\/p>\n<p>R\u00e9cemment, au cours d\u2019une balade dans le quartier, je suis pass\u00e9 devant un immeuble de style art d\u00e9co, rue Dombasle, qui incarne toute l\u2019ambivalence parisienne \u00e0 l\u2019\u00e9gard<\/p>\n<p>  Vente flash  Pour lire la suite de cet article, abonnez-vous <\/p>\n<p class=\"paywall-text\">Acc\u00e9dez \u00e0\u00a0l\u2019int\u00e9gralit\u00e9 de\u00a0nos contenus sur le\u00a0site et\u00a0l\u2019application en\u00a0vous abonnant \u00e0\u00a0<strong>la\u00a0vente flash<\/strong><\/p>\n<p class=\"price\">D\u00e8s <strong>3,99\u00a0\u20ac<\/strong>\/mois<\/p>\n<p> Sans engagement \u2022 R\u00e9siliable en ligne                             Vente flash  <\/p>\n<p class=\"popin-title\"> <strong>Profitez d\u2019un acc\u00e8s illimit\u00e9 (-43%)<\/strong> <\/p>\n<p>    <img loading=\"lazy\" decoding=\"async\" class=\"popin-img\" src=\"https:\/\/www.europesays.com\/fr\/wp-content\/uploads\/2025\/12\/1766808989_718_fe6cca3_upload-1-y50fm5af5abj-pop-in.png\"  alt=\"Image d'illustration pour l'abonnement\" width=\"300\" height=\"250\"\/>    <\/p>\n<p class=\"price\"> 3,99 \u20ac par mois <\/p>\n<p class=\"popin-engagement\">au lieu de 6,99 \u20ac, r\u00e9siliable \u00e0 tout moment<\/p>\n<p>  <a class=\"ithal-element\" href=\"https:\/\/macommande.courrierinternational.com\/account\/create\/CWADIMENS399PRIO\/CW365N3990ADD1FPRIO?marketing=RCWSITEDISPLAY01\" data-model=\"button\" data-ithal=\"popin_offre_speciale\" data-ithalc=\"[cta_abo]\" id=\"click_popin_offre_speciale\" rel=\"nofollow noopener\" target=\"_blank\">J\u2019en profite<\/a>                <\/p>\n<p class=\"article-vo\"><a href=\"https:\/\/www.spiegel.de\/ausland\/warum-paris-nicht-immer-so-weltoffen-ist-wie-es-tut-a-3a72e1a6-e6e4-43c8-a0d3-96abe4f4b7b0\" rel=\"noopener nofollow\" target=\"_blank\">Lire l\u2019article original<\/a><\/p>\n<p>Nos lecteurs ont lu\u00a0aussi<\/p>\n<p>Source de l\u2019article<\/p>\n<p>   <img decoding=\"async\" class=\"source-logo\" src=\"https:\/\/www.europesays.com\/fr\/wp-content\/uploads\/2026\/01\/a2bd1f4_1643653423104-der-spiegel.jpg\"  alt=\"Logo\" loading=\"lazy\" width=\"32\" height=\"32\"\/>  Der Spiegel  (Hambourg)       <\/p>\n<p>Lanc\u00e9 en 1947, ce grand hebdomadaire ind\u00e9pendant a choisi la ligne du journalisme d\u2019investigation, r\u00e9v\u00e9lant plusieurs scandales politiques. Il est le magazine d\u2019actualit\u00e9s le plus diffus\u00e9 en Allemagne.<\/p>\n<p>      <a href=\"https:\/\/www.courrierinternational.com\/notule-source\/der-spiegel\" class=\"source-link\" rel=\"nofollow noopener\" target=\"_blank\">Lire la suite<\/a>                 <\/p>\n<p>Nos services<\/p>\n","protected":false},"excerpt":{"rendered":"Les Parisiens \u00e9liront bient\u00f4t leur nouveau maire. La sortante, la socialiste Anne Hidalgo, fille d\u2019immigr\u00e9s espagnols ayant fui&hellip;\n","protected":false},"author":2,"featured_media":795222,"comment_status":"","ping_status":"","sticky":false,"template":"","format":"standard","meta":{"footnotes":"","_share_on_mastodon":"0"},"categories":[1587],"tags":[11,672,1804,1805,1803,1777,674,1801,12,1802],"class_list":["post-795221","post","type-post","status-publish","format-standard","has-post-thumbnail","category-allemagne","tag-actualites","tag-allemagne","tag-bundesrepublik-deutschland","tag-de","tag-deutschland","tag-eu","tag-europe","tag-germany","tag-news","tag-republique-federale-dallemagne"],"share_on_mastodon":{"url":"https:\/\/pubeurope.com\/@fr\/116220207530352077","error":""},"_links":{"self":[{"href":"https:\/\/www.europesays.com\/fr\/wp-json\/wp\/v2\/posts\/795221","targetHints":{"allow":["GET"]}}],"collection":[{"href":"https:\/\/www.europesays.com\/fr\/wp-json\/wp\/v2\/posts"}],"about":[{"href":"https:\/\/www.europesays.com\/fr\/wp-json\/wp\/v2\/types\/post"}],"author":[{"embeddable":true,"href":"https:\/\/www.europesays.com\/fr\/wp-json\/wp\/v2\/users\/2"}],"replies":[{"embeddable":true,"href":"https:\/\/www.europesays.com\/fr\/wp-json\/wp\/v2\/comments?post=795221"}],"version-history":[{"count":0,"href":"https:\/\/www.europesays.com\/fr\/wp-json\/wp\/v2\/posts\/795221\/revisions"}],"wp:featuredmedia":[{"embeddable":true,"href":"https:\/\/www.europesays.com\/fr\/wp-json\/wp\/v2\/media\/795222"}],"wp:attachment":[{"href":"https:\/\/www.europesays.com\/fr\/wp-json\/wp\/v2\/media?parent=795221"}],"wp:term":[{"taxonomy":"category","embeddable":true,"href":"https:\/\/www.europesays.com\/fr\/wp-json\/wp\/v2\/categories?post=795221"},{"taxonomy":"post_tag","embeddable":true,"href":"https:\/\/www.europesays.com\/fr\/wp-json\/wp\/v2\/tags?post=795221"}],"curies":[{"name":"wp","href":"https:\/\/api.w.org\/{rel}","templated":true}]}}