{"id":79530,"date":"2025-05-06T14:53:09","date_gmt":"2025-05-06T14:53:09","guid":{"rendered":"https:\/\/www.europesays.com\/fr\/79530\/"},"modified":"2025-05-06T14:53:09","modified_gmt":"2025-05-06T14:53:09","slug":"je-ne-vais-pas-en-dormir-de-la-nuit-cest-tellement-une-reine-elle-merite-tellement-ce-qui-lui-arrive-en-pleurs-la-chanteuse-fait-une-grande-annonce-lors-de-son-concert-au-trianon-les-fans","status":"publish","type":"post","link":"https:\/\/www.europesays.com\/fr\/79530\/","title":{"rendered":"\u00ab\u00a0Je ne vais pas en dormir de la nuit\u00a0\u00bb, \u00ab\u00a0C&rsquo;est tellement une reine\u00a0\u00bb, \u00ab\u00a0Elle m\u00e9rite tellement ce qui lui arrive\u00a0\u00bb : en pleurs, la chanteuse fait une grande annonce lors de son concert au Trianon, les fans r\u00e9agissent"},"content":{"rendered":"<p>La demi-finaliste de la Star Academy 2023 ne s&rsquo;arr\u00eate plus. Ce lundi 5 mai, Helena \u00e9tait au Trianon, \u00e0 Paris, pour la sixi\u00e8me date de sa tourn\u00e9e. Et devant une salle comble, <a data-i13n=\"cpos:1;pos:1\" href=\"https:\/\/fr.news.yahoo.com\/helena-bailly-failli-faire-grosse-090000121.html\" data-ylk=\"slk:la jeune artiste;cpos:1;pos:1;elm:context_link;itc:0;sec:content-canvas;outcm:mb_qualified_link;_E:mb_qualified_link;ct:story;\" class=\"link  yahoo-link\" target=\"_blank\" rel=\"noopener\">la jeune artiste<\/a> de 23 ans a fini en pleurs. Devant Pierre Garnier, Candice, Clara, Victorien, <a data-i13n=\"cpos:2;pos:1\" href=\"https:\/\/fr.news.yahoo.com\/star-academy-2024-michael-goldman-162919008.html\" data-ylk=\"slk:Michael Goldman;cpos:2;pos:1;elm:context_link;itc:0;sec:content-canvas;outcm:mb_qualified_link;_E:mb_qualified_link;ct:story;\" class=\"link  yahoo-link\" target=\"_blank\" rel=\"noopener\">Michael Goldman<\/a> et Marl\u00e8ne Schaff, mais aussi devant son public envo\u00fbt\u00e9, elle a annonc\u00e9 une grande nouvelle : \u00ab\u00a0J&rsquo;ai quelque chose \u00e0 vous annoncer&#8230;<strong>\u00a0<\/strong>Cette tourn\u00e9e est tellement incroyable que l&rsquo;on continue l&rsquo;aventure avec un z\u00e9nith de Paris le 2 avril [2026] et un Forest National le 10 avril [2026].\u00a0\u00bb Une cons\u00e9cration pour celle qui est sortie du <a data-i13n=\"cpos:3;pos:1\" href=\"https:\/\/fr.news.yahoo.com\/star-academy-faux-d%C3%A9cor-rats-153300035.html\" data-ylk=\"slk:ch\u00e2teau;cpos:3;pos:1;elm:context_link;itc:0;sec:content-canvas;outcm:mb_qualified_link;_E:mb_qualified_link;ct:story;\" class=\"link  yahoo-link\" target=\"_blank\" rel=\"noopener\">ch\u00e2teau<\/a> il y a un peu plus d&rsquo;un an seulement.<\/p>\n<p>\u00ab\u00a0Oh mon dieu, Helena a annonc\u00e9 qu&rsquo;elle rajoute un Zenith \u00e0 Paris et un Forest National.\u00a0\u00bb Les fans de la chanteuse n&rsquo;en reviennent pas. \u00ab\u00a0Helena qui rajoute deux dates (et quelles dates !). Je ne vais pas en dormir de la nuit\u00a0\u00bb, continue une internaute sur X. \u00ab\u00a0Les petites salles c\u2019est bien pour le c\u00f4t\u00e9 intimiste proximit\u00e9 mais quand on voit ce qu\u2019elle propose sur ces salles en termes de sc\u00e9nographie et de performance, j\u2019ai \u00e9galement h\u00e2te de la voir en Zenith.\u00a0\u00bb<\/p>\n<blockquote placeholder=\"\" data-theme=\"light\" class=\"twitter-tweet\">\n<p>L&rsquo;\u00e9motion d&rsquo;H\u00e9l\u00e9na \u00e0 la fin de son concert au Trianon \u00e0 Paris.\ud83e\udd79 <\/p>\n<p>Forte du succ\u00e8s de sa tourn\u00e9e, la chanteuse a annonc\u00e9 l&rsquo;ajout de deux nouvelles dates en 2026, un Z\u00e9nith de Paris le 2 avril, et un troisi\u00e8me Forest National le 10 avril. \u00a9frenchcup.oftea <a href=\"https:\/\/t.co\/hxz463YpwQ\" rel=\"nofollow noopener\" target=\"_blank\" data-ylk=\"slk:pic.twitter.com\/hxz463YpwQ;elm:context_link;itc:0;sec:content-canvas\" class=\"link \">pic.twitter.com\/hxz463YpwQ<\/a><\/p>\n<p>\u2014 NEWS TV R\u00c9AL (@NewsTVReal) <a href=\"https:\/\/twitter.com\/NewsTVReal\/status\/1919664876072436164?ref_src=twsrc%5Etfw\" rel=\"nofollow noopener\" target=\"_blank\" data-ylk=\"slk:May 6, 2025;elm:context_link;itc:0;sec:content-canvas\" class=\"link \">May 6, 2025<\/a><\/p>\n<\/blockquote>\n<p>\u00ab\u00a0C&rsquo;est tellement une reine\u00a0\u00bb, lance l&rsquo;un. \u00ab\u00a0C&rsquo;est tellement la pop-star du moment\u00a0\u00bb, continue l&rsquo;autre. \u00ab\u00a0C&rsquo;est une immense r\u00e9v\u00e9lation sur sc\u00e8ne Helena.\u00a0\u00bb Ceux qui suivent son parcours depuis son entr\u00e9e au ch\u00e2teau sont fiers d&rsquo;elle : \u00ab\u00a0Elle m\u00e9rite tellement ce qui lui arrive\u00a0\u00bb, \u00ab\u00a0On dirait qu&rsquo;elle a 10 ans d&rsquo;exp\u00e9rience\u00a0\u00bb, \u00ab\u00a0Le niveau de concert d&rsquo;Helena est exceptionnel\u00a0\u00bb, \u00ab\u00a0Je suis tellement fi\u00e8re de la voir briller comme \u00e7a\u00a0\u00bb, \u00ab\u00a0Une grande artiste\u00a0\u00bb, &#8230; Des commentaires comme ceux-l\u00e0, on en d\u00e9couvre par centaines sur les r\u00e9seaux sociaux.<\/p>\n<p>\u00ab\u00a0Elle m\u00e9rite tout. Je suis tellement fi\u00e8re de la soutenir depuis le d\u00e9but et de voir o\u00f9 elle en est\u00a0\u00bb, confie une fan de la chanteuse, \u00e9mue aux larmes. \u00ab\u00a0Elle est vraiment la star qu&rsquo;elle pense \u00eatre\u00a0\u00bb, lance une autre. \u00ab\u00a0Je peux mourir en paix. Vraiment elle est magnifique. Des \u00e9toiles plein les yeux. Elle est tellement faite pour la sc\u00e8ne\u00a0\u00bb, termine une autre, pr\u00e9sente au Trianon. Pour avoir la chance de chanter \u00e0 ses c\u00f4t\u00e9s lors de ses deux nouvelles dates, il va falloir se d\u00e9p\u00eacher. Les places risquent de partir (tr\u00e8s) vite.<\/p>\n<p><script async src=\"https:\/\/platform.twitter.com\/widgets.js\" charset=\"utf-8\"><\/script><\/p>\n","protected":false},"excerpt":{"rendered":"La demi-finaliste de la Star Academy 2023 ne s&rsquo;arr\u00eate plus. Ce lundi 5 mai, Helena \u00e9tait au Trianon,&hellip;\n","protected":false},"author":2,"featured_media":79531,"comment_status":"","ping_status":"","sticky":false,"template":"","format":"standard","meta":{"footnotes":""},"categories":[1355],"tags":[58,59,1011,27,5094,18439,1361,873,5096,5095,18617],"class_list":{"0":"post-79530","1":"post","2":"type-post","3":"status-publish","4":"format-standard","5":"has-post-thumbnail","7":"category-musique","8":"tag-divertissement","9":"tag-entertainment","10":"tag-fr","11":"tag-france","12":"tag-helena","13":"tag-michael-goldman","14":"tag-music","15":"tag-musique","16":"tag-pierre-garnier","17":"tag-star-academy","18":"tag-trianon"},"share_on_mastodon":{"url":"https:\/\/pubeurope.com\/@fr\/114461462062700916","error":""},"_links":{"self":[{"href":"https:\/\/www.europesays.com\/fr\/wp-json\/wp\/v2\/posts\/79530","targetHints":{"allow":["GET"]}}],"collection":[{"href":"https:\/\/www.europesays.com\/fr\/wp-json\/wp\/v2\/posts"}],"about":[{"href":"https:\/\/www.europesays.com\/fr\/wp-json\/wp\/v2\/types\/post"}],"author":[{"embeddable":true,"href":"https:\/\/www.europesays.com\/fr\/wp-json\/wp\/v2\/users\/2"}],"replies":[{"embeddable":true,"href":"https:\/\/www.europesays.com\/fr\/wp-json\/wp\/v2\/comments?post=79530"}],"version-history":[{"count":0,"href":"https:\/\/www.europesays.com\/fr\/wp-json\/wp\/v2\/posts\/79530\/revisions"}],"wp:featuredmedia":[{"embeddable":true,"href":"https:\/\/www.europesays.com\/fr\/wp-json\/wp\/v2\/media\/79531"}],"wp:attachment":[{"href":"https:\/\/www.europesays.com\/fr\/wp-json\/wp\/v2\/media?parent=79530"}],"wp:term":[{"taxonomy":"category","embeddable":true,"href":"https:\/\/www.europesays.com\/fr\/wp-json\/wp\/v2\/categories?post=79530"},{"taxonomy":"post_tag","embeddable":true,"href":"https:\/\/www.europesays.com\/fr\/wp-json\/wp\/v2\/tags?post=79530"}],"curies":[{"name":"wp","href":"https:\/\/api.w.org\/{rel}","templated":true}]}}