{"id":79597,"date":"2025-05-06T15:30:10","date_gmt":"2025-05-06T15:30:10","guid":{"rendered":"https:\/\/www.europesays.com\/fr\/79597\/"},"modified":"2025-05-06T15:30:10","modified_gmt":"2025-05-06T15:30:10","slug":"larcheveque-de-marseille-futur-pape-avant-le-conclave-les-fideles-y-croient-et-esperent","status":"publish","type":"post","link":"https:\/\/www.europesays.com\/fr\/79597\/","title":{"rendered":"L\u2019archev\u00eaque de Marseille futur pape ? Avant le conclave, les fid\u00e8les \u00ab\u00a0y croient\u00a0\u00bb et \u00ab\u00a0esp\u00e8rent\u00a0\u00bb"},"content":{"rendered":"<p>            Par<br \/>\n        <strong><br \/>\n            <a href=\"https:\/\/actu.fr\/auteur\/fabien-binacchi\" title=\"Consulter tous les articles de Fabien Binacchi\" target=\"_blank\" rel=\"noopener\">Fabien Binacchi<\/a><br \/>\n        <\/strong><\/p>\n<p>        Publi\u00e9 le<\/p>\n<p>            6 mai 2025 \u00e0 17h15        <\/p>\n<p>Et si l\u2019archev\u00eaque de <a href=\"https:\/\/actu.fr\/marseille\/\" target=\"_blank\" rel=\"noopener\">Marseille<\/a>, le cardinal Jean-Marc Aveline, \u00e9tait l\u2019\u00e9lu\u2009? Si le conclave, qui s\u2019ouvre d\u00e8s ce mercredi 7\u00a0mai au Vatican, d\u00e9cider de le propulser \u00e0 la t\u00eate de l\u2019\u00c9glise catholique\u2009? Dans la cit\u00e9 phoc\u00e9enne, les fid\u00e8les continuent de \u00ab\u2009croire\u2009\u00bb aux chances de<strong> ce \u00ab\u2009digne successeur\u2009\u00bb du pape Fran\u00e7ois,<\/strong> dont ils chantent les louanges.<\/p>\n<p class=\" wall-content\">M\u00eame s\u2019ils ont bien conscience que <a href=\"https:\/\/actu.fr\/monde\/l-un-d-eux-pourrait-devenir-le-nouveau-pape-decouvrez-les-16-cardinaux-favoris-pour-succeder-a-francois_62594707.html\" target=\"_blank\" rel=\"noopener\">la concurrence est rude<\/a> et qu\u2019il souffre de quelques handicaps pour acc\u00e9der \u00e0 la fonction supr\u00eame de l\u2019\u00c9glise catholique.<\/p>\n<p>\u00ab\u2009Un homme du peuple\u2009\u00bb<\/p>\n<p class=\" wall-content\">Ce mardi 6\u00a0mai 2025, la messe de midi est sur le point de commencer \u00e0 <strong>Saint-Ferr\u00e9ol les Augustins.<\/strong> Une vingtaine de personnes a d\u00e9j\u00e0 pris place sur les bancs de cette \u00e9glise qui donne directement sur le Vieux-Port de Marseille.<\/p>\n<p class=\" wall-content\">Suzanne en sort. Cette fid\u00e8le est juste pass\u00e9e en coup de vent. actu Marseille l\u2019arr\u00eate pour lui parler de \u00ab\u2009Monseigneur Aveline et des chances de devenir le futur pape\u2009\u00bb. Son visage s\u2019\u00e9claire\u2009: \u00ab<strong>\u2009Il est merveilleux, compatissant. C\u2019est un homme tout simple,<\/strong> un homme du peuple. Il a tout fait les id\u00e9es du pape Fran\u00e7ois\u2009\u00bb, glisse-t-elle, un gros bouquet de fleurs artificielles, tout juste achet\u00e9, \u00e0 la main.<\/p>\n<p class=\" wall-content\">Sous un rayon de soleil, cette habitante du quartier Saint-Victor poursuit\u2009:<\/p>\n<p>Vid\u00e9os : en ce moment sur Actu<\/p>\n<blockquote class=\"ac-article-quote wall-content\">\n<p>\u00ab\u00a0J&rsquo;ose y croire, en tout cas. Je sais que Dieu choisira son bon pasteur. C&rsquo;est n&rsquo;est pas \u00e0 nous de d\u00e9cider. Mais, dans mon petit for int\u00e9rieur, j&rsquo;esp\u00e8re bien que ce soit lui. Pas parce qu&rsquo;il est de Marseille, pas du tout, mais parce que c&rsquo;est un cardinal magnifique.\u00a0\u00bb<\/p>\n<p>    <strong\/>\n            <\/p><\/blockquote>\n<p>Le premier pape fran\u00e7ais depuis le XIVe\u00a0si\u00e8cle\u2009?<\/p>\n<p class=\" wall-content\">Elle l\u2019assure\u2009: \u00ab\u2009beaucoup d\u2019entre nous esp\u00e9rons que ce soit lui\u2009\u00bb. D\u00e9crit comme \u00ab\u2009\u00e9rudit et chaleureux\u2009\u00bb par les t\u00e9moins rencontr\u00e9s, Jean-Marc Aveline, 66 ans, remporte tous les suffrages dans la cit\u00e9 phoc\u00e9enne et m\u00eame au-del\u00e0. Il y a quelques semaines, il a \u00e9t\u00e9 <strong>\u00e9lu, d\u00e8s le premier tour, \u00e0 la t\u00eate de la Conf\u00e9rence des \u00e9v\u00eaques de France.<\/strong><\/p>\n<p class=\" wall-content\">Une nouvelle fonction qu\u2019il doit prendre au mois de juillet, sauf s\u2019il \u00e9tait amen\u00e9 \u00e0 de plus hautes responsabilit\u00e9s. L\u2019ultime fonction de l\u2019\u00c9glise catholique.<\/p>\n<p class=\" wall-content\">L\u2019archev\u00eaque de Marseille et les 132 autres cardinaux, arriv\u00e9s lundi \u00e0 Rome, en d\u00e9cideront d\u00e8s ce 7\u00a0mai. Ils s\u2019enfermeront dans la chapelle Sixtine jusqu\u2019\u00e0 ce qu\u2019un nuage de fum\u00e9e blanche, symbole d\u2019une \u00e9lection, s\u2019envole au-dessus de la basilique Saint-Pierre.<\/p>\n<p class=\" wall-content\">Et si c\u2019\u00e9tait lui qui \u00e9tait choisi, <strong>ce serait dans tous les cas un \u00e9v\u00e9nement<\/strong>\u2009: Gr\u00e9goire XI est le dernier pape fran\u00e7ais et son pontificat date de\u2026 1370.<\/p>\n<p>\u00ab\u2009Une grande fiert\u00e9 pour Marseille\u2009\u00bb<\/p>\n<p class=\" wall-content\">\u00ab\u2009Ce serait surtout une grande fiert\u00e9 pour Marseille\u2009\u00bb, appuie Charlotte, 20 ans, \u00e9tudiante, qui passe une simple t\u00eate dans l\u2019\u00e9glise Saint-Ferr\u00e9ol ce mardi midi. \u00ab\u2009Croyante, mais pas pratiquante\u2009\u00bb, la jeune femme, qui arbore une croix autour de son cou, \u00ab\u2009ne savait m\u00eame pas\u2009\u00bb que le cardinal local faisait partie des <strong>\u00ab\u2009papabili\u2009\u00bb,<\/strong> ceux que les observateurs verraient bien comme potentiels successeurs du souverain pontife disparu \u00e0 l\u2019\u00e2ge de 88\u00a0ans.<\/p>\n<p>      <img   decoding=\"async\" loading=\"lazy\" src=\"https:\/\/www.europesays.com\/fr\/wp-content\/uploads\/2025\/05\/aveline-francois-960x640.jpg\" alt=\"L'archev\u00eaque de Marseille Jean-Marc Aveline et le pape Fran\u00e7oise, en septembre 2023 dans la cit\u00e9 phoc\u00e9enne.\" width=\"960\" height=\"640\"\/><br \/>\n    L\u2019archev\u00eaque de Marseille Jean-Marc Aveline et le pape Fran\u00e7ois, en septembre\u00a02023 dans la cit\u00e9 phoc\u00e9enne. (\u00a9Dioc\u00e8se de Marseille)<\/p>\n<p class=\" wall-content\">Mais elle est totalement \u00ab\u2009pour\u2009\u00bb. \u00ab\u2009<strong>La repr\u00e9sentation du pape \u00e0 l\u2019heure actuelle est quand m\u00eame assez d\u00e9cisive,<\/strong> on voit que Fran\u00e7ois a quand m\u00eame donn\u00e9 ses positions sur des trucs qui me tiennent \u00e0 c\u0153ur, tout ce qui est inclusion sociale, sur la guerre aussi. Et si c\u2019est un Marseillais qui prend la suite, il y aura des bons c\u00f4t\u00e9s\u2009\u00bb, avance-t-elle.<\/p>\n<p>Un pontificat conservateur ou lib\u00e9ral\u2009?<\/p>\n<p class=\" wall-content\">C\u2019est un peu tout le d\u00e9bat, en tout cas pour la presse italienne, qui voit actuellement <strong>un duel entre Giorgia Meloni et Emmanuel Macron.<\/strong> Selon les titres transalpins, les deux chefs d\u2019\u00c9tat chercheraient \u00e0 influencer le choix du futur pape, que l\u2019une esp\u00e9rerait davantage conservateur et que l\u2019autre verrait plut\u00f4t lib\u00e9ral.<\/p>\n<p class=\" wall-content\">Jean-Marc Aveline, que le pr\u00e9sident de la R\u00e9publique a rencontr\u00e9 \u00e0 Rome avec trois autres cardinaux fran\u00e7ais, est justement de ceux \u00ab\u2009qui <strong>pr\u00f4nent l\u2019ouverture<\/strong> et on en a bien besoin\u2009\u00bb, abonde Catherine*, fid\u00e8le parmi les fid\u00e8les de la paroisse marseillaise.<\/p>\n<p>\u00ab\u2009Il est trop jeune et ne parle pas italien\u2009\u00bb<\/p>\n<p class=\" wall-content\">Sur le parvis de l\u2019\u00e9glise du Vieux-Port, \u00e0 la sortie de la Canebi\u00e8re, elle aussi chante les louanges de l\u2019archev\u00eaque\u2009: \u00ab\u2009<strong>Il est vraiment dans la lign\u00e9e de Fran\u00e7ois.<\/strong> C\u2019est un peu son digne successeur. Ils \u00e9taient d\u2019ailleurs tr\u00e8s complices. J\u2019esp\u00e8re qu\u2019il sera le futur pape\u2009\u00bb. \u00ab\u2009Mais\u2009\u00bb, parce qu\u2019il y a un \u00ab\u2009mais\u2009\u00bb, <strong>\u00ab\u2009ces chances sont faibles\u2009\u00bb<\/strong>, tranche la retrait\u00e9e.<\/p>\n<p class=\" wall-content\">\u00ab\u2009Il est trop jeune, dit-elle. Il aurait eu cinq ans de plus, je ne dis pas, mais l\u00e0, je ne pense pas que \u00e7a passera. En plus, il ne parle pas italien\u2009\u00bb.<\/p>\n<p class=\" wall-content\">Quel sera le choix des cardinaux\u2009? R\u00e9ponse ce mercredi, voire dans quelques jours. Les derniers conclaves n\u2019avaient pas dur\u00e9 plus de 48\u00a0heures.<\/p>\n<p class=\" wall-content\">*Le pr\u00e9nom a \u00e9t\u00e9 modifi\u00e9<\/p>\n<p class=\" wall-content\">Suivez toute l\u2019actualit\u00e9 de vos villes et m\u00e9dias favoris en vous inscrivant \u00e0 <a href=\"https:\/\/moncompte.actu.fr\" title=\"D\u00e9couvez Mon Actu\" rel=\"nofollow noopener\" data-trk=\"{&quot;cta&quot;:{&quot;action&quot;:&quot;https:\\\/\\\/moncompte.actu.fr&quot;,&quot;category&quot;:&quot;mon compte&quot;,&quot;from&quot;:&quot;article footer&quot;,&quot;name&quot;:&quot;Mon actu&quot;,&quot;type&quot;:&quot;cta&quot;}}\" target=\"_blank\">Mon Actu<\/a>.<\/p>\n","protected":false},"excerpt":{"rendered":"Par Fabien Binacchi Publi\u00e9 le 6 mai 2025 \u00e0 17h15 Et si l\u2019archev\u00eaque de Marseille, le cardinal Jean-Marc&hellip;\n","protected":false},"author":2,"featured_media":79598,"comment_status":"","ping_status":"","sticky":false,"template":"","format":"standard","meta":{"footnotes":""},"categories":[2814],"tags":[1111,11,1777,674,1011,27,884,12,4692,882,4020,25,104],"class_list":{"0":"post-79597","1":"post","2":"type-post","3":"status-publish","4":"format-standard","5":"has-post-thumbnail","7":"category-marseille","8":"tag-actu","9":"tag-actualites","10":"tag-eu","11":"tag-europe","12":"tag-fr","13":"tag-france","14":"tag-marseille","15":"tag-news","16":"tag-pape-francois","17":"tag-provence-alpes-cote-dazur","18":"tag-religion","19":"tag-republique-francaise","20":"tag-societe"},"share_on_mastodon":{"url":"https:\/\/pubeurope.com\/@fr\/114461607527650273","error":""},"_links":{"self":[{"href":"https:\/\/www.europesays.com\/fr\/wp-json\/wp\/v2\/posts\/79597","targetHints":{"allow":["GET"]}}],"collection":[{"href":"https:\/\/www.europesays.com\/fr\/wp-json\/wp\/v2\/posts"}],"about":[{"href":"https:\/\/www.europesays.com\/fr\/wp-json\/wp\/v2\/types\/post"}],"author":[{"embeddable":true,"href":"https:\/\/www.europesays.com\/fr\/wp-json\/wp\/v2\/users\/2"}],"replies":[{"embeddable":true,"href":"https:\/\/www.europesays.com\/fr\/wp-json\/wp\/v2\/comments?post=79597"}],"version-history":[{"count":0,"href":"https:\/\/www.europesays.com\/fr\/wp-json\/wp\/v2\/posts\/79597\/revisions"}],"wp:featuredmedia":[{"embeddable":true,"href":"https:\/\/www.europesays.com\/fr\/wp-json\/wp\/v2\/media\/79598"}],"wp:attachment":[{"href":"https:\/\/www.europesays.com\/fr\/wp-json\/wp\/v2\/media?parent=79597"}],"wp:term":[{"taxonomy":"category","embeddable":true,"href":"https:\/\/www.europesays.com\/fr\/wp-json\/wp\/v2\/categories?post=79597"},{"taxonomy":"post_tag","embeddable":true,"href":"https:\/\/www.europesays.com\/fr\/wp-json\/wp\/v2\/tags?post=79597"}],"curies":[{"name":"wp","href":"https:\/\/api.w.org\/{rel}","templated":true}]}}