{"id":796000,"date":"2026-03-13T13:33:20","date_gmt":"2026-03-13T13:33:20","guid":{"rendered":"https:\/\/www.europesays.com\/fr\/796000\/"},"modified":"2026-03-13T13:33:20","modified_gmt":"2026-03-13T13:33:20","slug":"tesla-devient-fournisseur-delectricite","status":"publish","type":"post","link":"https:\/\/www.europesays.com\/fr\/796000\/","title":{"rendered":"Tesla devient fournisseur d&rsquo;\u00e9lectricit\u00e9 !"},"content":{"rendered":"<p>                <img width=\"1200\" height=\"800\" src=\"https:\/\/www.europesays.com\/fr\/wp-content\/uploads\/2026\/03\/Powerwall3_48.jpg\" class=\"attachment-post-thumbnail size-post-thumbnail wp-post-image\" alt=\"Tesla Energy\" decoding=\"async\" fetchpriority=\"high\"  \/>                <\/p>\n<p><strong>Tesla d\u00e9croche l\u2019autorisation de vendre directement de l\u2019\u00e9lectricit\u00e9 au Royaume-Uni, franchissant une nouvelle \u00e9tape majeure.<\/strong><\/p>\n<p>Tesla vient de franchir un cap historique au Royaume-Uni : la soci\u00e9t\u00e9 am\u00e9ricaine n\u2019est d\u00e9sormais plus seulement un constructeur automobile, mais un fournisseur d\u2019\u00e9lectricit\u00e9 \u00e0 part enti\u00e8re. L\u2019autorit\u00e9 britannique de r\u00e9gulation \u00e9nerg\u00e9tique, Ofgem, a accord\u00e9 \u00e0 Tesla Energy Ventures Ltd. le droit de fournir de l\u2019\u00e9lectricit\u00e9 directement aux foyers et entreprises d\u2019Angleterre, d\u2019\u00c9cosse et du Pays de Galles, apr\u00e8s huit mois d\u2019examen.<\/p>\n<p>Cette licence compl\u00e8te un puzzle strat\u00e9gique entam\u00e9 en 2020, lorsque la soci\u00e9t\u00e9 am\u00e9ricaine avait d\u00e9j\u00e0 obtenu l\u2019autorisation de produire de l\u2019\u00e9lectricit\u00e9 au Royaume-Uni via une filiale distincte. Jusqu\u2019ici, elle pouvait injecter sa production dans le r\u00e9seau, mais pas facturer directement les consommateurs. Aujourd\u2019hui, Tesla peut g\u00e9n\u00e9rer, stocker et vendre de l\u2019\u00e9nergie de mani\u00e8re int\u00e9gr\u00e9e, ouvrant la voie \u00e0 l\u2019expansion de son programme hors des \u00c9tats-Unis.<\/p>\n<p><strong>Tesla \u00e9largit son champ d\u2019action<\/strong><\/p>\n<p>Au Texas, Tesla Electric permet d\u00e9j\u00e0 aux propri\u00e9taires de v\u00e9hicules et utilisateurs de Powerwall de profiter de tarifs pr\u00e9f\u00e9rentiels hors pointe et de revendre leur \u00e9nergie stock\u00e9e au r\u00e9seau en p\u00e9riode de forte demande. Une strat\u00e9gie de \u00ab\u00a0r\u00e9seau \u00e9nerg\u00e9tique distribu\u00e9\u00a0\u00bb qui transforme les batteries domestiques et v\u00e9hicules \u00e9lectriques en v\u00e9ritables centrales virtuelles. Avec plus de 250 000 voitures d\u00e9j\u00e0 en circulation au Royaume-Uni, l\u2019entreprise dispose d\u2019une base client pr\u00eate \u00e0 s\u2019engager dans ce mod\u00e8le innovant.<\/p>\n<p>Tesla mise \u00e9galement sur les centrales virtuelles pour stabiliser le r\u00e9seau et r\u00e9duire les pics de consommation. L\u2019exp\u00e9rience acquise aux \u00c9tats-Unis servira de tremplin pour reproduire ce mod\u00e8le en Europe, consolidant la position de Tesla comme acteur incontournable de la transition \u00e9nerg\u00e9tique.<\/p>\n<p class=\"cross-article__title\">\n        Cet article pourraitvous int\u00e9resser :    <\/p>\n<p>            <img decoding=\"async\" src=\"https:\/\/www.europesays.com\/fr\/wp-content\/uploads\/2026\/03\/V4Supercharger_81.jpg\"   alt=\"\"\/><\/p>\n<p>            <a href=\"https:\/\/mobiwisy.fr\/energie\/recharge\/tesla-ecrit-une-nouvelle-page-de-lhistoire-de-la-recharge-rapide\" rel=\"nofollow noopener\" target=\"_blank\"><br \/>\n                Tesla \u00e9crit une nouvelle page de l\u2019histoire de la recharge rapide            <\/a><\/p>\n<p>Ce mouvement souligne que Tesla n\u2019est plus seulement un constructeur : c\u2019est un fournisseur d\u2019\u00e9nergie int\u00e9gr\u00e9, capable de transformer chaque foyer \u00e9quip\u00e9 d\u2019une Tesla ou d\u2019un Powerwall en maillon actif du r\u00e9seau \u00e9lectrique. L\u2019avenir de l\u2019\u00e9nergie pourrait bient\u00f4t porter le nom de Tesla.<\/p>\n<p><strong>\u00c0 LIRE AUSSI : <a href=\"https:\/\/mobiwisy.fr\/energie\/recharge\/tesla-ecrit-une-nouvelle-page-de-lhistoire-de-la-recharge-rapide\" type=\"post\" id=\"265809\" rel=\"nofollow noopener\" target=\"_blank\">Tesla \u00e9crit une nouvelle page de l\u2019histoire de la recharge rapide<\/a><\/strong><\/p>\n","protected":false},"excerpt":{"rendered":"Tesla d\u00e9croche l\u2019autorisation de vendre directement de l\u2019\u00e9lectricit\u00e9 au Royaume-Uni, franchissant une nouvelle \u00e9tape majeure. Tesla vient de&hellip;\n","protected":false},"author":2,"featured_media":796001,"comment_status":"","ping_status":"","sticky":false,"template":"","format":"standard","meta":{"footnotes":"","_share_on_mastodon":"0"},"categories":[1588],"tags":[11,1777,674,12,473,1853,320,87548,87549,1851,1850,1852],"class_list":["post-796000","post","type-post","status-publish","format-standard","has-post-thumbnail","category-royaume-uni","tag-actualites","tag-eu","tag-europe","tag-news","tag-royaume-uni","tag-royaume-uni-de-grande-bretagne-et-dirlande-du-nord","tag-tesla","tag-tesla-electric","tag-tesla-energy","tag-uk","tag-united-kingdom","tag-united-kingdom-of-great-britain-and-northern-ireland"],"share_on_mastodon":{"url":"https:\/\/pubeurope.com\/@fr\/116222126161518397","error":""},"_links":{"self":[{"href":"https:\/\/www.europesays.com\/fr\/wp-json\/wp\/v2\/posts\/796000","targetHints":{"allow":["GET"]}}],"collection":[{"href":"https:\/\/www.europesays.com\/fr\/wp-json\/wp\/v2\/posts"}],"about":[{"href":"https:\/\/www.europesays.com\/fr\/wp-json\/wp\/v2\/types\/post"}],"author":[{"embeddable":true,"href":"https:\/\/www.europesays.com\/fr\/wp-json\/wp\/v2\/users\/2"}],"replies":[{"embeddable":true,"href":"https:\/\/www.europesays.com\/fr\/wp-json\/wp\/v2\/comments?post=796000"}],"version-history":[{"count":0,"href":"https:\/\/www.europesays.com\/fr\/wp-json\/wp\/v2\/posts\/796000\/revisions"}],"wp:featuredmedia":[{"embeddable":true,"href":"https:\/\/www.europesays.com\/fr\/wp-json\/wp\/v2\/media\/796001"}],"wp:attachment":[{"href":"https:\/\/www.europesays.com\/fr\/wp-json\/wp\/v2\/media?parent=796000"}],"wp:term":[{"taxonomy":"category","embeddable":true,"href":"https:\/\/www.europesays.com\/fr\/wp-json\/wp\/v2\/categories?post=796000"},{"taxonomy":"post_tag","embeddable":true,"href":"https:\/\/www.europesays.com\/fr\/wp-json\/wp\/v2\/tags?post=796000"}],"curies":[{"name":"wp","href":"https:\/\/api.w.org\/{rel}","templated":true}]}}