{"id":79605,"date":"2025-05-06T15:34:08","date_gmt":"2025-05-06T15:34:08","guid":{"rendered":"https:\/\/www.europesays.com\/fr\/79605\/"},"modified":"2025-05-06T15:34:08","modified_gmt":"2025-05-06T15:34:08","slug":"a-quoi-sattendre-ce-mardi-pour-le-trafic-ferroviaire-en-ile-de-france","status":"publish","type":"post","link":"https:\/\/www.europesays.com\/fr\/79605\/","title":{"rendered":"A quoi s\u2019attendre ce mardi pour le trafic ferroviaire en Ile-de-France\u00a0?"},"content":{"rendered":"<p>La journ\u00e9e va \u00eatre encore difficile ce mardi dans les transports en commun en r\u00e9gion parisienne. Le trafic ferroviaire restera en effet perturb\u00e9 en <a href=\"https:\/\/www.20minutes.fr\/dossier\/ile-de-france\" target=\"_blank\" class=\"color-ultramarine c-link\" rel=\"nofollow noopener\">Ile-de-France<\/a> en raison d\u2019un appel \u00e0 la gr\u00e8ve des agents de la <a href=\"https:\/\/www.20minutes.fr\/dossier\/sncf\" target=\"_blank\" class=\"color-ultramarine c-link\" rel=\"nofollow noopener\">SNCF<\/a> lanc\u00e9 par la CGT-Cheminots pour r\u00e9clamer des mesures salariales et une meilleure anticipation des plannings, a annonc\u00e9 lundi SNCF Voyageurs.<\/p>\n<p>Les lignes les plus perturb\u00e9es seront le RER C avec un train sur deux, comme sur les lignes N et V du Transilien, les trains de banlieue de la r\u00e9gion parisienne.<\/p>\n<p>Les RER B et D \u00e9galement touch\u00e9s<\/p>\n<p>Sur le RER B, il y aura un train sur deux sur la partie nord de la ligne, et deux sur trois sur la partie sud, exploit\u00e9e par la RATP. Sur le RER D, il y aura quatre trains sur cinq en circulation par rapport \u00e0 d\u2019habitude. Enfin, deux autres lignes de Transilien seront perturb\u00e9es\u00a0: la U avec deux trains sur trois et la H avec 4 trains sur cinq.<\/p>\n<\/p>\n<p>Sur toutes les autres lignes, le trafic sera normal. Pour cette deuxi\u00e8me journ\u00e9e de gr\u00e8ve, tous les trains grandes lignes circuleront \u00e9galement normalement. SNCF Voyageurs pr\u00e9voit aussi d\u2019avertir ce mardi l\u2019ensemble de ses clients sur le maintien ou non de leur train pour le pont du 8-mai.<\/p>\n","protected":false},"excerpt":{"rendered":"La journ\u00e9e va \u00eatre encore difficile ce mardi dans les transports en commun en r\u00e9gion parisienne. Le trafic&hellip;\n","protected":false},"author":2,"featured_media":79606,"comment_status":"","ping_status":"","sticky":false,"template":"","format":"standard","meta":{"footnotes":""},"categories":[1592],"tags":[1111,11,1777,674,1011,27,17974,662,12,626,625,1306,25,12396,18068,17235,6561,7759,2215,12443,133],"class_list":{"0":"post-79605","1":"post","2":"type-post","3":"status-publish","4":"format-standard","5":"has-post-thumbnail","7":"category-ile-de-france","8":"tag-actu","9":"tag-actualites","10":"tag-eu","11":"tag-europe","12":"tag-fr","13":"tag-france","14":"tag-greve-sncf","15":"tag-ile-de-france","16":"tag-news","17":"tag-paris","18":"tag-ratp","19":"tag-regions","20":"tag-republique-francaise","21":"tag-rer","22":"tag-rer-a","23":"tag-rer-b","24":"tag-rer-c","25":"tag-rer-d","26":"tag-sncf","27":"tag-transilien","28":"tag-video"},"share_on_mastodon":{"url":"https:\/\/pubeurope.com\/@fr\/114461623228793129","error":""},"_links":{"self":[{"href":"https:\/\/www.europesays.com\/fr\/wp-json\/wp\/v2\/posts\/79605","targetHints":{"allow":["GET"]}}],"collection":[{"href":"https:\/\/www.europesays.com\/fr\/wp-json\/wp\/v2\/posts"}],"about":[{"href":"https:\/\/www.europesays.com\/fr\/wp-json\/wp\/v2\/types\/post"}],"author":[{"embeddable":true,"href":"https:\/\/www.europesays.com\/fr\/wp-json\/wp\/v2\/users\/2"}],"replies":[{"embeddable":true,"href":"https:\/\/www.europesays.com\/fr\/wp-json\/wp\/v2\/comments?post=79605"}],"version-history":[{"count":0,"href":"https:\/\/www.europesays.com\/fr\/wp-json\/wp\/v2\/posts\/79605\/revisions"}],"wp:featuredmedia":[{"embeddable":true,"href":"https:\/\/www.europesays.com\/fr\/wp-json\/wp\/v2\/media\/79606"}],"wp:attachment":[{"href":"https:\/\/www.europesays.com\/fr\/wp-json\/wp\/v2\/media?parent=79605"}],"wp:term":[{"taxonomy":"category","embeddable":true,"href":"https:\/\/www.europesays.com\/fr\/wp-json\/wp\/v2\/categories?post=79605"},{"taxonomy":"post_tag","embeddable":true,"href":"https:\/\/www.europesays.com\/fr\/wp-json\/wp\/v2\/tags?post=79605"}],"curies":[{"name":"wp","href":"https:\/\/api.w.org\/{rel}","templated":true}]}}