{"id":79694,"date":"2025-05-06T16:22:08","date_gmt":"2025-05-06T16:22:08","guid":{"rendered":"https:\/\/www.europesays.com\/fr\/79694\/"},"modified":"2025-05-06T16:22:08","modified_gmt":"2025-05-06T16:22:08","slug":"un-accident-entre-cinq-vehicules-provoque-dimportants-bouchons-a-rouen","status":"publish","type":"post","link":"https:\/\/www.europesays.com\/fr\/79694\/","title":{"rendered":"un accident entre cinq v\u00e9hicules provoque d&rsquo;importants bouchons \u00e0 Rouen"},"content":{"rendered":"<p>            Par<br \/>\n        <strong><br \/>\n            <a href=\"https:\/\/actu.fr\/auteur\/louise-boutard\" title=\"Consulter tous les articles de Louise Boutard\" rel=\"nofollow noopener\" target=\"_blank\">Louise Boutard<\/a><br \/>\n        <\/strong><\/p>\n<p>        Publi\u00e9 le<\/p>\n<p>            6 mai 2025 \u00e0 18h20        <\/p>\n<p>Un accident provoque d\u2019importants bouchons \u00e0 <a href=\"https:\/\/actu.fr\/normandie\/rouen_76540\" rel=\"nofollow noopener\" target=\"_blank\">Rouen (Seine-Maritime)<\/a> au niveau du tunnel de la Grand\u2019Mare mardi 6\u00a0mai 2025, depuis la fin d\u2019apr\u00e8s-midi. Une voie du tunnel a \u00e9t\u00e9 ferm\u00e9e \u00e0 la circulation.<\/p>\n<p>Pas de bless\u00e9s graves<\/p>\n<p class=\" wall-content\">Cinq v\u00e9hicules \u00e9taient impliqu\u00e9s dans cet accident. D\u2019apr\u00e8s nos indications, plusieurs victimes ont \u00e9t\u00e9 prises en charge par les secours, dont des bless\u00e9s l\u00e9gers.<\/p>\n<p class=\" wall-content\">Le tunnel est ferm\u00e9 dans le sens \u00ab\u2009montant\u2009\u00bb, de Rouen vers Abbeville. Le secteur est \u00e0 \u00e9viter, car l\u2019accident a provoqu\u00e9 d\u2019importants bouchons sur cet axe extr\u00eamement fr\u00e9quent\u00e9 sur cette heure de pointe.<\/p>\n<p>Suivez l\u2019actualit\u00e9 de Rouen sur<a href=\"https:\/\/www.whatsapp.com\/channel\/0029VaKfnf99hXF2ddApFB1D\" rel=\"nofollow noopener\" target=\"_blank\"> notre cha\u00eene WhatsApp<\/a> et sur <a href=\"https:\/\/www.tiktok.com\/@76actu.fr?lang=fr\" rel=\"nofollow noopener\" target=\"_blank\">notre compte TikTok<\/a><\/p>\n<p class=\" wall-content\">Suivez toute l\u2019actualit\u00e9 de vos villes et m\u00e9dias favoris en vous inscrivant \u00e0 <a href=\"https:\/\/moncompte.actu.fr\" title=\"D\u00e9couvez Mon Actu\" rel=\"nofollow noopener\" data-trk=\"{&quot;cta&quot;:{&quot;action&quot;:&quot;https:\\\/\\\/moncompte.actu.fr&quot;,&quot;category&quot;:&quot;mon compte&quot;,&quot;from&quot;:&quot;article footer&quot;,&quot;name&quot;:&quot;Mon actu&quot;,&quot;type&quot;:&quot;cta&quot;}}\" target=\"_blank\">Mon Actu<\/a>.<\/p>\n<p>                    <script async src=\"\/\/www.tiktok.com\/embed.js\"><\/script><\/p>\n","protected":false},"excerpt":{"rendered":"Par Louise Boutard Publi\u00e9 le 6 mai 2025 \u00e0 18h20 Un accident provoque d\u2019importants bouchons \u00e0 Rouen (Seine-Maritime)&hellip;\n","protected":false},"author":2,"featured_media":79695,"comment_status":"","ping_status":"","sticky":false,"template":"","format":"standard","meta":{"footnotes":""},"categories":[9587],"tags":[119,1111,11,3542,1777,674,1011,27,12,5161,1311,25,9590,104],"class_list":{"0":"post-79694","1":"post","2":"type-post","3":"status-publish","4":"format-standard","5":"has-post-thumbnail","7":"category-rouen","8":"tag-accident","9":"tag-actu","10":"tag-actualites","11":"tag-circulation","12":"tag-eu","13":"tag-europe","14":"tag-fr","15":"tag-france","16":"tag-news","17":"tag-normandie","18":"tag-pompiers","19":"tag-republique-francaise","20":"tag-rouen","21":"tag-societe"},"share_on_mastodon":{"url":"https:\/\/pubeurope.com\/@fr\/114461811976192308","error":""},"_links":{"self":[{"href":"https:\/\/www.europesays.com\/fr\/wp-json\/wp\/v2\/posts\/79694","targetHints":{"allow":["GET"]}}],"collection":[{"href":"https:\/\/www.europesays.com\/fr\/wp-json\/wp\/v2\/posts"}],"about":[{"href":"https:\/\/www.europesays.com\/fr\/wp-json\/wp\/v2\/types\/post"}],"author":[{"embeddable":true,"href":"https:\/\/www.europesays.com\/fr\/wp-json\/wp\/v2\/users\/2"}],"replies":[{"embeddable":true,"href":"https:\/\/www.europesays.com\/fr\/wp-json\/wp\/v2\/comments?post=79694"}],"version-history":[{"count":0,"href":"https:\/\/www.europesays.com\/fr\/wp-json\/wp\/v2\/posts\/79694\/revisions"}],"wp:featuredmedia":[{"embeddable":true,"href":"https:\/\/www.europesays.com\/fr\/wp-json\/wp\/v2\/media\/79695"}],"wp:attachment":[{"href":"https:\/\/www.europesays.com\/fr\/wp-json\/wp\/v2\/media?parent=79694"}],"wp:term":[{"taxonomy":"category","embeddable":true,"href":"https:\/\/www.europesays.com\/fr\/wp-json\/wp\/v2\/categories?post=79694"},{"taxonomy":"post_tag","embeddable":true,"href":"https:\/\/www.europesays.com\/fr\/wp-json\/wp\/v2\/tags?post=79694"}],"curies":[{"name":"wp","href":"https:\/\/api.w.org\/{rel}","templated":true}]}}