{"id":797047,"date":"2026-03-14T00:07:26","date_gmt":"2026-03-14T00:07:26","guid":{"rendered":"https:\/\/www.europesays.com\/fr\/797047\/"},"modified":"2026-03-14T00:07:26","modified_gmt":"2026-03-14T00:07:26","slug":"la-prime-de-risque-remonte-a-74-points-de-base-face-a-lallemagne","status":"publish","type":"post","link":"https:\/\/www.europesays.com\/fr\/797047\/","title":{"rendered":"la prime de risque remonte \u00e0 74 points de base face \u00e0 l&rsquo;Allemagne"},"content":{"rendered":"<p>OAT \u00e0 3,69 % : un \u00e9cart qui creuse l&rsquo;\u00e9cart avec Berlin<\/p>\n<p>Le taux de l&rsquo;OAT \u00e0 10 ans s&rsquo;est tendu \u00e0 3,69 % vendredi soir, contre 3,63 % jeudi, soit une progression de 6 points de base dans la journ\u00e9e. Dans le m\u00eame temps, le Bund allemand \u00e9voluait moins rapidement de 2 points de base \u00e0 2,95 %, refl\u00e9tant lui aussi des pressions haussi\u00e8res sur les taux en zone euro.<\/p>\n<p>L&rsquo;\u00e9cart entre les deux r\u00e9f\u00e9rences s&rsquo;\u00e9tablit ainsi \u00e0 74 points de base, un niveau sensiblement sup\u00e9rieur \u00e0 la moyenne des trente derniers jours, fix\u00e9e \u00e0 63,9 points de base. Le spread se situe donc 10,1 pb au-dessus de cette moyenne, confirmant une d\u00e9t\u00e9rioration nette et rapide de la perception du risque souverain fran\u00e7ais.<\/p>\n<p>La dynamique sur un mois est \u00e9loquente : le spread oscillait encore autour de 59 \u00e0 62 points de base fin f\u00e9vrier, avant d&rsquo;entamer une remont\u00e9e progressive qui s&rsquo;est acc\u00e9l\u00e9r\u00e9e cette semaine, franchissant successivement les paliers de 66, 70 puis 74 points de base en l&rsquo;espace de cinq s\u00e9ances.<\/p>\n<p>Un signal de tension confirm\u00e9, loin des sommets de crise mais en nette d\u00e9gradation<br \/>\n                                                                        Nous n&rsquo;avons pas pu confirmer votre inscription.                                                                                                          Votre inscription est confirm\u00e9e.                                          <\/p>\n<p>Un spread actuel reste tr\u00e8s \u00e9loign\u00e9 du pic historique enregistr\u00e9 le 17 novembre 2011, en pleine crise de la dette souveraine europ\u00e9enne, o\u00f9 l&rsquo;\u00e9cart OAT\/Bund avait atteint 225,1 points de base. Pour autant, le signal actuellement \u00e9mis est qualifi\u00e9 de \u00ab tension \u00e9lev\u00e9e \u00bb : la prime exig\u00e9e pour d\u00e9tenir de la dette fran\u00e7aise plut\u00f4t qu&rsquo;allemande se d\u00e9grade \u00e0 un rythme qui ne peut \u00eatre ignor\u00e9.<\/p>\n<p>Ce rench\u00e9rissement du co\u00fbt de financement implicite intervient dans un contexte de questionnements persistants sur la trajectoire budg\u00e9taire fran\u00e7aise. Chaque point de base suppl\u00e9mentaire alourdit m\u00e9caniquement la charge d&rsquo;int\u00e9r\u00eats \u00e0 venir pour l&rsquo;\u00c9tat, dans un environnement o\u00f9 la France doit refinancer des volumes de dette consid\u00e9rables.<\/p>\n<p>Sur les march\u00e9s actions, la tonalit\u00e9 est rest\u00e9e prudemment n\u00e9gative sans \u00eatre alarmiste : le <a href=\"https:\/\/www.ideal-investisseur.fr\/bourse-cryptos\/bourse-de-paris-le-spectre-dune-hausse-des-taux-plombe-le-cac-40-le-luxe-et-lacier-decrochent-33208.html\" rel=\"nofollow noopener\" target=\"_blank\">CAC 40<\/a> a c\u00e9d\u00e9 0,91 % \u00e0 7 911 points et le DAX 0,60 % \u00e0 23 447,29 points, des baisses mod\u00e9r\u00e9es qui ne traduisent pas de mouvement de panique. Les march\u00e9s obligataires, plus discrets mais plus structurants pour les finances publiques, envoient en revanche un message plus s\u00e9v\u00e8re en cette fin de semaine.<\/p>\n","protected":false},"excerpt":{"rendered":"OAT \u00e0 3,69 % : un \u00e9cart qui creuse l&rsquo;\u00e9cart avec Berlin Le taux de l&rsquo;OAT \u00e0 10&hellip;\n","protected":false},"author":2,"featured_media":797048,"comment_status":"","ping_status":"","sticky":false,"template":"","format":"standard","meta":{"footnotes":"","_share_on_mastodon":"0"},"categories":[1587],"tags":[11,672,1804,1805,1803,1777,674,1801,12,1802],"class_list":["post-797047","post","type-post","status-publish","format-standard","has-post-thumbnail","category-allemagne","tag-actualites","tag-allemagne","tag-bundesrepublik-deutschland","tag-de","tag-deutschland","tag-eu","tag-europe","tag-germany","tag-news","tag-republique-federale-dallemagne"],"share_on_mastodon":{"url":"https:\/\/pubeurope.com\/@fr\/116224619063732187","error":""},"_links":{"self":[{"href":"https:\/\/www.europesays.com\/fr\/wp-json\/wp\/v2\/posts\/797047","targetHints":{"allow":["GET"]}}],"collection":[{"href":"https:\/\/www.europesays.com\/fr\/wp-json\/wp\/v2\/posts"}],"about":[{"href":"https:\/\/www.europesays.com\/fr\/wp-json\/wp\/v2\/types\/post"}],"author":[{"embeddable":true,"href":"https:\/\/www.europesays.com\/fr\/wp-json\/wp\/v2\/users\/2"}],"replies":[{"embeddable":true,"href":"https:\/\/www.europesays.com\/fr\/wp-json\/wp\/v2\/comments?post=797047"}],"version-history":[{"count":0,"href":"https:\/\/www.europesays.com\/fr\/wp-json\/wp\/v2\/posts\/797047\/revisions"}],"wp:featuredmedia":[{"embeddable":true,"href":"https:\/\/www.europesays.com\/fr\/wp-json\/wp\/v2\/media\/797048"}],"wp:attachment":[{"href":"https:\/\/www.europesays.com\/fr\/wp-json\/wp\/v2\/media?parent=797047"}],"wp:term":[{"taxonomy":"category","embeddable":true,"href":"https:\/\/www.europesays.com\/fr\/wp-json\/wp\/v2\/categories?post=797047"},{"taxonomy":"post_tag","embeddable":true,"href":"https:\/\/www.europesays.com\/fr\/wp-json\/wp\/v2\/tags?post=797047"}],"curies":[{"name":"wp","href":"https:\/\/api.w.org\/{rel}","templated":true}]}}