{"id":797232,"date":"2026-03-14T01:58:32","date_gmt":"2026-03-14T01:58:32","guid":{"rendered":"https:\/\/www.europesays.com\/fr\/797232\/"},"modified":"2026-03-14T01:58:32","modified_gmt":"2026-03-14T01:58:32","slug":"ou-est-raph-de-rennes-a-istanbul-raphael-martin-guiheneuc-transforme-lepreuve-en-elan-solidaire","status":"publish","type":"post","link":"https:\/\/www.europesays.com\/fr\/797232\/","title":{"rendered":"O\u00f9 est Raph ? De Rennes \u00e0 Istanbul, Rapha\u00ebl Martin-Guiheneuc transforme l\u2019\u00e9preuve en \u00e9lan solidaire"},"content":{"rendered":"<p>            <a href=\"https:\/\/unidivers.fr\/wp-content\/uploads\/2026\/03\/raphael-martin-guiheneuc-raph-velo-entre-rennes-istanbul-.jpg\" data-caption=\"O\u00f9 est Raph ? De Rennes \u00e0 Istanbul, Rapha\u00ebl Martin-Guiheneuc p\u00e9dale pour faire avancer la recherche sur les tumeurs c\u00e9r\u00e9brales&#010;\" rel=\"nofollow noopener\" target=\"_blank\"><img loading=\"lazy\" decoding=\"async\" width=\"696\" height=\"479\" class=\"entry-thumb td-modal-image\" src=\"https:\/\/www.europesays.com\/fr\/wp-content\/uploads\/2026\/03\/raphael-martin-guiheneuc-raph-velo-entre-rennes-istanbul--696x479.jpg\"   alt=\"raph v\u00e9lo\" title=\"o\u00f9 est Raph ? De Rennes \u00e0 Istanbul,\" data-eio=\"p\"\/><\/a>O\u00f9 est Raph ? De Rennes \u00e0 Istanbul, Rapha\u00ebl Martin-Guiheneuc p\u00e9dale pour faire avancer la recherche sur les tumeurs c\u00e9r\u00e9brales<\/p>\n<p>Partir de <strong>Rennes<\/strong>, rejoindre <strong>Istanbul<\/strong> \u00e0 v\u00e9lo, traverser l\u2019Europe avec une tumeur c\u00e9r\u00e9brale dans l\u2019histoire de sa vie et l\u2019espoir comme boussole. \u00c0 29 ans, <strong>Rapha\u00ebl Martin-Guiheneuc<\/strong> s\u2019\u00e9lance dans un d\u00e9fi \u00e0 la fois physique, intime et profond\u00e9ment collectif. Son projet, O\u00f9 est Raph ?, n\u2019a rien d\u2019une performance narcissique. Il vise \u00e0 <strong>sensibiliser le public aux tumeurs c\u00e9r\u00e9brales<\/strong>, \u00e0 <strong>mettre en lumi\u00e8re les patients, les soignants, les chercheurs et les aidants<\/strong>, et \u00e0 <strong>lever des fonds au profit de l\u2019ARTC<\/strong>, l\u2019Association pour la Recherche sur les Tumeurs C\u00e9r\u00e9brales. Ce voyage de pr\u00e8s de <strong>5000 kilom\u00e8tres<\/strong>, entre Bretagne et Bosphore, raconte moins un exploit qu\u2019une mani\u00e8re de tenir debout. Et de faire de la route non un d\u00e9cor, mais un lien.<\/p>\n<p>La vie de Rapha\u00ebl bascule en <strong>novembre 2020<\/strong>. \u00c0 la suite d\u2019une crise d\u2019\u00e9pilepsie, le diagnostic tombe. Une <strong>tumeur c\u00e9r\u00e9brale<\/strong> est d\u00e9tect\u00e9e. Pour beaucoup, un tel choc fige le temps. Chez lui, il semble au contraire avoir densifi\u00e9 le rapport au r\u00e9el. Originaire de Rennes, aujourd\u2019hui install\u00e9 \u00e0 Paris apr\u00e8s des \u00e9tudes en management et plusieurs exp\u00e9riences \u00e0 l\u2019\u00e9tranger, Rapha\u00ebl traverse depuis plusieurs ann\u00e9es un parcours m\u00e9dical lourd, avec une lucidit\u00e9 impressionnante et une forme de calme qui force le respect.<\/p>\n<p>Il subit une <strong>chirurgie \u00e9veill\u00e9e<\/strong>, deux chimioth\u00e9rapies, deux protonth\u00e9rapies, puis suit d\u00e9sormais un traitement cibl\u00e9. Il d\u00e9couvre dans cette travers\u00e9e la vuln\u00e9rabilit\u00e9, bien s\u00fbr, mais aussi l\u2019importance d\u00e9cisive des proches, la qualit\u00e9 de pr\u00e9sence des soignants, la patience du corps, et cette chose si difficile \u00e0 pr\u00e9server dans les parcours de maladie grave : la capacit\u00e9 de se projeter encore.<\/p>\n<blockquote class=\"wp-block-quote is-layout-flow wp-block-quote-is-layout-flow\">\n<p>\u00ab Je veux que la m\u00e9decine gagne la course contre les tumeurs du cerveau. Plus vite la recherche avance, plus vite les vies changent. \u00bb<\/p>\n<\/blockquote>\n<p>Tout est l\u00e0. Dans cette phrase, \u00e0 la fois simple et puissante, Rapha\u00ebl r\u00e9sume ce que son projet a de plus juste. Il ne s\u2019agit pas seulement de p\u00e9daler loin. Il s\u2019agit de faire avancer, \u00e0 son \u00e9chelle, la recherche et la conscience publique.<\/p>\n<p>Ceux qui connaissent Rapha\u00ebl savent que ce d\u00e9part vers Istanbul n\u2019arrive pas de nulle part. Il s\u2019inscrit dans un rapport ancien au d\u00e9placement, \u00e0 l\u2019effort et aux horizons lointains. Passionn\u00e9 de voyage et de marche, il a parcouru les <strong>Andes<\/strong>, l\u2019<strong>Himalaya<\/strong>, le <strong>GR20<\/strong>, <strong>Compostelle<\/strong> ou encore le p\u00e8lerinage de <strong>Shikoku au Japon<\/strong>. Autant d\u2019itin\u00e9raires qui ont nourri chez lui une forme rare d\u2019endurance, autant physique qu\u2019int\u00e9rieure.<\/p>\n<p>Ces grandes travers\u00e9es lui ont appris \u00e0 ralentir, \u00e0 regarder, \u00e0 accepter l\u2019inconfort, \u00e0 ne pas r\u00e9duire un chemin \u00e0 sa destination. Elles lui ont aussi appris, plus profond\u00e9ment, \u00e0 discerner l\u2019essentiel : la famille, les amis, les projets qui comptent, la pr\u00e9sence au moment v\u00e9cu. Sur les routes de p\u00e8lerinage, il observe les cyclistes. L\u2019id\u00e9e germe alors peu \u00e0 peu. Aller plus loin. \u00catre plus autonome. Inventer un d\u00e9fi \u00e0 la mesure de son histoire et de ses convictions.<\/p>\n<p>Ainsi na\u00eet <strong>Rennes \u2013 Istanbul \u00e0 v\u00e9lo<\/strong>, une diagonale europ\u00e9enne o\u00f9 se m\u00ealent d\u00e9passement de soi, t\u00e9moignage et solidarit\u00e9.<\/p>\n<p>Le parcours imagin\u00e9 par Rapha\u00ebl traversera <strong>la France, la Suisse, l\u2019Italie, la Slov\u00e9nie, l\u2019Autriche, la Croatie, la Bosnie-Herz\u00e9govine, le Mont\u00e9n\u00e9gro, la Serbie, la Mac\u00e9doine du Nord, la Bulgarie et la Turquie<\/strong>. Environ <strong>trois mois de voyage<\/strong>, sous r\u00e9serve de son \u00e9tat de sant\u00e9, des conditions du terrain et des rencontres qui viendront rythmer l\u2019aventure.<\/p>\n<p>Car ici, la performance sportive n\u2019est jamais pens\u00e9e seule. Les priorit\u00e9s sont claires : <strong>rester \u00e0 proximit\u00e9 r\u00e9guli\u00e8re des h\u00f4pitaux<\/strong>, <strong>garantir la s\u00e9curit\u00e9 du trajet<\/strong>, et surtout <strong>privil\u00e9gier les rencontres humaines plut\u00f4t que la vitesse<\/strong>. Rapha\u00ebl pr\u00e9voit, en lien avec l\u2019ARTC, des passages dans plusieurs \u00e9tablissements m\u00e9dicaux afin d\u2019\u00e9changer avec des <strong>chercheurs, m\u00e9decins, soignants, patients et aidants<\/strong>. Il recueillera aussi des t\u00e9moignages, pour que les r\u00e9alit\u00e9s multiples des tumeurs c\u00e9r\u00e9brales soient enfin entendues dans leur complexit\u00e9 humaine.<\/p>\n<p>Des <strong>capsules vid\u00e9o quotidiennes<\/strong> viendront documenter le voyage. Non comme un simple carnet d\u2019exploit, mais comme une chronique sensible de la route, des visages rencontr\u00e9s et des enjeux de la recherche. Un d\u00e9part officiel \u00e0 Rennes est pr\u00e9vu, ainsi qu\u2019un passage \u00e0 <strong>la Piti\u00e9-Salp\u00eatri\u00e8re<\/strong>, o\u00f9 Rapha\u00ebl est soign\u00e9 et suivi.<\/p>\n<p>Le choix d\u2019<strong>Istanbul<\/strong> n\u2019a rien d\u2019anodin. Porte de l\u2019Asie, ville du passage entre les mondes, elle incarne \u00e0 la fois un r\u00eave ancien de voyage et une ligne symbolique. Aller jusque-l\u00e0, c\u2019est atteindre un seuil. C\u2019est faire de l\u2019arriv\u00e9e non un point final, mais une ouverture.<\/p>\n<p><img fetchpriority=\"high\" decoding=\"async\" width=\"300\" height=\"454\" src=\"https:\/\/www.europesays.com\/fr\/wp-content\/uploads\/2026\/03\/raphael-martin-guiheneuc-au-depart-de-son-defi-a-velo-entre-rennes-et-istanbul-pour-soutenir-la-rech.jpeg\" alt=\"o\u00f9 est raph\" class=\"wp-image-3801235\"   data-eio=\"p\"\/>O\u00f9 est Raph ? De Rennes \u00e0 Istanbul, Rapha\u00ebl Martin-Guiheneuc p\u00e9dale pour faire avancer la recherche sur les tumeurs c\u00e9r\u00e9brales<\/p>\n<p>Le c\u0153ur du projet demeure la <strong>collecte de dons au profit de l\u2019ARTC<\/strong>. L\u2019objectif est clair. Soutenir la recherche sur les tumeurs c\u00e9r\u00e9brales, et id\u00e9alement contribuer au financement d\u2019<strong>une th\u00e8se en neuro-oncologie<\/strong>, notamment autour des <strong>astrocytomes<\/strong>. Dans ce domaine, chaque avanc\u00e9e compte. Chaque financement acc\u00e9l\u00e8re la possibilit\u00e9 de mieux comprendre, mieux traiter, mieux accompagner.<\/p>\n<p>Rapha\u00ebl tient \u00e0 une r\u00e8gle de transparence essentielle. <strong>Il finance lui-m\u00eame sa nourriture, son h\u00e9bergement et sa vie personnelle durant le voyage.<\/strong> Les dons collect\u00e9s via la cagnotte HelloAsso sont vers\u00e9s \u00e0 <strong>100 % \u00e0 l\u2019ARTC<\/strong>. Ils sont par ailleurs d\u00e9fiscalisables. Cette clart\u00e9 donne au projet sa force morale. Chaque contribution va l\u00e0 o\u00f9 elle doit aller, vers la recherche et les patients.<\/p>\n<p>Dans un paysage satur\u00e9 d\u2019images et d\u2019appels \u00e0 l\u2019attention, O\u00f9 est Raph ? touche par sa sinc\u00e9rit\u00e9. Le voyage ne sert pas la communication. C\u2019est la communication qui se met au service d\u2019une cause.<\/p>\n<p>Ce projet n\u2019avance pas seul. Il rassemble autour de Rapha\u00ebl un ensemble de partenaires qui disent, chacun \u00e0 leur mani\u00e8re, l\u2019ancrage territorial et la port\u00e9e civique de l\u2019initiative. <strong>Rennes M\u00e9tropole<\/strong>, par l\u2019interm\u00e9diaire de sa Direction de la communication dirig\u00e9e par <strong>Laurent Ri\u00e9ra<\/strong>, accompagne le projet. \u00c0 travers <strong>Ici Rennes<\/strong>, la plateforme m\u00e9dia de Rennes Ville et M\u00e9tropole, l\u2019aventure b\u00e9n\u00e9ficiera d\u2019une visibilit\u00e9 aupr\u00e8s de l\u2019ensemble de l\u2019\u00e9cosyst\u00e8me d\u2019information publique du territoire.<\/p>\n<p>Rapha\u00ebl partagera quotidiennement son p\u00e9riple sur <strong>TikTok<\/strong>, <strong>Instagram<\/strong> et <strong>Facebook<\/strong>. Le ton annonc\u00e9 est \u00e0 son image : accessible, concret, vivant. Il ne s\u2019agira pas seulement de montrer une route ou un effort, mais de proposer un v\u00e9ritable <strong>carnet de bord<\/strong>, nourri de t\u00e9moignages, de s\u00e9quences immersives et de contenus p\u00e9dagogiques sur les tumeurs c\u00e9r\u00e9brales.<\/p>\n<p>Ce choix importe. Il permet de toucher un public parfois \u00e9loign\u00e9 des campagnes institutionnelles et de faire circuler autrement la parole des patients, des aidants et des professionnels de sant\u00e9. Il y a l\u00e0 une volont\u00e9 de rendre visible l\u2019invisible, de parler d\u2019une pathologie grave sans pathos inutile, avec pr\u00e9cision, tact et humanit\u00e9.<\/p>\n<p>\u00ab O\u00f9 est Raph ? \u00bb pose une question g\u00e9ographique, une r\u00e9ponse humaine. Le titre du projet a quelque chose d\u2019imm\u00e9diatement attachant. Dans O\u00f9 est Raph ? on entend la curiosit\u00e9, le mouvement, presque une connivence. Mais derri\u00e8re cette formule se cache une question plus profonde. O\u00f9 en est Rapha\u00ebl, dans sa vie, dans sa lutte, dans sa mani\u00e8re de continuer ? O\u00f9 se tient-il d\u00e9sormais, apr\u00e8s les traitements, apr\u00e8s la sid\u00e9ration, apr\u00e8s les r\u00e9organisations int\u00e9rieures qu\u2019impose la maladie ?<\/p>\n<p>La r\u00e9ponse tient peut-\u00eatre dans ce d\u00e9part m\u00eame. Raph est l\u00e0 o\u00f9 la fragilit\u00e9 ne se confond pas avec le renoncement. L\u00e0 o\u00f9 un homme choisit de convertir l\u2019\u00e9preuve en \u00e9nergie utile. L\u00e0 o\u00f9 une histoire personnelle devient un appel collectif \u00e0 la recherche, \u00e0 l\u2019attention, \u00e0 la solidarit\u00e9.<\/p>\n<p>Informations pratiques<\/p>\n<p><strong>Projet :<\/strong> O\u00f9 est Raph ? \u2013 Rennes-Istanbul \u00e0 v\u00e9lo<br \/><strong>Porteur :<\/strong> Rapha\u00ebl Martin-Guiheneuc<br \/><strong>Objectif :<\/strong> sensibiliser aux tumeurs c\u00e9r\u00e9brales et collecter des dons pour l\u2019ARTC<br \/><strong>Distance estim\u00e9e :<\/strong> 5000 km<br \/><strong>Dur\u00e9e pr\u00e9visionnelle :<\/strong> trois mois<\/p>\n<p><strong>Suivre le voyage :<\/strong><br \/>TikTok : <a href=\"https:\/\/www.tiktok.com\/@ou.est.raph\" target=\"_blank\" rel=\"noreferrer noopener nofollow\">@ou.est.raph<\/a><br \/>Instagram : <a href=\"https:\/\/www.instagram.com\/ou.est.raph\/\" target=\"_blank\" rel=\"noreferrer noopener nofollow\">@ou.est.raph<\/a><br \/>Facebook : <a href=\"https:\/\/www.facebook.com\/profile.php?id=61585459126519\" target=\"_blank\" rel=\"noreferrer noopener nofollow\">O\u00f9 est Raph ?<\/a><\/p>\n<p><strong>Faire un don :<\/strong><br \/><a href=\"https:\/\/www.helloasso.com\/associations\/artc-association-pour-la-recherche-sur-les-tumeurs-cerebrales\/collectes\/velo-istanbul-raph\" target=\"_blank\" rel=\"noreferrer noopener nofollow\">Cagnotte HelloAsso au profit de l\u2019ARTC<\/a><\/p>\n<p><strong>En savoir plus :<\/strong><br \/><a href=\"https:\/\/artc-asso.fr\/\" target=\"_blank\" rel=\"noreferrer noopener nofollow\">ARTC \u2013 Association pour la Recherche sur les Tumeurs C\u00e9r\u00e9brales<\/a><\/p>\n<p>        <script async src=\"\/\/www.instagram.com\/embed.js\"><\/script><script async src=\"\/\/www.tiktok.com\/embed.js\"><\/script><\/p>\n","protected":false},"excerpt":{"rendered":"O\u00f9 est Raph ? De Rennes \u00e0 Istanbul, Rapha\u00ebl Martin-Guiheneuc p\u00e9dale pour faire avancer la recherche sur les&hellip;\n","protected":false},"author":2,"featured_media":797233,"comment_status":"","ping_status":"","sticky":false,"template":"","format":"standard","meta":{"footnotes":"","_share_on_mastodon":"0"},"categories":[2821],"tags":[1111,11,829,1777,674,1011,27,12,584,25],"class_list":["post-797232","post","type-post","status-publish","format-standard","has-post-thumbnail","category-rennes","tag-actu","tag-actualites","tag-bretagne","tag-eu","tag-europe","tag-fr","tag-france","tag-news","tag-rennes","tag-republique-francaise"],"share_on_mastodon":{"url":"https:\/\/pubeurope.com\/@fr\/116225055774008696","error":""},"_links":{"self":[{"href":"https:\/\/www.europesays.com\/fr\/wp-json\/wp\/v2\/posts\/797232","targetHints":{"allow":["GET"]}}],"collection":[{"href":"https:\/\/www.europesays.com\/fr\/wp-json\/wp\/v2\/posts"}],"about":[{"href":"https:\/\/www.europesays.com\/fr\/wp-json\/wp\/v2\/types\/post"}],"author":[{"embeddable":true,"href":"https:\/\/www.europesays.com\/fr\/wp-json\/wp\/v2\/users\/2"}],"replies":[{"embeddable":true,"href":"https:\/\/www.europesays.com\/fr\/wp-json\/wp\/v2\/comments?post=797232"}],"version-history":[{"count":0,"href":"https:\/\/www.europesays.com\/fr\/wp-json\/wp\/v2\/posts\/797232\/revisions"}],"wp:featuredmedia":[{"embeddable":true,"href":"https:\/\/www.europesays.com\/fr\/wp-json\/wp\/v2\/media\/797233"}],"wp:attachment":[{"href":"https:\/\/www.europesays.com\/fr\/wp-json\/wp\/v2\/media?parent=797232"}],"wp:term":[{"taxonomy":"category","embeddable":true,"href":"https:\/\/www.europesays.com\/fr\/wp-json\/wp\/v2\/categories?post=797232"},{"taxonomy":"post_tag","embeddable":true,"href":"https:\/\/www.europesays.com\/fr\/wp-json\/wp\/v2\/tags?post=797232"}],"curies":[{"name":"wp","href":"https:\/\/api.w.org\/{rel}","templated":true}]}}