{"id":797349,"date":"2026-03-14T03:07:24","date_gmt":"2026-03-14T03:07:24","guid":{"rendered":"https:\/\/www.europesays.com\/fr\/797349\/"},"modified":"2026-03-14T03:07:24","modified_gmt":"2026-03-14T03:07:24","slug":"a-rennes-les-forces-de-lordre-affronteront-lequipe-locale-de-hockey","status":"publish","type":"post","link":"https:\/\/www.europesays.com\/fr\/797349\/","title":{"rendered":"\u00e0 Rennes, les forces de l\u2019ordre affronteront l\u2019\u00e9quipe locale de hockey"},"content":{"rendered":"<p>\n                Article premium,<br \/>\n                    R\u00e9serv\u00e9 aux\u00a0abonn\u00e9s\n            <\/p>\n<p class=\"su-standfirst chapeau\">Samedi 14\u00a0mars 2026, \u00e0 18\u00a0h, la patinoire du Blizz \u00e0 Rennes accueillera un match de gala de hockey sur glace original. Face aux Cormorans locaux, une \u00e9quipe uniquement compos\u00e9e de joueurs exer\u00e7ant dans les forces de l\u2019int\u00e9rieur, baptis\u00e9e Les Sentinelles.<\/p>\n<p>                                        <img decoding=\"async\" class=\"su-media\" src=\"https:\/\/media.ouest-france.fr\/v1\/pictures\/MjAyNjAzNzVmYTk4ODk1MTdmNDJlZWRlNTI5ZWYwY2ZmYmE1ZDY?width=1260&amp;height=708&amp;focuspoint=50%2C25&amp;cropresize=1&amp;client_id=bpeditorial&amp;sign=a00652f91afa4764307a8cd810a9942e9f3886778bf979be519b3cc69f4cc34d\" alt=\"L\u2019\u00e9quipe des Sentinelles est uniquement compos\u00e9e d\u2019hommes et des femmes exer\u00e7ant dans les forces int\u00e9rieures\u00a0: police nationale et municipale, gendarmerie et douanes.\"  \/><\/p>\n<p>                            L\u2019\u00e9quipe des Sentinelles est uniquement compos\u00e9e d\u2019hommes et des femmes exer\u00e7ant dans les forces int\u00e9rieures\u00a0: police nationale et municipale, gendarmerie et douanes. | OUEST-FRANCE<\/p>\n<p>                            fermer<\/p>\n<ul class=\"su-row su-carrousel-container su-not-list\" data-suswipe=\"{\" rambo=\"\" .carrousel-nav-bas=\"\" .item=\"\">\n<li class=\"su-col-xs-6 su-col-md-24 carrousel-contenu su-carrousel-item\" data-ofvwidth=\"{\" mobileonly=\"\"><img decoding=\"async\" data-ofmaxheight=\"\" class=\"su-media lazyload\" alt=\"L\u2019\u00e9quipe des Sentinelles est uniquement compos\u00e9e d\u2019hommes et des femmes exer\u00e7ant dans les forces int\u00e9rieures\u00a0: police nationale et municipale, gendarmerie et douanes.\" src=\"data:image\/png;base64,iVBORw0KGgoAAAANSUhEUgAAABAAAAAJCAYAAAA7KqwyAAAAGXRFWHRTb2Z0d2FyZQBBZG9iZSBJbWFnZVJlYWR5ccllPAAAABhJREFUeNpi\/P\/\/PwMlgHHUgFEDgAAgwAD+lBrvy+NcxAAAAABJRU5ErkJggg==\" data-oflazyload=\"{&quot;srcset&quot;:&quot;https:\/\/media.ouest-france.fr\/v1\/pictures\/MjAyNjAzNzVmYTk4ODk1MTdmNDJlZWRlNTI5ZWYwY2ZmYmE1ZDY?width=320&amp;focuspoint=50%2C25&amp;cropresize=1&amp;client_id=bpeditorial&amp;sign=ff70577d70e895ce1b11fb56866d6d216e08d6152a06bdea3dbb41e997aa4d1a 320w,https:\/\/media.ouest-france.fr\/v1\/pictures\/MjAyNjAzNzVmYTk4ODk1MTdmNDJlZWRlNTI5ZWYwY2ZmYmE1ZDY?width=375&amp;focuspoint=50%2C25&amp;cropresize=1&amp;client_id=bpeditorial&amp;sign=8da8596d348f3d0347e4bf0a0ae6952fe871159f0401828475dc318d27a6a664 360w,https:\/\/media.ouest-france.fr\/v1\/pictures\/MjAyNjAzNzVmYTk4ODk1MTdmNDJlZWRlNTI5ZWYwY2ZmYmE1ZDY?width=480&amp;focuspoint=50%2C25&amp;cropresize=1&amp;client_id=bpeditorial&amp;sign=dd7fee0b5bde4da50ef17fb15ed2d34ec711299c0e429497b053c278320f4075 480w,https:\/\/media.ouest-france.fr\/v1\/pictures\/MjAyNjAzNzVmYTk4ODk1MTdmNDJlZWRlNTI5ZWYwY2ZmYmE1ZDY?width=630&amp;focuspoint=50%2C25&amp;cropresize=1&amp;client_id=bpeditorial&amp;sign=1bb140a683dd1044825b6de6a88601118eb1ce65480f92ad652884358b61c6f2 630w,https:\/\/media.ouest-france.fr\/v1\/pictures\/MjAyNjAzNzVmYTk4ODk1MTdmNDJlZWRlNTI5ZWYwY2ZmYmE1ZDY?width=940&amp;focuspoint=50%2C25&amp;cropresize=1&amp;client_id=bpeditorial&amp;sign=89f4d5c52474e553c0e03e64e8239b93c41d63d566636fdaffd033ac86cda4f6 940w,https:\/\/media.ouest-france.fr\/v1\/pictures\/MjAyNjAzNzVmYTk4ODk1MTdmNDJlZWRlNTI5ZWYwY2ZmYmE1ZDY?width=1260&amp;focuspoint=50%2C25&amp;cropresize=1&amp;client_id=bpeditorial&amp;sign=643e2ad5c2d1113258ce8592f01066a8ab2492434c7043851b80437de2894b39 1260w&quot;}\"\/>L\u2019\u00e9quipe des Sentinelles est uniquement compos\u00e9e d\u2019hommes et des femmes exer\u00e7ant dans les forces int\u00e9rieures\u00a0: police nationale et municipale, gendarmerie et douanes. | OUEST-FRANCE<\/li>\n<\/ul>\n<p>        Publi\u00e9 le 13\/03\/2026  \u00e0 18h35<\/p>\n<p>                            Lire plus tard<\/p>\n<p>                            Partager<\/p>\n<ul id=\"partage-col-gauche\" class=\"su-not-list su-hidden su-margin-top-xs\">\n<li>FacebookFacebook<\/li>\n<li>BlueSkyBlueSky<\/li>\n<li>FlipboardFlipboard<\/li>\n<li>linkedinLinkedIn<\/li>\n<\/ul>\n<p class=\"su-h3 su-margin-bottom-xs\">Newsletter Rennes<\/p>\n<p>Chaque matin, recevez toute l\u2019information de Rennes et de ses environs avec <strong>Ouest-France<\/strong><\/p>\n<p class=\"su-margin-top-s su-text-xsmall texte-rgpd su-hidden\">Votre e-mail, avec votre consentement, est utilis\u00e9 par Ouest-France pour recevoir notre newsletter. <a class=\"su-link-light\" href=\"https:\/\/www.ouest-france.fr\/politique-de-protection-des-donnees-personnelles\/\" rel=\"nofollow noopener\" target=\"_blank\">En\u00a0savoir\u00a0plus<\/a>.<\/p>\n<p>C\u2019est une \u00e9quipe peu banale qui, samedi 14\u00a0mars 2026 \u00e0 la patinoire du Blizz \u00e0 Rennes, affrontera, lors d\u2019un match de gala de hockey sur glace, les locaux des Cormorans. Nous, nous sommes Les Sentinelles, explique Greg, le coach. L\u2019\u00e9quipe a\u00a0\u00e9t\u00e9 cr\u00e9\u00e9e en novembre\u00a02015 avec la particularit\u00e9 d\u2019\u00eatre uniquement compos\u00e9e de joueurs et joueuses exer\u00e7ant dans les forces int\u00e9rieures. Police municipale et nationale, gendarmerie et douanes.<\/p>\n<p><strong>Lire aussi :<\/strong>\u00a0<a href=\"https:\/\/www.ouest-france.fr\/sport\/une-niche-a-rennes-ces-passionnes-font-vivre-le-hockey-sur-glace-a0abb742-690b-11ee-a5bb-3c3a0f3f3a5e\" rel=\"nofollow noopener\" target=\"_blank\">\u00ab Une niche \u00bb&#8230;<\/a><\/p>\n<p style=\"text-align: center;\">Offre sans engagement<\/p>\n<p>\u00a0<\/p>\n<p style=\"text-align: center;\"><strong>\u2713<\/strong> L&rsquo;acc\u00e8s \u00e0 tous les articles<br \/><strong>\u2713<\/strong> Le journal num\u00e9rique d\u00e8s 5h<\/p>\n<p style=\"text-align: center;\"><strong>\u2713<\/strong> Lecture sans publicit\u00e9<\/p>\n<p style=\"text-align: center; padding-bottom: 10px;\"><a data-ida=\"\" data-trkartmonet=\"Tunnel OF+\" data-trk-sipa=\"{&#010;\" blockcategory=\"\" paywall=\"\" :=\"\" m=\"\" of=\"\" class=\"&#010;        su-button&#010;        su-primary&#010;        &#010;        &#010;    \" data-trk-bloc=\"paywall\" href=\"https:\/\/abonnement.ouest-france.fr\/tunnel\/pack-numerique-jeux-article\/122099116100?int_medium=lien&amp;int_campaign=PW-PN3M3-V2MUNICIPALES-OF&amp;int_content=page-article-payant_boutonjaune-paywall&amp;marquesource=OF&amp;rt=https:\/\/www.ouest-france.fr\/bretagne\/rennes-35000\/sur-la-glace-on-oublie-les-grades-a-rennes-les-forces-de-lordre-affronteront-lequipe-locale-de-hockey-eea0f9c6-1ee4-11f1-a6e8-58f5162ee52a\" rel=\"nofollow noopener\" target=\"_blank\"><br \/>\n    <strong>Je m&rsquo;abonne<\/strong><br \/>\n<\/a><\/p>\n<p style=\"text-align: center;\">ou<\/p>\n<p style=\"text-align: center;\"><strong>Jusqu&rsquo;\u00e0 -75% la premi\u00e8re ann\u00e9e<\/strong><\/p>\n<p style=\"text-align: center;\">\u00a0<\/p>\n<p style=\"text-align: center;\"><strong>D\u00e9j\u00e0 abonn\u00e9 ? <\/strong><a data-trkartmonet=\"Identification\" data-trk-sipa=\"{\" blockcategory=\"\" paywall=\"\" href=\"http:\/\/www.ouest-france.fr\/login?redirect=https:\/\/www.ouest-france.fr\/bretagne\/rennes-35000\/sur-la-glace-on-oublie-les-grades-a-rennes-les-forces-de-lordre-affronteront-lequipe-locale-de-hockey-eea0f9c6-1ee4-11f1-a6e8-58f5162ee52a\" rel=\"nofollow noopener\" title=\"Se connecter \u00e0 Ouest-France\" class=\"su-link-light\" target=\"_blank\">Connectez-vous<\/a><\/p>\n","protected":false},"excerpt":{"rendered":"Article premium, R\u00e9serv\u00e9 aux\u00a0abonn\u00e9s Samedi 14\u00a0mars 2026, \u00e0 18\u00a0h, la patinoire du Blizz \u00e0 Rennes accueillera un match&hellip;\n","protected":false},"author":2,"featured_media":797350,"comment_status":"","ping_status":"","sticky":false,"template":"","format":"standard","meta":{"footnotes":"","_share_on_mastodon":"0"},"categories":[2821],"tags":[1111,11,829,1777,674,1011,27,4133,12,1072,584,25,517],"class_list":["post-797349","post","type-post","status-publish","format-standard","has-post-thumbnail","category-rennes","tag-actu","tag-actualites","tag-bretagne","tag-eu","tag-europe","tag-fr","tag-france","tag-hockey-sur-glace","tag-news","tag-police","tag-rennes","tag-republique-francaise","tag-sport"],"share_on_mastodon":{"url":"https:\/\/pubeurope.com\/@fr\/116225326821371612","error":""},"_links":{"self":[{"href":"https:\/\/www.europesays.com\/fr\/wp-json\/wp\/v2\/posts\/797349","targetHints":{"allow":["GET"]}}],"collection":[{"href":"https:\/\/www.europesays.com\/fr\/wp-json\/wp\/v2\/posts"}],"about":[{"href":"https:\/\/www.europesays.com\/fr\/wp-json\/wp\/v2\/types\/post"}],"author":[{"embeddable":true,"href":"https:\/\/www.europesays.com\/fr\/wp-json\/wp\/v2\/users\/2"}],"replies":[{"embeddable":true,"href":"https:\/\/www.europesays.com\/fr\/wp-json\/wp\/v2\/comments?post=797349"}],"version-history":[{"count":0,"href":"https:\/\/www.europesays.com\/fr\/wp-json\/wp\/v2\/posts\/797349\/revisions"}],"wp:featuredmedia":[{"embeddable":true,"href":"https:\/\/www.europesays.com\/fr\/wp-json\/wp\/v2\/media\/797350"}],"wp:attachment":[{"href":"https:\/\/www.europesays.com\/fr\/wp-json\/wp\/v2\/media?parent=797349"}],"wp:term":[{"taxonomy":"category","embeddable":true,"href":"https:\/\/www.europesays.com\/fr\/wp-json\/wp\/v2\/categories?post=797349"},{"taxonomy":"post_tag","embeddable":true,"href":"https:\/\/www.europesays.com\/fr\/wp-json\/wp\/v2\/tags?post=797349"}],"curies":[{"name":"wp","href":"https:\/\/api.w.org\/{rel}","templated":true}]}}