{"id":797372,"date":"2026-03-14T03:20:23","date_gmt":"2026-03-14T03:20:23","guid":{"rendered":"https:\/\/www.europesays.com\/fr\/797372\/"},"modified":"2026-03-14T03:20:23","modified_gmt":"2026-03-14T03:20:23","slug":"municipales-a-lille-la-gauche-et-le-petit-privilege-de-ses-divisions","status":"publish","type":"post","link":"https:\/\/www.europesays.com\/fr\/797372\/","title":{"rendered":"Municipales\u00a0: \u00e0 Lille, la gauche et le petit privil\u00e8ge de ses divisions"},"content":{"rendered":"<p>Un air de printemps souffle sur la ville. Le ciel est d\u00e9gag\u00e9. Pour un jour de mars, c\u2019est presque un petit \u00e9v\u00e8nement dans la capitale des Flandres. Vu de Lille, il serait impossible de deviner qu\u2019une guerre se joue. D\u2019ordinaires unitaires, les \u00e9colos ont d\u00e9cid\u00e9 de sortir les griffes sur ce <\/p>\n<p>Envie de terminer cet article\u00a0? Nous vous l\u2019offrons\u00a0!<\/p>\n<p>Il vous suffit de vous inscrire \u00e0 notre newsletter hebdomadaire :<\/p>\n<p>\t\t\tVous pr\u00e9f\u00e9rez nous soutenir directement ?<\/p>\n","protected":false},"excerpt":{"rendered":"Un air de printemps souffle sur la ville. Le ciel est d\u00e9gag\u00e9. Pour un jour de mars, c\u2019est&hellip;\n","protected":false},"author":2,"featured_media":797373,"comment_status":"","ping_status":"","sticky":false,"template":"","format":"standard","meta":{"footnotes":"","_share_on_mastodon":"0"},"categories":[2815],"tags":[1111,11,4188,1777,674,1011,27,4728,7740,811,60331,3539,1307,3434,12,25198,429,25],"class_list":["post-797372","post","type-post","status-publish","format-standard","has-post-thumbnail","category-lille","tag-actu","tag-actualites","tag-elections-municipales","tag-eu","tag-europe","tag-fr","tag-france","tag-france-insoumise","tag-gauches","tag-hauts-de-france","tag-lapres","tag-les-ecologistes","tag-lille","tag-municipales-2026","tag-news","tag-pcf","tag-ps","tag-republique-francaise"],"share_on_mastodon":{"url":"https:\/\/pubeurope.com\/@fr\/116225377971788541","error":""},"_links":{"self":[{"href":"https:\/\/www.europesays.com\/fr\/wp-json\/wp\/v2\/posts\/797372","targetHints":{"allow":["GET"]}}],"collection":[{"href":"https:\/\/www.europesays.com\/fr\/wp-json\/wp\/v2\/posts"}],"about":[{"href":"https:\/\/www.europesays.com\/fr\/wp-json\/wp\/v2\/types\/post"}],"author":[{"embeddable":true,"href":"https:\/\/www.europesays.com\/fr\/wp-json\/wp\/v2\/users\/2"}],"replies":[{"embeddable":true,"href":"https:\/\/www.europesays.com\/fr\/wp-json\/wp\/v2\/comments?post=797372"}],"version-history":[{"count":0,"href":"https:\/\/www.europesays.com\/fr\/wp-json\/wp\/v2\/posts\/797372\/revisions"}],"wp:featuredmedia":[{"embeddable":true,"href":"https:\/\/www.europesays.com\/fr\/wp-json\/wp\/v2\/media\/797373"}],"wp:attachment":[{"href":"https:\/\/www.europesays.com\/fr\/wp-json\/wp\/v2\/media?parent=797372"}],"wp:term":[{"taxonomy":"category","embeddable":true,"href":"https:\/\/www.europesays.com\/fr\/wp-json\/wp\/v2\/categories?post=797372"},{"taxonomy":"post_tag","embeddable":true,"href":"https:\/\/www.europesays.com\/fr\/wp-json\/wp\/v2\/tags?post=797372"}],"curies":[{"name":"wp","href":"https:\/\/api.w.org\/{rel}","templated":true}]}}