{"id":797397,"date":"2026-03-14T03:35:20","date_gmt":"2026-03-14T03:35:20","guid":{"rendered":"https:\/\/www.europesays.com\/fr\/797397\/"},"modified":"2026-03-14T03:35:20","modified_gmt":"2026-03-14T03:35:20","slug":"prix-der-bahnchampionate-2025-allemagne-hambourg-allemagne-14-03-2026-partants-pronostics-et-resultats-en-videos-course-1","status":"publish","type":"post","link":"https:\/\/www.europesays.com\/fr\/797397\/","title":{"rendered":"PRIX DER BAHNCHAMPIONATE 2025 ALLEMAGNE &#8211; HAMBOURG (Allemagne) &#8211; 14\/03\/2026 : partants, pronostics et r\u00e9sultats en vid\u00e9os &#8211; Course 1"},"content":{"rendered":"<p _ngcontent-serverapp-c2764344627=\"\" class=\"ticket-prono--analysis--description--title\"> Notre avis : ARTFUL HONEY (FI) (5) <\/p>\n<p>D\u00e9ferr\u00e9e des post\u00e9rieurs, elle est d\u00e9j\u00e0 pr\u00eate pour cette rentr\u00e9e.<\/p>\n<p _ngcontent-serverapp-c2764344627=\"\" class=\"ticket-prono--analysis--description--title\"> L&rsquo;analyse de la course <\/p>\n<p>ARTFUL HONEY (5) effectue sa r\u00e9apparition, mais cela ne devrait pas l&#8217;emp\u00eacher de jouer les premiers r\u00f4les. Dans son jardin sur cette piste, ALL BRIONI (7) y effectue son retour en pleine possession de ses moyens. Auteur d&rsquo;un bon d\u00e9but de saison, MANZA NEWPORT (9) viendra ensuite devant ALLYPALLY (1), qui peut franchir un nouveau cap.<\/p>\n","protected":false},"excerpt":{"rendered":"Notre avis : ARTFUL HONEY (FI) (5) D\u00e9ferr\u00e9e des post\u00e9rieurs, elle est d\u00e9j\u00e0 pr\u00eate pour cette rentr\u00e9e. L&rsquo;analyse&hellip;\n","protected":false},"author":2,"featured_media":528084,"comment_status":"","ping_status":"","sticky":false,"template":"","format":"standard","meta":{"footnotes":"","_share_on_mastodon":"0"},"categories":[1587],"tags":[11,672,1804,1805,1803,1777,674,1801,12,1802],"class_list":["post-797397","post","type-post","status-publish","format-standard","has-post-thumbnail","category-allemagne","tag-actualites","tag-allemagne","tag-bundesrepublik-deutschland","tag-de","tag-deutschland","tag-eu","tag-europe","tag-germany","tag-news","tag-republique-federale-dallemagne"],"share_on_mastodon":{"url":"https:\/\/pubeurope.com\/@fr\/116225436943459143","error":""},"_links":{"self":[{"href":"https:\/\/www.europesays.com\/fr\/wp-json\/wp\/v2\/posts\/797397","targetHints":{"allow":["GET"]}}],"collection":[{"href":"https:\/\/www.europesays.com\/fr\/wp-json\/wp\/v2\/posts"}],"about":[{"href":"https:\/\/www.europesays.com\/fr\/wp-json\/wp\/v2\/types\/post"}],"author":[{"embeddable":true,"href":"https:\/\/www.europesays.com\/fr\/wp-json\/wp\/v2\/users\/2"}],"replies":[{"embeddable":true,"href":"https:\/\/www.europesays.com\/fr\/wp-json\/wp\/v2\/comments?post=797397"}],"version-history":[{"count":0,"href":"https:\/\/www.europesays.com\/fr\/wp-json\/wp\/v2\/posts\/797397\/revisions"}],"wp:featuredmedia":[{"embeddable":true,"href":"https:\/\/www.europesays.com\/fr\/wp-json\/wp\/v2\/media\/528084"}],"wp:attachment":[{"href":"https:\/\/www.europesays.com\/fr\/wp-json\/wp\/v2\/media?parent=797397"}],"wp:term":[{"taxonomy":"category","embeddable":true,"href":"https:\/\/www.europesays.com\/fr\/wp-json\/wp\/v2\/categories?post=797397"},{"taxonomy":"post_tag","embeddable":true,"href":"https:\/\/www.europesays.com\/fr\/wp-json\/wp\/v2\/tags?post=797397"}],"curies":[{"name":"wp","href":"https:\/\/api.w.org\/{rel}","templated":true}]}}