{"id":797734,"date":"2026-03-14T07:18:21","date_gmt":"2026-03-14T07:18:21","guid":{"rendered":"https:\/\/www.europesays.com\/fr\/797734\/"},"modified":"2026-03-14T07:18:21","modified_gmt":"2026-03-14T07:18:21","slug":"posts-de-quentin-deranque-a-lassemblee-nationale-le-malaise-grandit","status":"publish","type":"post","link":"https:\/\/www.europesays.com\/fr\/797734\/","title":{"rendered":"Posts de Quentin Deranque\u00a0: \u00e0 l\u2019Assembl\u00e9e nationale, le malaise grandit"},"content":{"rendered":"<p>                                    13 mars 2026 \u00e0 19h33<\/p>\n<p>\u00ab Moi je soutiens Adolf, mais chacun son truc\u00a0\u00bb, \u00ab\u00a0On ne veut pas vivre avec des Africains, qu\u2019ils soient d\u00e9linquants ou non\u00a0\u00bb, \u00ab\u00a0On veut le fascisme\u00a0\u00bb\u2026 Les milliers de posts que Quentin Deranque a publi\u00e9s sous pseudonyme sur le r\u00e9seau social X <a href=\"https:\/\/www.mediapart.fr\/journal\/france\/120326\/quentin-deranque-catholique-traditionaliste-la-ville-et-neonazi-en-ligne\" rel=\"nofollow noopener\" target=\"_blank\">retrouv\u00e9s par Mediapart<\/a> montrent l\u2019\u00e9tendue de sa pens\u00e9e raciste et antis\u00e9mite, construite autour d\u2019une glorification du fascisme et d\u2019une nostalgie du nazisme.<\/p>\n<p>Pr\u00e9sent\u00e9 par ses proches comme quelqu\u2019un \u00ab\u00a0avec une noblesse d\u2019\u00e2me impressionnante\u00a0\u00bb et comme un fervent catholique qui \u00ab\u00a0consacrait ses nuits \u00e0 l\u2019aide aux sans-abri et \u00e0 la lecture\u00a0\u00bb, le jeune homme de 23 ans, tabass\u00e9 \u00e0 mort \u00e0 Lyon (Rh\u00f4ne) par un groupe d\u2019antifascistes <a href=\"https:\/\/www.mediapart.fr\/journal\/france\/dossier\/quentin-deranque-la-mort-d-un-jeune-neofasciste\" rel=\"nofollow noopener\" target=\"_blank\">le 12 f\u00e9vrier<\/a>, a \u00e9t\u00e9 \u00e9rig\u00e9 en martyr par une grande partie de la droite et de l\u2019extr\u00eame droite.<\/p>\n<p>L\u2019Assembl\u00e9e nationale a m\u00eame organis\u00e9 le 17 f\u00e9vrier <a href=\"https:\/\/www.mediapart.fr\/journal\/politique\/170226\/mort-de-quentin-deranque-l-assemblee-lfi-jugee-coupable-sans-autre-forme-de-proces\" rel=\"nofollow noopener\" target=\"_blank\">une minute de silence<\/a> pour saluer sa m\u00e9moire. Ce jour-l\u00e0, c\u2019est l\u2019ensemble de la repr\u00e9sentation nationale qui s\u2019est lev\u00e9e dans l\u2019h\u00e9micycle, de m\u00eame que les membres du gouvernement, malgr\u00e9 un malaise grandissant au Palais-Bourbon, notamment dans les rangs <a href=\"https:\/\/www.mediapart.fr\/journal\/politique\/020326\/deux-semaines-apres-la-mort-de-quentin-deranque-le-desarroi-des-gauches\" rel=\"nofollow noopener\" target=\"_blank\">de la gauche<\/a>. Malaise qui a pris une nouvelle ampleur apr\u00e8s les r\u00e9v\u00e9lations de Mediapart.<\/p>\n<p>                            Boris Vallaud, S\u00e9bastien Chenu, Ya\u00ebl Braun-Pivet, \u00c9ric Coquerel et Cyrielle Chatelain.                             \u00a9\u00a0Photos S\u00e9bastien Calvet \/ Mediapart, Arthur N. Orchard \/ Hans Lucas via AFP et Adnan Farzat \/ NurPhoto via AFP                                                          Agrandir l\u2019image : Illustration 1        <\/p>\n<p>La pr\u00e9sidente de l\u2019Assembl\u00e9e nationale, Ya\u00ebl Braun-Pivet, qui a accept\u00e9 d\u2019organiser la minute de silence \u00e0 la demande du patron des d\u00e9put\u00e9\u00b7es Union des droites pour la R\u00e9publique (UDR), \u00c9ric Ciotti, se dit aujourd\u2019hui \u00ab\u00a0horrifi\u00e9e par ces r\u00e9v\u00e9lations\u00a0\u00bb. Son entourage souligne que cet hommage visait surtout \u00e0 marquer \u00ab\u00a0le rejet des violences par l\u2019Assembl\u00e9e\u00a0\u00bb et que \u00ab\u00a0la d\u00e9cision a \u00e9t\u00e9 prise dans un contexte de grand \u00e9moi\u00a0\u00bb, \u00ab\u00a0\u00e0 l\u2019unanimit\u00e9 par la conf\u00e9rence des pr\u00e9sidents\u00a0\u00bb.<\/p>\n<p>\u00ab\u00a0Rendre hommage \u00e0 un jeune homme tu\u00e9 de mani\u00e8re violente ne signifie en aucun cas approuver les propos ou m\u00e9thodes qu\u2019il aurait pu d\u00e9fendre\u00a0\u00bb, affirment encore les \u00e9quipes de Ya\u00ebl Braun-Pivet. Un an plus t\u00f4t, lorsqu\u2019il \u00e9tait question de rendre <a href=\"https:\/\/www.mediapart.fr\/journal\/politique\/290425\/l-assemblee-polemique-autour-de-la-minute-de-silence-pour-aboubakar-cisse\" rel=\"nofollow noopener\" target=\"_blank\">hommage \u00e0 Aboubakar Ciss\u00e9<\/a>, victime d\u2019un crime islamophobe dans le Gard, la pr\u00e9sidente de l\u2019Assembl\u00e9e s\u2019\u00e9tait montr\u00e9e beaucoup plus r\u00e9ticente, invoquant de nouvelles r\u00e8gles internes prises pour \u00e9viter la multiplication des minutes de silence pour des \u00ab\u00a0cas individuels\u00a0\u00bb.<\/p>\n<p>Regrets \u00e0 gauche<\/p>\n<p>\u00c0 gauche aussi, on se d\u00e9fend d\u2019avoir voulu glorifier Quentin Deranque. \u00c0 l\u2019instar du d\u00e9put\u00e9 Olivier Faure, premier secr\u00e9taire du Parti socialiste (PS), qui \u00e9crit sur le r\u00e9seau social X apr\u00e8s nos r\u00e9v\u00e9lations\u00a0: \u00ab\u00a0Quentin Deranque a \u00e9t\u00e9 une victime, mais il ne sera jamais un h\u00e9ros.\u00a0\u00bb Contact\u00e9e par Mediapart, la pr\u00e9sidente du groupe \u00e9cologiste \u00e0 l\u2019Assembl\u00e9e, Cyrielle Chatelain, rappelle la position de son parti\u00a0: \u00ab\u00a0Si vous regardez les propos qu\u2019on a tenus, on a tout de suite dit que c\u2019\u00e9tait un militant n\u00e9onazi, on n\u2019a pas cherch\u00e9 \u00e0 l\u2019enjoliver.\u00a0\u00bb<\/p>\n<p>M\u00eame son de cloche du c\u00f4t\u00e9 de Boris Vallaud, le pr\u00e9sident du groupe socialiste au Palais-Bourbon, qui assure qu\u2019\u00ab\u00a0il ne s\u2019agissait \u00e9videmment, en aucune mani\u00e8re, de rendre un hommage \u00e0 ce qu\u2019\u00e9tait Quentin Deranque\u00a0\u00bb, dont les propos exhum\u00e9s par\u00a0Mediapart \u00ab\u00a0sont absolument accablants et \u00e0 vomir\u00a0\u00bb. Le d\u00e9put\u00e9 rappelle avoir insist\u00e9, lors de la conf\u00e9rence des pr\u00e9sident\u00b7es, pour que cette minute de silence soit consacr\u00e9e \u00ab\u00a0\u00e0 toutes les victimes de violences politiques\u00a0\u00bb et non pas seulement au militant n\u00e9ofasciste.<\/p>\n<blockquote>\n<p>Est-ce que maintenant qu\u2019on a toutes ces infos on le referait\u00a0? Ma r\u00e9ponse est non.<\/p>\n<\/blockquote>\n<p>\u00c9ric Coquerel, LFI<\/p>\n<p>Du c\u00f4t\u00e9 de La France insoumise (LFI), personne ne se bouscule pour r\u00e9pondre \u00e0 Mediapart sur le sujet. Contact\u00e9\u00b7es, ni la pr\u00e9sidente du groupe insoumis \u00e0 l\u2019Assembl\u00e9e, Mathilde Panot, ni les d\u00e9put\u00e9s Paul Vannier et Manuel Bompard, coordinateur national du mouvement m\u00e9lenchoniste, n\u2019ont retourn\u00e9 nos sollicitations.<\/p>\n<p>Seul le d\u00e9put\u00e9 LFI \u00c9ric Coquerel reconna\u00eet que les choses auraient \u00e9t\u00e9 diff\u00e9rentes si les messages post\u00e9s par Quentin Deranque avaient \u00e9t\u00e9 connus plus t\u00f4t. \u00ab\u00a0Si on avait eu connaissance de \u00e7a \u00e0 ce moment-l\u00e0, c\u2019est clair que notre position n\u2019aurait pas \u00e9t\u00e9 d\u2019y participer, dit-il. Est-ce que maintenant qu\u2019on a toutes ces infos on le referait\u00a0? Ma r\u00e9ponse est non. On savait qu\u2019il \u00e9tait dans un groupe d\u2019extr\u00eame droite, mais on ne savait pas que c\u2019\u00e9tait aussi prononc\u00e9 et aussi ancr\u00e9. Nous, on ne s\u2019est pas pr\u00e9cipit\u00e9s pour en faire un martyr.\u00a0\u00bb<\/p>\n<p>D\u00e9ni et silence \u00e0 l\u2019extr\u00eame droite<\/p>\n<p>Le pr\u00e9sident de la commission des finances de l\u2019Assembl\u00e9e d\u00e9nonce \u00ab\u00a0ceux qui ont particip\u00e9 \u00e0 ce r\u00e9cit\u00a0\u00bb \u00e0 la gloire de Quentin Deranque. Il vise en particulier le d\u00e9put\u00e9 Rassemblement national (RN) S\u00e9bastien Chenu, qui, selon des propos rapport\u00e9s par <a href=\"https:\/\/www.mediacites.fr\/reportage\/lille\/2026\/03\/10\/il-etait-des-notres-il-etait-de-notre-tribu-a-lille-le-troublant-hommage-de-sebastien-chenu-a-quentin-deranque\/\" rel=\"nofollow noopener\" target=\"_blank\">Mediacit\u00e9s<\/a>, a affirm\u00e9 lors d\u2019un meeting\u00a0: \u00ab\u00a0Il \u00e9tait des n\u00f4tres, parce qu\u2019il \u00e9tait de notre tribu, celle des patriotes.\u00a0\u00bb Sollicit\u00e9 par Mediapart, l\u2019\u00e9lu d\u2019extr\u00eame droite assure qu\u2019\u00ab\u00a0\u00e9videmment, si ces propos [tenus sur les r\u00e9seaux par Quentin Deranque \u2013 ndlr] \u00e9taient av\u00e9r\u00e9s, \u00e9crits ou tenus, cela m\u2019inviterait \u00e0 totalement reconsid\u00e9rer mes propos\u00a0\u00bb.<\/p>\n<p>Mais au sein du parti de Jordan Bardella, d\u2019autres ont pr\u00e9f\u00e9r\u00e9 balayer le sujet.\u00a0\u00ab\u00a0R\u00e9ponse aux gauchistes\u00a0: non, sa mort n\u2019est pas justifi\u00e9e. Du reste, pas de preuves mat\u00e9rielles dans l\u2019article. Et la Jeune Garde est une milice violente, int\u00e9gr\u00e9e \u00e0 LFI, qui fait des ratonnades, jusqu\u2019au meurtre\u00a0\u00bb, a notamment \u00e9crit sur X le d\u00e9put\u00e9 RN Matthias Renault dans la foul\u00e9e de notre article.<\/p>\n<p class=\"aside-kicker\">\u00c0 lire aussi<\/p>\n<p>                          <a data-smarttag=\"\" data-smarttag-name=\"a_lire_aussi\" data-smarttag-chapter1=\"recirculation\" data-smarttag-chapter2=\"corps_article\" data-smarttag-type=\"navigation\" href=\"https:\/\/www.mediapart.fr\/journal\/france\/120326\/quentin-deranque-catholique-traditionaliste-la-ville-et-neonazi-en-ligne\" rel=\"nofollow noopener\" target=\"_blank\">                                Quentin Deranque, catholique traditionaliste \u00e0 la ville et n\u00e9onazi en ligne            <\/a>            <\/p>\n<p>                12 mars 2026                                <\/p>\n<p>                              <a data-smarttag=\"\" data-smarttag-name=\"a_lire_aussi\" data-smarttag-chapter1=\"recirculation\" data-smarttag-chapter2=\"corps_article\" data-smarttag-type=\"navigation\" href=\"https:\/\/www.mediapart.fr\/journal\/politique\/020326\/deux-semaines-apres-la-mort-de-quentin-deranque-le-desarroi-des-gauches\" rel=\"nofollow noopener\" target=\"_blank\">                                Deux semaines apr\u00e8s la mort de Quentin Deranque, le d\u00e9sarroi des gauches            <\/a>            <\/p>\n<p>                2 mars 2026                                <\/p>\n<p>L\u2019eurod\u00e9put\u00e9 RN Pierre-Romain Thionnet est quant \u00e0 lui all\u00e9 jusqu\u2019\u00e0 regretter <a href=\"https:\/\/www.liberation.fr\/politique\/les-revelations-sur-lideologie-neonazie-de-quentin-deranque-mettent-lassemblee-nationale-dans-lembarras-20260313_AYXMPL47ZVGGTOJUFH3GX6NR5I\/?redirected=7823\" target=\"_blank\" rel=\"noopener nofollow\">aupr\u00e8s de\u00a0Lib\u00e9ration<\/a> de ne pas avoir \u00ab\u00a0davantage point\u00e9 [\u2026] la responsabilit\u00e9 de journalistes comme ceux de Mediapart ou leurs confr\u00e8res aux m\u00e9thodes antifascistes dans la mort de Quentin\u00a0\u00bb.<\/p>\n<p>\u00c9galement sollicit\u00e9\u00b7es, ni Jordan Bardella, ni Marine Le Pen, ni leur alli\u00e9 \u00c9ric Ciotti n\u2019ont r\u00e9pondu \u00e0 nos questions. Pas plus que Laurent Wauquiez, qui avait lui aussi \u00e9rig\u00e9 Quentin Deranque en martyr, en le pr\u00e9sentant comme \u00ab\u00a0un fils qui est mort parce qu\u2019il d\u00e9fendait ses id\u00e9es, victime de la haine et de la barbarie\u00a0\u00bb. Le chef de file des d\u00e9put\u00e9\u00b7es Droite r\u00e9publicaine (DR) est aussi \u00e0 l\u2019origine de l\u2019affichage du portrait du militant d\u2019extr\u00eame droite sur le b\u00e2timent du conseil r\u00e9gional Auvergne-Rh\u00f4ne-Alpes.<\/p>\n","protected":false},"excerpt":{"rendered":"13 mars 2026 \u00e0 19h33 \u00ab Moi je soutiens Adolf, mais chacun son truc\u00a0\u00bb, \u00ab\u00a0On ne veut pas&hellip;\n","protected":false},"author":2,"featured_media":797735,"comment_status":"","ping_status":"","sticky":false,"template":"","format":"standard","meta":{"footnotes":"","_share_on_mastodon":"0"},"categories":[2],"tags":[11,1076,1011,27,82858,12,25],"class_list":["post-797734","post","type-post","status-publish","format-standard","has-post-thumbnail","category-actualites","tag-actualites","tag-extreme-droite","tag-fr","tag-france","tag-mort-de-quentin-deranque","tag-news","tag-republique-francaise"],"share_on_mastodon":{"url":"https:\/\/pubeurope.com\/@fr\/116226313915232222","error":""},"_links":{"self":[{"href":"https:\/\/www.europesays.com\/fr\/wp-json\/wp\/v2\/posts\/797734","targetHints":{"allow":["GET"]}}],"collection":[{"href":"https:\/\/www.europesays.com\/fr\/wp-json\/wp\/v2\/posts"}],"about":[{"href":"https:\/\/www.europesays.com\/fr\/wp-json\/wp\/v2\/types\/post"}],"author":[{"embeddable":true,"href":"https:\/\/www.europesays.com\/fr\/wp-json\/wp\/v2\/users\/2"}],"replies":[{"embeddable":true,"href":"https:\/\/www.europesays.com\/fr\/wp-json\/wp\/v2\/comments?post=797734"}],"version-history":[{"count":0,"href":"https:\/\/www.europesays.com\/fr\/wp-json\/wp\/v2\/posts\/797734\/revisions"}],"wp:featuredmedia":[{"embeddable":true,"href":"https:\/\/www.europesays.com\/fr\/wp-json\/wp\/v2\/media\/797735"}],"wp:attachment":[{"href":"https:\/\/www.europesays.com\/fr\/wp-json\/wp\/v2\/media?parent=797734"}],"wp:term":[{"taxonomy":"category","embeddable":true,"href":"https:\/\/www.europesays.com\/fr\/wp-json\/wp\/v2\/categories?post=797734"},{"taxonomy":"post_tag","embeddable":true,"href":"https:\/\/www.europesays.com\/fr\/wp-json\/wp\/v2\/tags?post=797734"}],"curies":[{"name":"wp","href":"https:\/\/api.w.org\/{rel}","templated":true}]}}