{"id":79774,"date":"2025-05-06T17:05:09","date_gmt":"2025-05-06T17:05:09","guid":{"rendered":"https:\/\/www.europesays.com\/fr\/79774\/"},"modified":"2025-05-06T17:05:09","modified_gmt":"2025-05-06T17:05:09","slug":"le-groupe-tf1-et-dazn-signent-un-partenariat-exclusif-en-france-pour-la-diffusion-de-la-coupe-du-monde-des-clubs-de-la-fifa-2025","status":"publish","type":"post","link":"https:\/\/www.europesays.com\/fr\/79774\/","title":{"rendered":"Le groupe TF1 et DAZN signent un partenariat exclusif en France pour la diffusion de la Coupe du Monde des Clubs de la FIFA 2025"},"content":{"rendered":"<p><img decoding=\"async\" src=\"https:\/\/www.europesays.com\/fr\/wp-content\/uploads\/2025\/05\/unnamed-6-678x381.jpg\" alt=\"\" title=\"\"\/><\/p>\n<p><strong>Le groupe TF1 et DAZN viennent de signer un accord de sous-licence concernant la diffusion en France sur les chaines du groupe TF1 de deux matchs \u00e9v\u00e8nement de la Coupe du Monde des Clubs de la FIFA 2025 qui se jouera du 15 juin au 13 juillet 2025 aux Etats-Unis\u202fet dont l\u2019int\u00e9gralit\u00e9 des matchs sera retransmise gratuitement sur DAZN :\u00a0<\/strong><\/p>\n<p style=\"text-align: justify;\">Paris Saint-Germain \/ Atl\u00e9tico Madrid \u2013 1er match du PSG dans la comp\u00e9tition \u2013 dimanche 15 juin \u00e0 21h<\/p>\n<p style=\"text-align: justify;\">La Finale \u2013 dimanche 13 juillet \u00e0 21h<\/p>\n<p style=\"text-align: justify;\">DAZN diffusera gratuitement dans le monde entier les 63 matchs de la premi\u00e8re \u00e9dition cet \u00e9t\u00e9. La Coupe du Monde des Clubs de la FIFA r\u00e9unira 32 des plus grands clubs de football du monde.<\/p>\n","protected":false},"excerpt":{"rendered":"Le groupe TF1 et DAZN viennent de signer un accord de sous-licence concernant la diffusion en France sur&hellip;\n","protected":false},"author":2,"featured_media":79775,"comment_status":"","ping_status":"","sticky":false,"template":"","format":"standard","meta":{"footnotes":""},"categories":[1412],"tags":[7151,18644,18645,4928,18646,1451,1452,1453,1454,1455,1011,27,60],"class_list":{"0":"post-79774","1":"post","2":"type-post","3":"status-publish","4":"format-standard","5":"has-post-thumbnail","7":"category-f1","8":"tag-coupe-du-monde-des-clubs","9":"tag-coupe-du-monde-des-clubs-dazn","10":"tag-coupe-du-monde-des-clubs-fifa","11":"tag-dazn","12":"tag-dazn-media","13":"tag-f1","14":"tag-formula-1","15":"tag-formula1","16":"tag-formule-1","17":"tag-formule1","18":"tag-fr","19":"tag-france","20":"tag-sports"},"share_on_mastodon":{"url":"https:\/\/pubeurope.com\/@fr\/114461980980827001","error":""},"_links":{"self":[{"href":"https:\/\/www.europesays.com\/fr\/wp-json\/wp\/v2\/posts\/79774","targetHints":{"allow":["GET"]}}],"collection":[{"href":"https:\/\/www.europesays.com\/fr\/wp-json\/wp\/v2\/posts"}],"about":[{"href":"https:\/\/www.europesays.com\/fr\/wp-json\/wp\/v2\/types\/post"}],"author":[{"embeddable":true,"href":"https:\/\/www.europesays.com\/fr\/wp-json\/wp\/v2\/users\/2"}],"replies":[{"embeddable":true,"href":"https:\/\/www.europesays.com\/fr\/wp-json\/wp\/v2\/comments?post=79774"}],"version-history":[{"count":0,"href":"https:\/\/www.europesays.com\/fr\/wp-json\/wp\/v2\/posts\/79774\/revisions"}],"wp:featuredmedia":[{"embeddable":true,"href":"https:\/\/www.europesays.com\/fr\/wp-json\/wp\/v2\/media\/79775"}],"wp:attachment":[{"href":"https:\/\/www.europesays.com\/fr\/wp-json\/wp\/v2\/media?parent=79774"}],"wp:term":[{"taxonomy":"category","embeddable":true,"href":"https:\/\/www.europesays.com\/fr\/wp-json\/wp\/v2\/categories?post=79774"},{"taxonomy":"post_tag","embeddable":true,"href":"https:\/\/www.europesays.com\/fr\/wp-json\/wp\/v2\/tags?post=79774"}],"curies":[{"name":"wp","href":"https:\/\/api.w.org\/{rel}","templated":true}]}}