{"id":79813,"date":"2025-05-06T17:25:09","date_gmt":"2025-05-06T17:25:09","guid":{"rendered":"https:\/\/www.europesays.com\/fr\/79813\/"},"modified":"2025-05-06T17:25:09","modified_gmt":"2025-05-06T17:25:09","slug":"deux-films-tournes-dans-la-metropole-du-grand-nancy-au-festival-de-cannes","status":"publish","type":"post","link":"https:\/\/www.europesays.com\/fr\/79813\/","title":{"rendered":"Deux films tourn\u00e9s dans la M\u00e9tropole du Grand Nancy au Festival de Cannes"},"content":{"rendered":"<p><strong>Deux tournages r\u00e9alis\u00e9s en grande partie sur la M\u00e9tropole du Grand Nancy et la Ville de Nancy, soutenus financi\u00e8rement par la M\u00e9tropole du Grand Nancy, sont retenus pour la 78e \u00e9dition du festival de Cannes 2025, du 13 au 24 mai. Ces deux s\u00e9lections \u00e0 Cannes la m\u00eame ann\u00e9e soulignent le travail accompli dans le cadre de PLATO, dispositif dynamique mis en place pour l\u2019accueil de tournage, en lien avec la R\u00e9gion Grand Est.<\/strong><\/p>\n<p><strong>Connemara, r\u00e9alis\u00e9 par Alex Lutz<\/strong><br \/>\n<img loading=\"lazy\" decoding=\"async\" class=\" wp-image-80212\" src=\"https:\/\/www.europesays.com\/fr\/wp-content\/uploads\/2025\/05\/connemara.jpg\" alt=\"M\u00e9lanie Thierry et Bastien Bouillon, personnages principaux de &quot;Connemara&quot;, film r\u00e9alis\u00e9 par Alex Lutz d'apr\u00e8s le best-seller du Nanc\u00e9ien Nicolas Mathieu.\" width=\"200\" height=\"300\"  \/>M\u00e9lanie Thierry et Bastien Bouillon, personnages principaux de \u00ab\u00a0Connemara\u00a0\u00bb, film r\u00e9alis\u00e9 par Alex Lutz d\u2019apr\u00e8s le best-seller du Nanc\u00e9ien Nicolas Mathieu.<\/p>\n<ul>\n<li><strong>Connemara, r\u00e9alis\u00e9 par Alex Lutz<\/strong>, avec M\u00e9lanie Thierry, Bastien Bouillon et Jacques Gamblin, d\u2019apr\u00e8s le roman de Nicolas Mathieu, sera pr\u00e9sent\u00e9 en S\u00e9lection Officielle \u2013 Cannes Premi\u00e8re lors du prochain Festival de Cannes.<br \/>La M\u00e9tropole du Grand Nancy a accueilli quatre jours de tournage de Connemara \u00e0 Nancy, Laxou et Heillecourt.<br \/>Accompagn\u00e9 par Supermouche Productions et Incognita Studio, Connemara sera distribu\u00e9 en salle par Studiocanal, \u00e9galement coproductrice du projet aux c\u00f4t\u00e9s de Grands Ducs Films et Wrong Men.<br \/><strong>Soutiens Grand Est<\/strong> : R\u00e9gion Grand Est et r\u00e9seau Plato : Conseil D\u00e9partemental des Vosges, Communaut\u00e9 d\u2019Agglom\u00e9ration d\u2019\u00c9pinal, M\u00e9tropole du Grand Nancy, en partenariat avec le CNC et avec l\u2019appui du Bureau des Images Grand Est.<\/li>\n<\/ul>\n<p><strong>Synopsis<\/strong> : Issue d\u2019un milieu modeste, H\u00e9l\u00e8ne a quitt\u00e9 depuis longtemps les Vosges. Aujourd\u2019hui, elle a la quarantaine. Un burn-out brutal l\u2019oblige \u00e0 quitter Paris, revenir l\u00e0 o\u00f9 elle a grandi, entre Nancy et \u00c9pinal. Elle s\u2019installe avec sa famille, retrouve un bon travail, la qualit\u00e9 de vie en somme\u2026 Un soir, sur le parking d\u2019un restaurant franchis\u00e9, elle aper\u00e7oit un visage connu, Christophe Marchal, le bel hockeyeur des ann\u00e9es lyc\u00e9es. Christophe, ce lointain objet de d\u00e9sir, une liaison qu\u2019H\u00e9l\u00e8ne n\u2019avait pas vu venir\u2026 Dans leurs \u00e9treintes, ce sont deux France, deux mondes d\u00e9sormais \u00e9trangers qui r\u00eavent de s\u2019aimer. Cette idylle, cette \u00eele, leur sera-t-elle possible ?<\/p>\n<p>La petite derni\u00e8re, r\u00e9alis\u00e9 par Hafsia Herzi<br \/>\n<img loading=\"lazy\" decoding=\"async\" class=\"wp-image-80210 size-full\" src=\"https:\/\/www.europesays.com\/fr\/wp-content\/uploads\/2025\/05\/La-Petite-Derniere-\ufe0f-2025-June-films-Katuh-studio-Arte-France-mk2films.jpg\" alt=\"La Petite Derni\u00e8re - \ufe0f 2025 June films Katuh studio Arte France mk2films\" width=\"1200\" height=\"800\"  \/>Nadia Malliti incarne \u00ab\u00a0La Petite Derni\u00e8re\u00a0\u00bb du film de Hafsia Herzi, s\u00e9lectionn\u00e9 en comp\u00e9tition. (June films Katuh studio Arte France mk2films)<\/p>\n<ul>\n<li><strong>La petite derni\u00e8re, r\u00e9alis\u00e9 par Hafsia Herzi<\/strong>, est une adaptation du roman de Fatima Daas, paru en 2020, et sera en S\u00e9lection Officielle du Festival de Cannes. Avec Nadia Melliti, Ji-Min Park, Louis Memmi\u2026<br \/>Production : June Films \/ Productrice : Julie Billy<br \/>Distribution : Ad Vitam<br \/>La M\u00e9tropole du Grand Nancy a accueilli ce tournage du 30 mai au 4 juillet 2024 \u00e0 Nancy et Laxou.<br \/>Soutiens GRAND EST : R\u00e9gion Grand Est et M\u00e9tropole Grand Nancy (r\u00e9seau Plato), en partenariat avec le CNC et avec l\u2019appui du Bureau des Images Grand Est.<\/li>\n<\/ul>\n<p><strong>Synopsis<\/strong> : Fatima, 17 ans, est la petite derni\u00e8re. Elle vit en banlieue avec ses s\u0153urs, dans une famille joyeuse et aimante. Bonne \u00e9l\u00e8ve, elle int\u00e8gre une fac de philosophie \u00e0 Paris et d\u00e9couvre un tout nouveau monde. Alors que d\u00e9bute sa vie de jeune femme, elle s\u2019\u00e9mancipe de sa famille et ses traditions. Fatima se met alors \u00e0 questionner son identit\u00e9. Comment concilier sa foi avec ses d\u00e9sirs naissants ?<\/p>\n","protected":false},"excerpt":{"rendered":"Deux tournages r\u00e9alis\u00e9s en grande partie sur la M\u00e9tropole du Grand Nancy et la Ville de Nancy, soutenus&hellip;\n","protected":false},"author":2,"featured_media":79814,"comment_status":"","ping_status":"","sticky":false,"template":"","format":"standard","meta":{"footnotes":""},"categories":[9635],"tags":[1111,11,1777,674,5634,1011,27,775,18660,1702,12,25],"class_list":{"0":"post-79813","1":"post","2":"type-post","3":"status-publish","4":"format-standard","5":"has-post-thumbnail","7":"category-nancy","8":"tag-actu","9":"tag-actualites","10":"tag-eu","11":"tag-europe","12":"tag-festival-de-cannes","13":"tag-fr","14":"tag-france","15":"tag-grand-est","16":"tag-metropole-de-nancy","17":"tag-nancy","18":"tag-news","19":"tag-republique-francaise"},"share_on_mastodon":{"url":"https:\/\/pubeurope.com\/@fr\/114462059749183220","error":""},"_links":{"self":[{"href":"https:\/\/www.europesays.com\/fr\/wp-json\/wp\/v2\/posts\/79813","targetHints":{"allow":["GET"]}}],"collection":[{"href":"https:\/\/www.europesays.com\/fr\/wp-json\/wp\/v2\/posts"}],"about":[{"href":"https:\/\/www.europesays.com\/fr\/wp-json\/wp\/v2\/types\/post"}],"author":[{"embeddable":true,"href":"https:\/\/www.europesays.com\/fr\/wp-json\/wp\/v2\/users\/2"}],"replies":[{"embeddable":true,"href":"https:\/\/www.europesays.com\/fr\/wp-json\/wp\/v2\/comments?post=79813"}],"version-history":[{"count":0,"href":"https:\/\/www.europesays.com\/fr\/wp-json\/wp\/v2\/posts\/79813\/revisions"}],"wp:featuredmedia":[{"embeddable":true,"href":"https:\/\/www.europesays.com\/fr\/wp-json\/wp\/v2\/media\/79814"}],"wp:attachment":[{"href":"https:\/\/www.europesays.com\/fr\/wp-json\/wp\/v2\/media?parent=79813"}],"wp:term":[{"taxonomy":"category","embeddable":true,"href":"https:\/\/www.europesays.com\/fr\/wp-json\/wp\/v2\/categories?post=79813"},{"taxonomy":"post_tag","embeddable":true,"href":"https:\/\/www.europesays.com\/fr\/wp-json\/wp\/v2\/tags?post=79813"}],"curies":[{"name":"wp","href":"https:\/\/api.w.org\/{rel}","templated":true}]}}