{"id":798358,"date":"2026-03-14T13:50:14","date_gmt":"2026-03-14T13:50:14","guid":{"rendered":"https:\/\/www.europesays.com\/fr\/798358\/"},"modified":"2026-03-14T13:50:14","modified_gmt":"2026-03-14T13:50:14","slug":"lincroyable-quete-dun-avocat-rennais-pour-sa-mere","status":"publish","type":"post","link":"https:\/\/www.europesays.com\/fr\/798358\/","title":{"rendered":"l&rsquo;incroyable qu\u00eate d&rsquo;un avocat rennais pour sa m\u00e8re"},"content":{"rendered":"<p>                    Par<br \/>\n        <strong><br \/>\n            <a href=\"https:\/\/actu.fr\/auteur\/redaction-rennes\" title=\"Consulter tous les articles de R\u00e9daction Rennes\" rel=\"nofollow noopener\" target=\"_blank\">R\u00e9daction Rennes<\/a><br \/>\n                    <\/strong><\/p>\n<p>        Publi\u00e9 le<\/p>\n<p>            14 mars 2026 \u00e0 14h22        <\/p>\n<p><strong>\u00ab\u2009D\u00e9tective Rennes\u2009\u00bb.<\/strong> C\u2019est en tapant ces deux mots dans la barre de recherche Google que l\u2019histoire a d\u00e9but\u00e9, pour Arnaud Le Bourdais. Cet avocat rennais a d\u00e9cid\u00e9 de donner un coup de pouce \u2013 <strong>en toute discr\u00e9tion<\/strong> \u2013 \u00e0 sa m\u00e8re, Isabelle, afin qu\u2019elle puisse retrouver sa propre m\u00e8re biologique. En effet, Isabelle a \u00e9t\u00e9 <strong>plac\u00e9e \u00e0 l\u2019\u00e2ge de \u00ab\u2009deux jours\u2009\u00bb<\/strong> \u00e0 l\u2019Aide sociale \u00e0 l\u2019enfance (ASE). Celle-ci a donc \u00e9t\u00e9 \u00e9lev\u00e9e avec sa demi-s\u0153ur et ses deux fr\u00e8res, au sein d\u2019une famille d\u2019accueil, qui n\u2019avait pas d\u2019enfant.<\/p>\n<p>Elle \u00e9tait \u00ab\u2009encore vivante\u2009\u00bb<\/p>\n<p class=\" wall-content\">Elle-m\u00eame devenue \u00e0 son tour \u00ab\u2009famille d\u2019accueil\u2009\u00bb apr\u00e8s avoir travaill\u00e9 comme \u00ab\u2009cheffe de rayon\u2009\u00bb dans des grandes surfaces d\u2019Angers puis de Lorient (Morbihan), la m\u00e8re de l\u2019avocat rennais avait souhait\u00e9 <strong>adopter l\u2019un des enfants qu\u2019elle accueillait.<\/strong><\/p>\n<p class=\" wall-content\">Mais il lui fallait pour cela un extrait d\u2019acte de naissance de sa m\u00e8re biologique\u2009: elle s\u2019\u00e9tait alors rendu compte que cette derni\u00e8re \u00e9tait <strong>encore vivante\u2026<\/strong> \u00ab\u2009Quand ma m\u00e8re m\u2019a annonc\u00e9 \u00e7a au t\u00e9l\u00e9phone [en juillet\u00a02025, N.D.L.R], je me suis souvenu que, quatre ou cinq ans auparavant, elle m\u2019avait parl\u00e9 de l\u2019id\u00e9e d\u2019engager un d\u00e9tective priv\u00e9\u2009\u00bb, raconte Arnaud Le Bourdais. Sans le dire, il d\u00e9marre les recherches pour essayer de retrouver sa grand-m\u00e8re.<\/p>\n<p>Une d\u00e9marche l\u00e9gale<\/p>\n<p class=\" wall-content\">Le recours \u00e0 un d\u00e9tective priv\u00e9 pour ce type de d\u00e9marches est en effet l\u00e9gal en France, o\u00f9 l\u2019on en compterait plus de 3\u2009000. Ce professionnel obligatoirement agr\u00e9ment\u00e9 par le Conseil national des activit\u00e9s priv\u00e9es de s\u00e9curit\u00e9 (CNAPS) \u2013 rattach\u00e9 au minist\u00e8re de l\u2019Int\u00e9rieur \u2013 a pour mission de \u00ab\u2009recueillir, m\u00eame sans faire \u00e9tat de sa qualit\u00e9 ni r\u00e9v\u00e9ler l\u2019objet de sa mission, des informations ou renseignements destin\u00e9s \u00e0 des tiers, en vue de la d\u00e9fense de leurs int\u00e9r\u00eats\u2009\u00bb, selon le code de la s\u00e9curit\u00e9 int\u00e9rieure (CSI).<\/p>\n<p class=\" wall-content\">Son activit\u00e9 est cependant <strong>strictement encadr\u00e9e<\/strong>\u2009: il doit notamment \u00ab\u2009\u00e9viter toute confusion avec un service public, notamment un service de police\u2009\u00bb. Il doit \u00e9galement <strong>respecter la vie priv\u00e9e<\/strong> des personnes concern\u00e9es par son enqu\u00eate.<\/p>\n<p class=\" wall-content\">\u00ab\u2009J\u2019ai appel\u00e9 le premier num\u00e9ro de portable que j\u2019ai vu, je voulais pouvoir parler directement \u00e0 la personne\u2009\u00bb, se rem\u00e9more Arnaud Le Bourdais, qui n\u2019a <strong>pas eu d\u2019inqui\u00e9tude particuli\u00e8re<\/strong> au moment de se lancer dans cette d\u00e9marche.<\/p>\n<p>    <img   decoding=\"async\" loading=\"lazy\" src=\"https:\/\/www.europesays.com\/fr\/wp-content\/uploads\/2026\/03\/arnaud-le-bourdais-photo-1-960x640.jpg\" alt=\"Arnaud Le Bourdais sur le parvis de la Cit\u00e9 judiciaire de Rennes.\" width=\"960\" height=\"640\"\/><br \/>\n    Arnaud Le Bourdais sur le parvis de la Cit\u00e9 judiciaire de Rennes. (\u00a9Romain Blanchard\/PressPepper)<\/p>\n<p>Les \u00e9lections municipales 2026<\/p>\n<p>Suivez toutes les actualit\u00e9s des municipales 2026 dans une seule newsletter.<\/p>\n<p>    <a href=\"http:\/\/actu.fr\/newsletter\/#encampagne_preview\" class=\"ac-btn ac-btn--corner ac-btn--medium ac-btn--blue800\" rel=\"nofollow noopener\" target=\"_blank\">S&rsquo;inscrire<\/a><\/p>\n<p class=\" wall-content\">\u00ab\u2009En tant qu\u2019avocat, on est d\u00e9j\u00e0 le r\u00e9ceptacle de beaucoup de choses\u2009\u00bb, explique-t-il. \u00ab\u2009Alors au moment de se confier \u00e0 quelqu\u2019un sur un pan de ma vie \u2013 qui n\u2019est en plus pas forc\u00e9ment le mien \u2013 je ne me suis pas heurt\u00e9 \u00e0 <strong>la pudeur\u2009\u00bb.<\/strong> D\u2019ailleurs, le d\u00e9tective priv\u00e9 a su \u00ab\u2009tisser un lien de confiance\u2009\u00bb, note Arnaud Le Bourdais.<\/p>\n<p>Mission accomplie\u2026 En deux semaines<\/p>\n<p class=\" wall-content\">Pour mener ses recherches, ce professionnel de l\u2019investigation n\u2019a eu besoin<strong> que de l\u2019acte de naissance <\/strong>et <strong>du livret de famille<\/strong>. \u00ab\u2009Deux semaines plus tard, il avait localis\u00e9 ma grand-m\u00e8re en Belgique\u2009\u00bb, retrace l\u2019avocat rennais.<\/p>\n<p class=\" wall-content\">\u00c0 ce moment-l\u00e0, Isabelle ignore alors tout de la d\u00e9marche entreprise par son fils. Or, impossible pour le d\u00e9tective priv\u00e9 de transmettre la moindre information personnelle sans son consentement\u2026 La m\u00e8re d\u2019Arnaud Le Bourdais se voit donc demander d\u2019\u00e9crire<strong> une \u00ab\u2009lettre\u2009\u00bb \u00e0 sa propre m\u00e8re,<\/strong> pour formaliser son feu vert \u00e0 cette d\u00e9marche et pour que le d\u00e9tective puisse remettre la missive en mains propres.<\/p>\n<blockquote class=\"ac-article-quote wall-content\">\n<p>Lorsqu&rsquo;elle a appris qu&rsquo;on avait retrouv\u00e9 sa m\u00e8re, elle a fondu en larmes. C&rsquo;\u00e9tait un choc \u00e9norme pour elle.<\/p>\n<p>    <strong>Arnaud Le Bourdais<\/strong>\n            <\/p><\/blockquote>\n<p class=\" wall-content\">Dans sa lettre \u00e9crite \u00ab\u2009sans ranc\u0153ur\u2009\u00bb, Isabelle explique qu\u2019elle n\u2019en \u00ab\u2009voudra\u2009\u00bb jamais \u00e0 sa m\u00e8re et qu\u2019elle ne lui \u00ab\u2009demandera jamais des comptes\u2009\u00bb car <strong>\u00ab\u2009le temps est pass\u00e9\u2009\u00bb.<\/strong><\/p>\n<p class=\" wall-content\">\u00ab\u2009Arnaud a os\u00e9 faire ce que j\u2019avais un peu peur de faire, m\u00eame si je pense qu\u2019au fond de moi, je voulais le faire\u2009\u00bb, estime Isabelle, \u00e2g\u00e9e aujourd\u2019hui de 61\u00a0ans. Celle qui vit d\u00e9sormais \u00e0 Caudan, pr\u00e8s de Lorient, admet qu\u2019elle <strong>s\u2019est \u00ab\u2009un peu m\u00e9fi\u00e9e\u2009\u00bb au d\u00e9but,<\/strong> par \u00ab\u2009peur de d\u00e9couvrir quelque chose qui n\u2019est pas bien derri\u00e8re\u2009\u00bb.<\/p>\n<p>Des retrouvailles dans une friterie de Charleroi<\/p>\n<p class=\" wall-content\">Mais \u00ab\u2009\u00e0 travers mon histoire, mon m\u00e9tier, je me rends compte <strong>que la vie n\u2019est pas simple\u2009\u00bb,<\/strong> philosophe la sexag\u00e9naire.<\/p>\n<blockquote class=\"ac-article-quote wall-content\">\n<p>On ne peut pas savoir ce qu&rsquo;il se passe dans la vie des gens&#8230; Si j&rsquo;avais v\u00e9cu en 1964 [son ann\u00e9e de naissance, N.D.L.R], qu&rsquo;est-ce que j&rsquo;aurais fait \u00e0 la place de ma m\u00e8re ?<\/p>\n<p>    <strong>Isabelle<\/strong>\n            <\/p><\/blockquote>\n<p class=\" wall-content\">Le jour m\u00eame o\u00f9 sa lettre arrive en Belgique,<strong> Isabelle re\u00e7oit un appel\u2026<\/strong> de sa petite s\u0153ur biologique, qui \u00e9tait rest\u00e9e vivre avec sa m\u00e8re et qu\u2019elle n\u2019avait vu qu\u2019une fois \u00ab\u2009vers 16 ou 17\u00a0ans\u2009\u00bb. C\u2019est cette s\u0153ur, ancienne militaire, qui organisera la rencontre entre la grand-m\u00e8re, la m\u00e8re et le fils <strong>dans une friterie de Charleroi,<\/strong> fin janvier\u00a02026.<\/p>\n<p>\u00ab\u2009Ma m\u00e8re \u00e9tait troubl\u00e9e, \u00e9mue\u2009\u00bb<\/p>\n<p class=\" wall-content\">\u00ab\u2009Pour ne pas troubler ma grand-m\u00e8re, on lui a pr\u00e9sent\u00e9 ma m\u00e8re comme une amie fran\u00e7aise de ma tante [l\u2019ancienne militaire, N.D.L.R]\u2009\u00bb, explique Arnaud Le Bourdais. Mais il est s\u00fbr que cette femme de 93\u00a0ans <strong>a \u00ab\u2009reconnu\u2009\u00bb sa fille biologique<\/strong>. \u00ab\u2009Elle l\u2019a d\u00e9visag\u00e9e extr\u00eamement longtemps, puis elles se sont mises \u00e0 parler de leur ville natale\u2009\u00bb, se souvient l\u2019avocat. <strong>\u00ab\u2009Ma m\u00e8re \u00e9tait troubl\u00e9e, \u00e9mue.\u2009\u00bb<\/strong><\/p>\n<p class=\" wall-content\">\u00ab\u2009J\u2019ai d\u00e9couvert une maman comme toutes les mamans\u2009\u00bb, abonde Isabelle. Depuis cette rencontre, la sexag\u00e9naire confie se sentir \u00ab\u2009apais\u00e9e\u2009\u00bb\u2009: cette amatrice de \u00ab\u2009voyages\u2009\u00bb a d\u00e9sormais \u00ab\u2009l\u2019impression d\u2019avoir arr\u00eat\u00e9 de chercher\u2009\u00bb.<\/p>\n<p class=\" wall-content\">M\u00eame si elle n\u2019envisage pas de nouvelle rencontre avec sa m\u00e8re pour \u00ab\u2009rester prudente\u2009\u00bb, elle \u00ab\u2009incite\u2009\u00bb les enfants dans sa situation<strong> \u00e0 \u00ab\u2009chercher\u2009\u00bb leurs origines<\/strong> \u00ab\u2009dans un esprit de paix, pas de guerre\u2009\u00bb. \u00ab\u2009Je voulais juste voir quelqu\u2019un qui me ressemble\u2009\u00bb, r\u00e9sume-t-elle. \u00ab\u2009Je pense que j\u2019ai eu ce que je voulais.\u2009\u00bb<\/p>\n<p class=\" wall-content\"><strong>RB et GF (PressPepper)<\/strong><\/p>\n<p class=\" wall-content\">Personnalisez votre actualit\u00e9 en ajoutant vos villes et m\u00e9dias en favori avec <a href=\"https:\/\/moncompte.actu.fr\" title=\"D\u00e9couvez Mon Actu\" rel=\"nofollow noopener\" data-trk=\"{&quot;cta&quot;:{&quot;action&quot;:&quot;https:\\\/\\\/moncompte.actu.fr&quot;,&quot;category&quot;:&quot;mon compte&quot;,&quot;from&quot;:&quot;article footer&quot;,&quot;name&quot;:&quot;Mon actu&quot;,&quot;type&quot;:&quot;cta&quot;}}\" target=\"_blank\">Mon Actu<\/a>.<\/p>\n","protected":false},"excerpt":{"rendered":"Par R\u00e9daction Rennes Publi\u00e9 le 14 mars 2026 \u00e0 14h22 \u00ab\u2009D\u00e9tective Rennes\u2009\u00bb. C\u2019est en tapant ces deux mots&hellip;\n","protected":false},"author":2,"featured_media":798359,"comment_status":"","ping_status":"","sticky":false,"template":"","format":"standard","meta":{"footnotes":"","_share_on_mastodon":"0"},"categories":[2821],"tags":[1111,11,829,1777,674,1011,27,12,584,25,104,240],"class_list":["post-798358","post","type-post","status-publish","format-standard","has-post-thumbnail","category-rennes","tag-actu","tag-actualites","tag-bretagne","tag-eu","tag-europe","tag-fr","tag-france","tag-news","tag-rennes","tag-republique-francaise","tag-societe","tag-temoignage"],"share_on_mastodon":{"url":"https:\/\/pubeurope.com\/@fr\/116227855307307567","error":""},"_links":{"self":[{"href":"https:\/\/www.europesays.com\/fr\/wp-json\/wp\/v2\/posts\/798358","targetHints":{"allow":["GET"]}}],"collection":[{"href":"https:\/\/www.europesays.com\/fr\/wp-json\/wp\/v2\/posts"}],"about":[{"href":"https:\/\/www.europesays.com\/fr\/wp-json\/wp\/v2\/types\/post"}],"author":[{"embeddable":true,"href":"https:\/\/www.europesays.com\/fr\/wp-json\/wp\/v2\/users\/2"}],"replies":[{"embeddable":true,"href":"https:\/\/www.europesays.com\/fr\/wp-json\/wp\/v2\/comments?post=798358"}],"version-history":[{"count":0,"href":"https:\/\/www.europesays.com\/fr\/wp-json\/wp\/v2\/posts\/798358\/revisions"}],"wp:featuredmedia":[{"embeddable":true,"href":"https:\/\/www.europesays.com\/fr\/wp-json\/wp\/v2\/media\/798359"}],"wp:attachment":[{"href":"https:\/\/www.europesays.com\/fr\/wp-json\/wp\/v2\/media?parent=798358"}],"wp:term":[{"taxonomy":"category","embeddable":true,"href":"https:\/\/www.europesays.com\/fr\/wp-json\/wp\/v2\/categories?post=798358"},{"taxonomy":"post_tag","embeddable":true,"href":"https:\/\/www.europesays.com\/fr\/wp-json\/wp\/v2\/tags?post=798358"}],"curies":[{"name":"wp","href":"https:\/\/api.w.org\/{rel}","templated":true}]}}