{"id":798369,"date":"2026-03-14T13:56:15","date_gmt":"2026-03-14T13:56:15","guid":{"rendered":"https:\/\/www.europesays.com\/fr\/798369\/"},"modified":"2026-03-14T13:56:15","modified_gmt":"2026-03-14T13:56:15","slug":"vahid-halilhodzic-lache-ses-premieres-punchlines-pour-son-grand-retour-au-fc-nantes","status":"publish","type":"post","link":"https:\/\/www.europesays.com\/fr\/798369\/","title":{"rendered":"Vahid Halilhodzic l\u00e2che ses premi\u00e8res punchlines pour son grand retour au FC Nantes"},"content":{"rendered":"<p>Apr\u00e8s Luis Castro et Ahmed Kantari, place donc \u00e0 <a href=\"https:\/\/www.footmercato.net\/entraineur\/vahid-halilhodzic\" rel=\"nofollow noopener\" target=\"_blank\">Vahid<\/a> Halilhodzic. Troisi\u00e8me entra\u00eeneur du FC <a href=\"https:\/\/www.footmercato.net\/club\/fc-nantes\/\" rel=\"nofollow noopener\" target=\"_blank\">Nantes<\/a> de la saison, le Bosnien de 73 ans aura la difficile mission de sauver les Canaris de la rel\u00e9gation. Dix-septi\u00e8me du <a href=\"https:\/\/www.footmercato.net\/france\/ligue-1\/classement\" rel=\"nofollow noopener\" target=\"_blank\">classement de Ligue 1<\/a>, le club des bords de l\u2019Erdre semble condamn\u00e9 \u00e0 batailler au maximum pour une place de barragiste. Un d\u00e9fi immense que \u00ab\u00a0coach Vahid\u00a0\u00bb devra relever en neuf matches, pas plus. De retour au bercail, le nouvel homme fort \u00e9tait officiellement pr\u00e9sent\u00e9 cet apr\u00e8s-midi aux m\u00e9dias. Un exercice qu\u2019Halilhodzic conna\u00eet tr\u00e8s bien, en tant que grand habitu\u00e9 des phrases bien senties. \u00ab\u00a0M\u00eame la presse fait la gueule (sourire). Pourquoi je suis revenu ?\u00a0\u00bb, a-t-il l\u00e2ch\u00e9 d\u2019entr\u00e9e de jeu, histoire de d\u00e9tendre l\u2019atmosph\u00e8re. Sans surprise, Halilhodzic a dans un premier temps invit\u00e9 \u00e0 expliquer les raisons de son retour, lui qui \u00e9tait parti f\u00e2ch\u00e9 avec la famille Kita. L\u2019occasion pour lui de d\u00e9voiler qu\u2019il avait r\u00e9pondu par la n\u00e9gative quand il a \u00e9t\u00e9 contact\u00e9 pour la premi\u00e8re fois par le club nantais, avant que son c\u0153ur en d\u00e9cide autrement. <\/p>\n<p>            La suite apr\u00e8s cette publicit\u00e9<\/p>\n<p>\u00ab\u00a0C\u2019est mon club. Pourquoi je reviens ? Beaucoup de gens se posent la m\u00eame question. Mes amis m\u2019ont dit qu\u2019ils ne comprenaient pas. Au d\u00e9part, quand on m\u2019a contact\u00e9, j\u2019ai dit niet ! Puis ils ont insist\u00e9. J\u2019adore ce club. J\u2019ai beaucoup d\u2019amis ici. (\u2026) On dit que je suis d\u00e9pass\u00e9\u2026 On m\u2019a vol\u00e9 3 Coupes du monde. J\u2019ai mon caract\u00e8re, je suis fier de \u00e7a. (\u2026) Je reviens pour le FC Nantes. Pour essayer de sauver le club. Quand on regarde le classement\u2026 Les prochains matchs, ce n\u2019est pas cadeau. C\u2019est presque mission impossible. (\u2026) L\u2019objectif, c\u2019est d\u2019\u00eatre barragiste. Si c\u2019est possible de faire plus\u2026 \u00bb, a-t-il d\u00e9clar\u00e9, dans des propos relay\u00e9s par RMC Sport. De retour \u00e0 la barre pour \u00e9viter le naufrage, le capitaine amoureux du FCN n\u2019aura pas \u00e9norm\u00e9ment de temps pour provoquer une r\u00e9action. Afin d\u2019en obtenir une, l\u2019une des m\u00e9thodes consiste parfois \u00e0 piquer les joueurs. Et c\u2019est ce qu\u2019il a fait, tout en restant positif et en les taquinant avec un peu d\u2019humour. \u00ab\u00a0S\u2019ils veulent jouer en D2, ils perdront toute cr\u00e9dibilit\u00e9. Ce ne sera pas facile avec moi, on va travailler. (\u2026) Peut-\u00eatre que certains joueurs se sont laiss\u00e9s aller. Ils ne sont pas habitu\u00e9s \u00e0 gagner. Il faut dire la v\u00e9rit\u00e9. On va tenter. Je promets du travail. Vous pouvez interroger les joueurs. Les joueurs ont peur de jouer \u00e0 la Beaujoire. Certains n\u2019ont pas conscience du club o\u00f9 ils jouent. Nantes est un monstre, ce club est mondialement connu.\u00a0\u00bb<\/p>\n<p>        \u00abJe ne travaille pas pour la direction\u00bb<\/p>\n<p>Halilhodzic a fait passer ses messages, mais il ne compte pas regarder ses troupes se d\u00e9pouiller sans rien faire. Fort de sa r\u00e9putation de \u00ab\u00a0bosseur\u00a0\u00bb acharn\u00e9 en L1, le Bosnien veut de la combativit\u00e9, de la volont\u00e9 et de la tactique. Et il compte bien mouiller le maillot pour obtenir tout \u00e7a de ses joueurs. \u00ab\u00a0C\u2019est facile de critiquer les joueurs, mais il faut les aider. Ce ne sont pas des mauvais gar\u00e7ons, mais ils doivent changer leur fa\u00e7on de travailler. (\u2026) On me dit qu\u2019Abline est un bon joueur. Mais il a mis 4 buts. Je le taquine, moi j\u2019ai mis 4 buts dans un match ! Je dois l\u2019aider. Il a beaucoup de qualit\u00e9s. Je suis l\u00e0 pour les aider, pour qu\u2019ils progressent. (\u2026) Vous avez vu l\u2019entra\u00eenement aujourd\u2019hui ? Vous m\u2019avez vu avec des b\u00e9quilles ? Il faut venir ici pour voir comment Vahid travaille. On m\u2019a entendu crier jusqu\u2019\u00e0 Paris. C\u2019est vrai, j\u2019ai mal au genou, qui a beaucoup donn\u00e9\u2026 Le m\u00e9decin me dit de ne pas courir, mais je peux faire des pompes. Je fais 30-40 pompes, facile ! Aucun probl\u00e8me. Le foot est ma passion.\u00a0\u00bb<\/p>\n<p>            La suite apr\u00e8s cette publicit\u00e9<\/p>\n<p>Enfin, Halilhodzic n\u2019a pas \u00e9chapp\u00e9 aux questions sur ses rapports avec la famille Kita. Et comme l\u2019a fait Antoine Kombouar\u00e9 en son temps, le Bosnien a tent\u00e9 de s\u2019en sortir par une pirouette, m\u00eame s\u2019il a fait comprendre qu\u2019il comptait mener sa barque tout seul, apr\u00e8s avoir confirm\u00e9 <a href=\"https:\/\/www.footmercato.net\/a554696950409627223-vahid-halilhodzic-ne-restera-pas-au-fc-nantes\" rel=\"nofollow noopener\" target=\"_blank\">qu\u2019il quittera ses fonctions \u00e0 la fin de la saison<\/a>. \u00ab\u00a0On raconte des choses sur Vahid. Je ne regarde pas les r\u00e9seaux, je m\u2019en fous. Je ne travaille pas pour la direction, je travaille pour le FC Nantes. Waldemar Kita ? C\u2019est le patron. Mais le FCN appartient \u00e0 beaucoup de monde, un peu \u00e0 moi, un peu aux supporters. Si on se maintient, j\u2019apporte un vrai champagne\u2026\u00a0\u00bb Le rendez-vous est pris.<\/p>\n<p>\n    Pub. le 13\/03\/2026 15:27<br \/>\n            &#8211; MAJ le 14\/03\/2026 13:11\n    <\/p>\n","protected":false},"excerpt":{"rendered":"Apr\u00e8s Luis Castro et Ahmed Kantari, place donc \u00e0 Vahid Halilhodzic. Troisi\u00e8me entra\u00eeneur du FC Nantes de la&hellip;\n","protected":false},"author":2,"featured_media":791849,"comment_status":"","ping_status":"","sticky":false,"template":"","format":"standard","meta":{"footnotes":"","_share_on_mastodon":"0"},"categories":[2818],"tags":[1111,11,1777,674,1011,27,766,12,2636,25],"class_list":["post-798369","post","type-post","status-publish","format-standard","has-post-thumbnail","category-nantes","tag-actu","tag-actualites","tag-eu","tag-europe","tag-fr","tag-france","tag-nantes","tag-news","tag-pays-de-la-loire","tag-republique-francaise"],"share_on_mastodon":{"url":"https:\/\/pubeurope.com\/@fr\/116227878862606916","error":""},"_links":{"self":[{"href":"https:\/\/www.europesays.com\/fr\/wp-json\/wp\/v2\/posts\/798369","targetHints":{"allow":["GET"]}}],"collection":[{"href":"https:\/\/www.europesays.com\/fr\/wp-json\/wp\/v2\/posts"}],"about":[{"href":"https:\/\/www.europesays.com\/fr\/wp-json\/wp\/v2\/types\/post"}],"author":[{"embeddable":true,"href":"https:\/\/www.europesays.com\/fr\/wp-json\/wp\/v2\/users\/2"}],"replies":[{"embeddable":true,"href":"https:\/\/www.europesays.com\/fr\/wp-json\/wp\/v2\/comments?post=798369"}],"version-history":[{"count":0,"href":"https:\/\/www.europesays.com\/fr\/wp-json\/wp\/v2\/posts\/798369\/revisions"}],"wp:featuredmedia":[{"embeddable":true,"href":"https:\/\/www.europesays.com\/fr\/wp-json\/wp\/v2\/media\/791849"}],"wp:attachment":[{"href":"https:\/\/www.europesays.com\/fr\/wp-json\/wp\/v2\/media?parent=798369"}],"wp:term":[{"taxonomy":"category","embeddable":true,"href":"https:\/\/www.europesays.com\/fr\/wp-json\/wp\/v2\/categories?post=798369"},{"taxonomy":"post_tag","embeddable":true,"href":"https:\/\/www.europesays.com\/fr\/wp-json\/wp\/v2\/tags?post=798369"}],"curies":[{"name":"wp","href":"https:\/\/api.w.org\/{rel}","templated":true}]}}