{"id":798391,"date":"2026-03-14T14:09:13","date_gmt":"2026-03-14T14:09:13","guid":{"rendered":"https:\/\/www.europesays.com\/fr\/798391\/"},"modified":"2026-03-14T14:09:13","modified_gmt":"2026-03-14T14:09:13","slug":"emmanuel-macron-appelle-israel-a-des-discussions-directes-avec-le-liban-et-propose-de-les-accueillir-a-paris","status":"publish","type":"post","link":"https:\/\/www.europesays.com\/fr\/798391\/","title":{"rendered":"Emmanuel Macron appelle Isra\u00ebl \u00e0 des \u00ab\u00a0discussions directes\u00a0\u00bb avec le Liban, et propose de les accueillir \u00e0 Paris"},"content":{"rendered":"<p class=\"article-p mdl\">Emmanuel Macron a appel\u00e9 Isra\u00ebl \u00e0 accepter des \u00ab\u00a0discussions directes\u00a0\u00bb avec le Liban. Ce samedi 14 mars, le pr\u00e9sident de la R\u00e9publique s&rsquo;est \u00e9galement dit pr\u00eat \u00e0 \u00ab\u00a0faciliter\u00a0\u00bb ces discussions, en proposant de les accueillir \u00e0 Paris.<\/p>\n<p class=\"article-p mdl\">\u00ab\u00a0L&rsquo;ex\u00e9cutif libanais a marqu\u00e9 sa disposition \u00e0 des discussions directes avec Isra\u00ebl. Toutes les composantes du pays doivent y \u00eatre repr\u00e9sent\u00e9es\u00a0\u00bb, a d\u00e9clat\u00e9 Emmanuel Macron, qui indique sur son compte X s&rsquo;\u00eatre entretenu vendredi avec le pr\u00e9sident libanais Joseph Aoun, le Premier ministre libanais Nawaf Salam et le pr\u00e9sident du Parlement libanais Nabih Berri.\u00a0<\/p>\n<p class=\"article-p mdl\">Le mouvement pro-iranien Hezbollah avait entra\u00een\u00e9 le Liban dans <strong>la guerre r\u00e9gionale <\/strong>le 2 mars, en lan\u00e7ant des missiles sur Isra\u00ebl pour venger la mort du guide supr\u00eame iranien Ali Khamenei. Depuis, Isra\u00ebl a ripost\u00e9 par de\u00a0<a class=\"link\" href=\"https:\/\/www.rtl.fr\/actu\/international\/aucun-reste-lie-a-ron-arad-n-a-ete-trouve-41-morts-au-liban-apres-une-operation-israelienne-pour-retrouver-le-corps-d-un-aviateur-capture-en-1986-7900609778\" title=\"&quot;Aucun reste li\u00e9 \u00e0 Ron Arad n&#039;a \u00e9t\u00e9 trouv\u00e9&quot; : au Liban, 41 morts apr\u00e8s une op\u00e9ration isra\u00e9lienne pour retrouver le corps d&#039;un aviateur captur\u00e9 en 1986\" rel=\"nofollow noopener\" target=\"_blank\">nombreuses frappes sur le Liban<\/a>, mena\u00e7ant d&rsquo;y \u00e9tendre encore ses op\u00e9rations.\u00a0<\/p>\n<p class=\"article-p mdl\">\u00ab\u00a0Tout doit \u00eatre fait pour emp\u00eacher que le Liban ne sombre dans le chaos. Le Hezbollah doit arr\u00eater imm\u00e9diatement sa fuite en avant. Isra\u00ebl doit renoncer \u00e0 une offensive d&rsquo;ampleur et cesser ses frappes massives, alors que des <strong>centaines de milliers de personnes<\/strong> ont d\u00e9j\u00e0 fui les bombardements\u00a0\u00bb, a d\u00e9clar\u00e9 le pr\u00e9sident fran\u00e7ais sur son compte X.\u00a0<\/p>\n<blockquote class=\"twitter-tweet\">\n<p lang=\"fr\" dir=\"ltr\">J\u2019ai \u00e9chang\u00e9 hier avec le Pr\u00e9sident Aoun, le Premier ministre Salam et le Pr\u00e9sident du Parlement Berri.<\/p>\n<p>Tout doit \u00eatre fait pour emp\u00eacher que le Liban ne sombre dans le chaos.<\/p>\n<p>Le Hezbollah doit arr\u00eater imm\u00e9diatement sa fuite en avant. Isra\u00ebl doit renoncer \u00e0 une offensive\u2026<\/p>\n<p>\u2014 Emmanuel Macron (@EmmanuelMacron) <a href=\"https:\/\/twitter.com\/EmmanuelMacron\/status\/2032755123747749906?ref_src=twsrc%5Etfw\" rel=\"nofollow noopener\" target=\"_blank\">March 14, 2026<\/a><\/p><\/blockquote>\n<p class=\"article-p mdl\">Mais le chef du Hezbollah, Na\u00efm Qassem, a d\u00e9clar\u00e9 vendredi que son groupe \u00e9tait pr\u00eat \u00e0 <strong>\u00ab\u00a0une longue confrontation\u00a0\u00bb<\/strong> avec Isra\u00ebl, parlant de \u00ab\u00a0bataille existentielle\u00a0\u00bb.\u00a0<\/p>\n<p class=\"article-p mdl\">Samedi, une nouvelle frappe isra\u00e9lienne sur le Liban a touch\u00e9 un immeuble r\u00e9sidentiel dans une banlieue au nord de Beyrouth, qui avait d\u00e9j\u00e0 \u00e9t\u00e9 vis\u00e9e la veille. Les m\u00e9dias libanais font \u00e9galement \u00e9tat de frappes dans le sud du pays. Depuis le d\u00e9but du conflit, les bombardements isra\u00e9liens ont d\u00e9j\u00e0 fait 770 morts au Liban.<\/p>\n<p>    La r\u00e9daction vous recommande<\/p>\n<p class=\"s-newsletter__title\">\n                L\u2019actualit\u00e9 par la r\u00e9daction de RTL dans votre bo\u00eete mail.\n            <\/p>\n<p class=\"s-newsletter__subtitle\">\n                Gr\u00e2ce \u00e0 votre compte RTL abonnez-vous \u00e0 la newsletter RTL info pour suivre toute l&rsquo;actualit\u00e9 au quotidien\n            <\/p>\n<p>\n                                    Lire la suite\n                                <\/p>\n<p>                            <script async src=\"https:\/\/platform.twitter.com\/widgets.js\" charset=\"utf-8\"><\/script><\/p>\n","protected":false},"excerpt":{"rendered":"Emmanuel Macron a appel\u00e9 Isra\u00ebl \u00e0 accepter des \u00ab\u00a0discussions directes\u00a0\u00bb avec le Liban. Ce samedi 14 mars, le&hellip;\n","protected":false},"author":2,"featured_media":787071,"comment_status":"","ping_status":"","sticky":false,"template":"","format":"standard","meta":{"footnotes":"","_share_on_mastodon":"0"},"categories":[1888],"tags":[1111,1928,11,1927,1073,1777,674,107,1011,27,85545,664,12404,12,1926,626,1925,25],"class_list":["post-798391","post","type-post","status-publish","format-standard","has-post-thumbnail","category-paris","tag-actu","tag-actu-paris","tag-actualites","tag-actualites-paris","tag-emmanuel-macron","tag-eu","tag-europe","tag-fil-info","tag-fr","tag-france","tag-guerre-au-moyen-orient","tag-israel","tag-liban","tag-news","tag-news-paris","tag-paris","tag-paris-news","tag-republique-francaise"],"share_on_mastodon":{"url":"https:\/\/pubeurope.com\/@fr\/116227929931356926","error":""},"_links":{"self":[{"href":"https:\/\/www.europesays.com\/fr\/wp-json\/wp\/v2\/posts\/798391","targetHints":{"allow":["GET"]}}],"collection":[{"href":"https:\/\/www.europesays.com\/fr\/wp-json\/wp\/v2\/posts"}],"about":[{"href":"https:\/\/www.europesays.com\/fr\/wp-json\/wp\/v2\/types\/post"}],"author":[{"embeddable":true,"href":"https:\/\/www.europesays.com\/fr\/wp-json\/wp\/v2\/users\/2"}],"replies":[{"embeddable":true,"href":"https:\/\/www.europesays.com\/fr\/wp-json\/wp\/v2\/comments?post=798391"}],"version-history":[{"count":0,"href":"https:\/\/www.europesays.com\/fr\/wp-json\/wp\/v2\/posts\/798391\/revisions"}],"wp:featuredmedia":[{"embeddable":true,"href":"https:\/\/www.europesays.com\/fr\/wp-json\/wp\/v2\/media\/787071"}],"wp:attachment":[{"href":"https:\/\/www.europesays.com\/fr\/wp-json\/wp\/v2\/media?parent=798391"}],"wp:term":[{"taxonomy":"category","embeddable":true,"href":"https:\/\/www.europesays.com\/fr\/wp-json\/wp\/v2\/categories?post=798391"},{"taxonomy":"post_tag","embeddable":true,"href":"https:\/\/www.europesays.com\/fr\/wp-json\/wp\/v2\/tags?post=798391"}],"curies":[{"name":"wp","href":"https:\/\/api.w.org\/{rel}","templated":true}]}}