{"id":798406,"date":"2026-03-14T14:17:28","date_gmt":"2026-03-14T14:17:28","guid":{"rendered":"https:\/\/www.europesays.com\/fr\/798406\/"},"modified":"2026-03-14T14:17:28","modified_gmt":"2026-03-14T14:17:28","slug":"plus-de-280-000-ratons-laveurs-tues-en-allemagne","status":"publish","type":"post","link":"https:\/\/www.europesays.com\/fr\/798406\/","title":{"rendered":"Plus de 280\u00a0000 ratons laveurs tu\u00e9s en Allemagne"},"content":{"rendered":"<p itemprop=\"description\">En Allemagne\u00a0, durant la saison de chasse 2024\/25, les chasseurs ont abattu 284 220 ratons laveurs. Soit environ 2 fois plus qu&rsquo;il y a dix ans. Et m\u00eame 10 fois plus qu&rsquo;il y a vingt ans.<\/p>\n<p>C&rsquo;est ce que r\u00e9v\u00e8lent les derni\u00e8res statistiques de chasse analys\u00e9es par la <a href=\"https:\/\/www.jagdverband.de\/\" target=\"_blank\" rel=\"noopener nofollow\">F\u00e9d\u00e9ration allemande de chasse<\/a> (DJV). En chassant les <a href=\"https:\/\/www.lechasseurfrancais.com\/nature\/animaux\/raton-laveur-attention-danger-98630.html\" target=\"_blank\" rel=\"noopener nofollow\">ratons laveurs<\/a> les chasseurs contribuent de mani\u00e8re significative \u00e0 la pr\u00e9servation de la biodiversit\u00e9 locale<\/p>\n<p>     <strong>Le pi\u00e9geage est important pour la gestion des populations de ratons laveurs.<\/strong>  <\/p>\n<p>D\u00a0\u00bbapr\u00e8s une analyse de la F\u00e9d\u00e9ration allemande de chasse (DJV) r\u00e9alis\u00e9e dans le cadre de son programme de suivi WILD, quatre ratons laveurs sur dix recens\u00e9s dans les statistiques de chasse sont <a href=\"https:\/\/www.lechasseurfrancais.com\/chasse\/le-raton-laveur-en-voie-dexpansion-dans-le-rhone-95637.html\" target=\"_blank\" rel=\"noopener nofollow\">captur\u00e9s au pi\u00e8ge<\/a>. Pour ces pr\u00e9dateurs cr\u00e9pusculaires et nocturnes, ce type de chasse constitue donc une mesure de gestion importante. La DJV appelle par cons\u00e9quent les d\u00e9cideurs politiques \u00e0 un engagement clair en faveur du pi\u00e9geage. Les ratons laveurs sont d\u00e9j\u00e0 pr\u00e9sents dans plus des deux tiers des zones de chasse en Allemagne, comme le montre l&rsquo;analyse des donn\u00e9es WILD couvrant plus d&rsquo;un tiers des terres agricoles et foresti\u00e8res du pays. Dans les zones critiques du Brandebourg, de la Hesse, du Mecklembourg-Pom\u00e9ranie-Occidentale et de la Saxe-Anhalt, ce chiffre atteint 90 % des zones de chasse.<\/p>\n<p><img loading=\"lazy\" decoding=\"async\" itemprop=\"thumbnailUrl\" class=\"alignnone wp-image-159061 img-responsive \" src=\"https:\/\/www.europesays.com\/fr\/wp-content\/uploads\/2026\/03\/ratons-laveurs-en-allemagne2.webp.webp\" alt=\"ratons laveurs en allemagne\" width=\"700\" height=\"553\"\/> \u00a9  F\u00e9d\u00e9ration allemande de chasse (DJV) <\/p>\n<p>  <strong>Les ratons laveurs en Allemagne\u00a0: une menace pour la biodiversit\u00e9 et surtout pour les amphibiens<\/strong>  <\/p>\n<p>Durant la saison de chasse 2024\/25 (du 1er avril au 31 mars de l&rsquo;ann\u00e9e suivante), 284\u00a0220 ratons laveurs ont \u00e9t\u00e9 abattus. Ce sont les conclusions de la F\u00e9d\u00e9ration allemande de chasse (DJV) apr\u00e8s analyse des derni\u00e8res\u00a0statistiques\u00a0disponibles. Or, les grenouilles, crapauds et tritons souffrent particuli\u00e8rement de cette esp\u00e8ce invasive. Les ratons laveurs ciblant sp\u00e9cifiquement les fray\u00e8res et les cl\u00f4tures anti-amphibiens. Ils peuvent retirer la peau toxique des crapauds et ainsi acc\u00e9der \u00e0 la chair savoureuse de leurs pattes. Conjugu\u00e9 \u00e0 la s\u00e9cheresse et \u00e0 la circulation routi\u00e8re, ce petit ours d&rsquo;Am\u00e9rique du Nord peut contribuer \u00e0 l&rsquo;extinction locale des amphibiens. La chasse au raton laveur est donc une contribution importante \u00e0 la pr\u00e9servation de la biodiversit\u00e9.<\/p>\n<p>En Hesse, les effets n\u00e9fastes des ratons laveurs sur les amphibiens ont \u00e9t\u00e9 particuli\u00e8rement bien \u00e9tudi\u00e9s. Notamment gr\u00e2ce au r\u00f4le de premier plan jou\u00e9 par l&rsquo;Universit\u00e9 Goethe de Francfort. Les scientifiques de cette universit\u00e9 ont pu d\u00e9montrer, \u00e0 partir d&rsquo;\u00e9chantillons d&rsquo;ADN pr\u00e9lev\u00e9s dans le contenu stomacal, que les ratons laveurs consomment aussi bien les adultes que leurs petits. Le crapaud \u00e0 ventre jaune, une esp\u00e8ce en danger critique d&rsquo;extinction, est \u00e9galement touch\u00e9.<\/p>\n<p><img loading=\"lazy\" decoding=\"async\" class=\"alignnone wp-image-159062 img-responsive \" src=\"https:\/\/www.europesays.com\/fr\/wp-content\/uploads\/2026\/03\/piegeage-raton-laveur-1024x576.webp.webp\" alt=\"pi\u00e9geage ratons laveur \" width=\"700\" height=\"394\"\/> \u00a9  Shutterstock<\/p>\n<p>  <strong>Comment sont arriv\u00e9s les ratons laveurs en Allemagne\u00a0? <\/strong>  <\/p>\n<p>Un couple de ratons laveurs a \u00e9t\u00e9 rel\u00e2ch\u00e9 au lac Edersee, en Hesse, en 1934. D&rsquo;autres individus se sont \u00e9chapp\u00e9s d&rsquo;\u00e9levages de fourrure du Brandebourg apr\u00e8s la Seconde Guerre mondiale. N&rsquo;ayant pas de pr\u00e9dateurs naturels en Allemagne et n&rsquo;\u00e9tant pas chass\u00e9s pendant les premi\u00e8res d\u00e9cennies, ils ont pu prolif\u00e9rer sans entrave. Les ratons laveurs sont tr\u00e8s adaptables. Vivant aussi bien en milieu urbain que dans les zones rurales. De pr\u00e9f\u00e9rence dans les for\u00eats de feuillus et pr\u00e8s des points d&rsquo;eau. Agiles grimpeurs, ils se nourrissent non seulement au sol, mais aussi dans les creux d&rsquo;arbres et les crevasses rocheuses. Opportunistes, ils consomment une grande vari\u00e9t\u00e9 de proies. Notamment des fruits, des petits mammif\u00e8res, des insectes, des amphibiens et des oiseaux.<\/p>\n","protected":false},"excerpt":{"rendered":"En Allemagne\u00a0, durant la saison de chasse 2024\/25, les chasseurs ont abattu 284 220 ratons laveurs. Soit environ&hellip;\n","protected":false},"author":2,"featured_media":798407,"comment_status":"","ping_status":"","sticky":false,"template":"","format":"standard","meta":{"footnotes":"","_share_on_mastodon":"0"},"categories":[1587],"tags":[11,672,1804,1805,1803,1777,674,1801,12,1802],"class_list":["post-798406","post","type-post","status-publish","format-standard","has-post-thumbnail","category-allemagne","tag-actualites","tag-allemagne","tag-bundesrepublik-deutschland","tag-de","tag-deutschland","tag-eu","tag-europe","tag-germany","tag-news","tag-republique-federale-dallemagne"],"share_on_mastodon":{"url":"https:\/\/pubeurope.com\/@fr\/116227961497675463","error":""},"_links":{"self":[{"href":"https:\/\/www.europesays.com\/fr\/wp-json\/wp\/v2\/posts\/798406","targetHints":{"allow":["GET"]}}],"collection":[{"href":"https:\/\/www.europesays.com\/fr\/wp-json\/wp\/v2\/posts"}],"about":[{"href":"https:\/\/www.europesays.com\/fr\/wp-json\/wp\/v2\/types\/post"}],"author":[{"embeddable":true,"href":"https:\/\/www.europesays.com\/fr\/wp-json\/wp\/v2\/users\/2"}],"replies":[{"embeddable":true,"href":"https:\/\/www.europesays.com\/fr\/wp-json\/wp\/v2\/comments?post=798406"}],"version-history":[{"count":0,"href":"https:\/\/www.europesays.com\/fr\/wp-json\/wp\/v2\/posts\/798406\/revisions"}],"wp:featuredmedia":[{"embeddable":true,"href":"https:\/\/www.europesays.com\/fr\/wp-json\/wp\/v2\/media\/798407"}],"wp:attachment":[{"href":"https:\/\/www.europesays.com\/fr\/wp-json\/wp\/v2\/media?parent=798406"}],"wp:term":[{"taxonomy":"category","embeddable":true,"href":"https:\/\/www.europesays.com\/fr\/wp-json\/wp\/v2\/categories?post=798406"},{"taxonomy":"post_tag","embeddable":true,"href":"https:\/\/www.europesays.com\/fr\/wp-json\/wp\/v2\/tags?post=798406"}],"curies":[{"name":"wp","href":"https:\/\/api.w.org\/{rel}","templated":true}]}}