{"id":798421,"date":"2026-03-14T14:31:14","date_gmt":"2026-03-14T14:31:14","guid":{"rendered":"https:\/\/www.europesays.com\/fr\/798421\/"},"modified":"2026-03-14T14:31:14","modified_gmt":"2026-03-14T14:31:14","slug":"mercato-psg-apres-vitinha-et-joao-neves-il-peut-ramener-un-nouveau-crack-a-paris-mais-a-une-condition","status":"publish","type":"post","link":"https:\/\/www.europesays.com\/fr\/798421\/","title":{"rendered":"Mercato &#8211; PSG : Apr\u00e8s Vitinha et Jo\u00e3o Neves, il peut ramener un nouveau crack \u00e0 Paris\u2026 mais \u00e0 une condition !"},"content":{"rendered":"<p>                    Benjamin Labrousse<br \/>\n                        &#8211;<\/p>\n<p>R\u00e9dacteur<\/p>\n<p>Malgr\u00e9 un double cursus Espagnol\/Communication, j\u2019ai d\u00e9cid\u00e9 de prendre en main mes r\u00eaves en me dirigeant vers le journalisme. Dipl\u00f4m\u00e9 d\u2019un master en journalisme de sport, je couvre l\u2019actualit\u00e9 sportive et footballistique avec toujours autant d\u2019admiration pour les p\u00e9riode de mercato, o\u00f9 un club se doit de faire des choix cruciaux pour la saison prochaine.<\/p>\n<p class=\"heading\">Ce n\u2019est pas un secret, mais le PSG est tr\u00e8s pr\u00e9sent sur le march\u00e9 des jeunes joueurs portugais. Gr\u00e2ce notamment \u00e0 Luis Campos et sa proximit\u00e9 avec l\u2019influent agent Jorge Mendes, le club parisien a pu attirer des talents comme Vitinha ou plus r\u00e9cemment Jo\u00e3o Neves. Les dirigeants parisiens pourraient d\u2019ailleurs refaire un coup similaire l\u2019\u00e9t\u00e9 prochain, mais sous certaines conditions. Explications.<\/p>\n<p>Arriv\u00e9 \u00e0 la t\u00eate du recrutement du <a href=\"https:\/\/le10sport.com\/football\/ligue1\/psg\/changement-total-a-paris-il-veut-rivaliser-avec-le-psg-777340\" rel=\"nofollow noopener\" target=\"_blank\"><strong>PSG <\/strong><\/a>en 2022, <strong>Luis Campos<\/strong> a fini par ses preuves \u00e0 <strong>Paris<\/strong>. R\u00e9put\u00e9 pour sa capacit\u00e9 \u00e0 attirer de grands talents au sein de ses \u00e9quipes, le dirigeant portugais travaille d\u2019arrache-pied avec <strong>Luis Enrique<\/strong> afin de permettre \u00e0 l\u2019effectif du club parisien de disposer de grands joueurs avec beaucoup de potentiel.<\/p>\n<blockquote class=\"twitter-tweet\">\n<p lang=\"fr\" dir=\"ltr\">\ud83d\udd34\ud83d\udd35 Luis Campos: \u00ab\u00a0Apr\u00e8s la premi\u00e8re saison de Luis Enrique, j&rsquo;\u00e9tais d\u00e9j\u00e0 tr\u00e8s content de ce nouveau projet. Mais pour sa deuxi\u00e8me saison, Luis Enrique est arriv\u00e9 et m&rsquo;a dit: \u00ab\u00a0Luis, tu vas voir, les joueurs vont tellement changer de position que l&rsquo;adversaire ne pourra pas\u2026 <a href=\"https:\/\/t.co\/Ve9CZOfr7g\" rel=\"nofollow\">pic.twitter.com\/Ve9CZOfr7g<\/a><\/p>\n<p>\u2014 MEGA PSG \ud83c\uddf5\ud83c\uddf8 (@MegaPSG_) <a href=\"https:\/\/twitter.com\/MegaPSG_\/status\/2016954523730800939?ref_src=twsrc%5Etfw\" rel=\"nofollow noopener\" target=\"_blank\">January 29, 2026<\/a><\/p><\/blockquote>\n<p>                                            Luis Campos vise des jeunes<\/p>\n<p>\u00ab C\u2019est un des volets structurants du projet que l\u2019on porte. Quand on a fait venir Luis Enrique \u00e0 Paris, on savait qu\u2019on recrutait un entra\u00eeneur qui a toujours donn\u00e9 la chance aux jeunes. Il ne leur donne pas trois minutes pour, au final, dire qu\u2019il les a fait jouer. Non, il donne des minutes et encore des minutes. Luis porte un message fort que tous les jeunes footballeurs parisiens doivent entendre : si vous \u00eates vraiment bons, il faut que vous pensiez \u00e0 venir au PSG. Le club va vous ouvrir la porte. Et peut-\u00eatre vous aurez l\u2019opportunit\u00e9 de jouer avec l\u2019\u00e9quipe premi\u00e8re. Luis Enrique est un entra\u00eeneur exceptionnel. Il n\u2019est pas seulement fort dans la cr\u00e9ation de son projet de jeu, qu\u2019il parvient \u00e0 imbriquer parfaitement dans le projet collectif du club\u00a0\u00bb, expliquait ainsi <strong>Luis Campos<\/strong> il y a quelque temps \u00e0 TF1 sur sa m\u00e9thode.<\/p>\n<p>                            <img decoding=\"async\" class=\"thumb-img thumb-img-100\" alt=\"\" src=\"https:\/\/www.europesays.com\/fr\/wp-content\/uploads\/2026\/03\/ICONSPORT_360992_0068_7e53bf0159.jpg\" width=\"576\" height=\"324\" fetchpriority=\"high\"\/><\/p>\n<p>                                            Mateus Fernandes cibl\u00e9 par le PSG<\/p>\n<p>Mais <strong>Luis Campos<\/strong> dispose \u00e9galement d\u2019un autre atout de taille pour le <strong>PSG<\/strong>. Le Portugais est tr\u00e8s proche de l\u2019influent agent <strong>Jorge Mendes<\/strong>, qui repr\u00e9sente les plus grands espoirs du football portugais, ce qui a notamment permis \u00e0 <strong>Paris <\/strong>de recruter <strong>Vitinha <\/strong>en 2022 puis <strong>Jo\u00e3o Neves<\/strong> en 2024. Et \u00e0 en croire les derni\u00e8res indiscr\u00e9tions de M\u00e9diaFoot, le <strong>PSG <\/strong>aurait un nouveau crack portugais dans le viseur en la personne de <strong>Mateus Fernandes<\/strong>. Le milieu de terrain de 21 ans \u00e9volue \u00e0 <strong>West Ham<\/strong>, pourrait clairement envisager un d\u00e9part en cas de rel\u00e9gation des Hammers \u00e0 la fin de la saison. Repr\u00e9sent\u00e9 par <strong>Mendes <\/strong>et sa soci\u00e9t\u00e9 Gestifute, <strong>Mateus Fernandes<\/strong> pourrait donc \u00eatre une cible de choix d\u2019ici quelques mois pour le <strong>PSG<\/strong>\u2026 <\/p>\n<p>                        <script async src=\"https:\/\/platform.twitter.com\/widgets.js\" charset=\"utf-8\"><\/script><\/p>\n","protected":false},"excerpt":{"rendered":"Benjamin Labrousse &#8211; R\u00e9dacteur Malgr\u00e9 un double cursus Espagnol\/Communication, j\u2019ai d\u00e9cid\u00e9 de prendre en main mes r\u00eaves en&hellip;\n","protected":false},"author":2,"featured_media":798422,"comment_status":"","ping_status":"","sticky":false,"template":"","format":"standard","meta":{"footnotes":""},"categories":[1410],"tags":[63,1011,27,60],"class_list":{"0":"post-798421","1":"post","2":"type-post","3":"status-publish","4":"format-standard","5":"has-post-thumbnail","7":"category-football","8":"tag-football","9":"tag-fr","10":"tag-france","11":"tag-sports"},"share_on_mastodon":{"url":"https:\/\/pubeurope.com\/@fr\/116228016476945843","error":""},"_links":{"self":[{"href":"https:\/\/www.europesays.com\/fr\/wp-json\/wp\/v2\/posts\/798421","targetHints":{"allow":["GET"]}}],"collection":[{"href":"https:\/\/www.europesays.com\/fr\/wp-json\/wp\/v2\/posts"}],"about":[{"href":"https:\/\/www.europesays.com\/fr\/wp-json\/wp\/v2\/types\/post"}],"author":[{"embeddable":true,"href":"https:\/\/www.europesays.com\/fr\/wp-json\/wp\/v2\/users\/2"}],"replies":[{"embeddable":true,"href":"https:\/\/www.europesays.com\/fr\/wp-json\/wp\/v2\/comments?post=798421"}],"version-history":[{"count":0,"href":"https:\/\/www.europesays.com\/fr\/wp-json\/wp\/v2\/posts\/798421\/revisions"}],"wp:featuredmedia":[{"embeddable":true,"href":"https:\/\/www.europesays.com\/fr\/wp-json\/wp\/v2\/media\/798422"}],"wp:attachment":[{"href":"https:\/\/www.europesays.com\/fr\/wp-json\/wp\/v2\/media?parent=798421"}],"wp:term":[{"taxonomy":"category","embeddable":true,"href":"https:\/\/www.europesays.com\/fr\/wp-json\/wp\/v2\/categories?post=798421"},{"taxonomy":"post_tag","embeddable":true,"href":"https:\/\/www.europesays.com\/fr\/wp-json\/wp\/v2\/tags?post=798421"}],"curies":[{"name":"wp","href":"https:\/\/api.w.org\/{rel}","templated":true}]}}