{"id":79852,"date":"2025-05-06T17:45:11","date_gmt":"2025-05-06T17:45:11","guid":{"rendered":"https:\/\/www.europesays.com\/fr\/79852\/"},"modified":"2025-05-06T17:45:11","modified_gmt":"2025-05-06T17:45:11","slug":"ses-debuts-a-toulouse-son-premier-essai-ses-etudes-simon-daroque-se-confie","status":"publish","type":"post","link":"https:\/\/www.europesays.com\/fr\/79852\/","title":{"rendered":"Ses d\u00e9buts \u00e0 Toulouse, son premier essai, ses \u00e9tudes : Simon Daroque se confie"},"content":{"rendered":"<p>            Par<br \/>\n        <strong><br \/>\n            <a href=\"https:\/\/actu.fr\/auteur\/thomas-corbet-actu-fr\" title=\"Consulter tous les articles de Thomas Corbet\" rel=\"nofollow noopener\" target=\"_blank\">Thomas Corbet<\/a><br \/>\n        <\/strong><\/p>\n<p>        Publi\u00e9 le<\/p>\n<p>            6 mai 2025 \u00e0 18h20        <\/p>\n<p>\u00c0 m\u00eame pas 20 ans, <a href=\"https:\/\/actu.fr\/rugby\/joueur\/daroque_66ed86a5850a5999d82ec05b\/\" rel=\"nofollow noopener\" target=\"_blank\">Simon Daroque<\/a> a fait son arriv\u00e9e dans le vestiaire du <a href=\"https:\/\/actu.fr\/rugby\/equipe\/toulouse_64dd31517b8c09c4fec880ad\/\" rel=\"nofollow noopener\" target=\"_blank\">Stade Toulousain<\/a> cette saison pour conna\u00eetre ses <strong>premi\u00e8res feuilles de matchs en Top 14<\/strong> et s\u2019offrir le premier essai de sa carri\u00e8re. Le demi de m\u00eal\u00e9e a accept\u00e9 de se confier \u00e0 Actu Rugby sur ses premiers pas, sur son parcours, ses idoles de jeunesse et son projet parall\u00e8le.<\/p>\n<p>Simon Daroque : l\u2019avenir de Toulouse \u00e0 la m\u00eal\u00e9e<\/p>\n<p class=\" wall-content\">La passerelle Villefranche-de-Lauragais \u2013 Toulouse fonctionne bien ! Chez les filles, elle a d\u2019ores et d\u00e9j\u00e0 permis l\u2019\u00e9closion de <a href=\"https:\/\/actu.fr\/occitanie\/toulouse_31555\/a-20-ans-elle-est-la-capitaine-du-stade-toulousain-mais-qui-est-donc-lou-roboam_61772994.html\" rel=\"nofollow noopener\" target=\"_blank\">la capitaine Lou Roboam<\/a> en \u00c9lite 1. Chez les gar\u00e7ons, c\u2019est d\u00e9sormais Simon Daroque, qui aura 20 ans le 8 juin prochain, qui a porte le flambeau.\u00a0<\/p>\n<p class=\" wall-content\">Les deux ont d\u2019ailleurs \u00e9volu\u00e9 ensemble dans les cat\u00e9gories de jeunes qui permettent encore la mixit\u00e9. Et comme son a\u00een\u00e9e d\u2019un an, Simon Daroque ne se projetait pas forc\u00e9ment chez les Rouge et Noir quand il a commenc\u00e9 le rugby \u00e0 l\u2019\u00e2ge de 5 ans.<\/p>\n<p class=\" wall-content\">\u00ab\u00a0Quand on commence si jeune, on n\u2019a pas forc\u00e9ment d\u2019objectif en t\u00eate. Je voulais juste m\u2019amuser avec les copains\u00a0\u00bb, sourit Simon. Mais quand on gratte un peu et qu\u2019on lui demande s\u2019il ne s\u2019entrainait pas de temps en temps avec un maillot de Toulouse\u2026<\/p>\n<p class=\" wall-content\">\u00ab\u00a0Si, quand m\u00eame ! J\u2019ai toujours support\u00e9 le Stade. Quand on est de la r\u00e9gion toulousaine, on est oblig\u00e9. Enfin, on est oblig\u00e9\u2026 Disons que c\u2019est in\u00e9vitable. Quand on est petit, c\u2019est toujours un r\u00eave. Jusqu\u2019\u00e0 mes ann\u00e9es Cadet, je suis rest\u00e9 \u00e0 Villefranche. Et en Cadet deuxi\u00e8me ann\u00e9e, je suis venu au Stade tout simplement parce qu\u2019ils ont d\u00e9croch\u00e9 le t\u00e9l\u00e9phone. \u00c9videmment, d\u00e8s qu\u2019ils m\u2019ont appel\u00e9, je suis venu directement\u00a0\u00bb, raconte-t-il.<\/p>\n<p>Pas de mod\u00e8le, mais des idoles<\/p>\n<p class=\" wall-content\">Simon Daroque va faire du Simon Daroque, et de ce que l\u2019on a d\u00e9j\u00e0 pu en voir lors de ses 5 apparitions cette saison en Top 14 (dont 2 titularisations), ce sera d\u00e9j\u00e0 pas mal.\u00a0<\/p>\n<p class=\" wall-content\">\u00ab\u00a0Je n\u2019ai jamais vraiment eu de mod\u00e8le\u00a0\u00bb, nous avoue celui qui joue, rappelons-le, dans le m\u00eame club qu\u2019un des meilleurs demis de m\u00eal\u00e9e de l\u2019histoire de ce sport. Mais n\u2019y voyez pas d\u2019arrogance pour autant, car \u00e7a n\u2019en est pas. Simplement, une forme d\u2019insouciance et de fra\u00eecheur.<\/p>\n<p class=\" wall-content\">N\u00e9anmoins, on ne connait pas de passionn\u00e9 de rugby qui n\u2019ait pas eu quelques posters dans sa chambre \u00e9tant plus petit ou qui n\u2019ait pas \u00e9tudi\u00e9 les performances de quelques idoles. Pour Simon Daroque, il s\u2019agit de Jonny Wilkinson. Ou de Daniel Carter. Ou de Jonny\u2026 Bref, il n\u2019a pas l\u2019air d\u2019\u00eatre facile de trancher !<\/p>\n<p class=\" wall-content\">\u00ab\u00a0Je n\u2019ai pas eu de mod\u00e8le particulier mais quand on est petit, il y a toujours des joueurs qu\u2019on admire. Moi j\u2019aimais bien Jonny Wilkinson, c\u2019\u00e9tait la classe. Est-ce qu\u2019il \u00e9tait plus fort que Daniel Carter ? C\u2019est un d\u00e9bat compliqu\u00e9 parce que Carter, c\u2019\u00e9tait quelque chose aussi\u2026 Je partirais sur Dan Carter parce que Wilkinson, malheureusement, il a arr\u00eat\u00e9 un peu plus t\u00f4t, j\u2019ai suivi Carter un peu plus longtemps. Mais si j\u2019avais pu jouer avec l\u2019un des deux, \u00e7a reste Wilkinson\u00a0\u00bb, finit-il par choisir.\u00a0<\/p>\n<p>      <img   decoding=\"async\" loading=\"lazy\" src=\"https:\/\/www.europesays.com\/fr\/wp-content\/uploads\/2025\/05\/le-jeune-simon-daroque-a-brille-au-milieu-des-joueurs-de-castres-960x640.jpg\" alt=\"Simon Daroque a inscrit son premier essai en Top 14 lors du match de la 22e journ\u00e9e contre Castres.\" width=\"960\" height=\"640\"\/><br \/>\n    Simon Daroque a inscrit son premier essai en Top 14 lors du match de la 22e journ\u00e9e contre Castres. (\u00a9IconSport)Premi\u00e8re saison avec les pros et premier essai<\/p>\n<p class=\" wall-content\">On a beau avoir l\u2019insouciance de ses 19 ans, d\u00e9barquer dans une \u00e9quipe o\u00f9 \u00e9voluent joueurs du XV de France, du XV du Chardon et de la Rose, Pumas, aur\u00e9ol\u00e9s de plusieurs titres en Top 14 et en Champions Cup, \u00e7a ne peut laisser personne indiff\u00e9rent.\u00a0<\/p>\n<p class=\" wall-content\">Et certainement pas Simon Daroque : \u00ab\u00a0Quand je suis entr\u00e9 dans le vestiaire pour la premi\u00e8re fois, j\u2019ai forc\u00e9ment \u00e9t\u00e9 impressionn\u00e9, parce que ce sont des joueurs que, pour certains, je regarde depuis que je suis tout petit. Lors des premiers entra\u00eenements, j\u2019\u00e9tais un peu sur la r\u00e9serve. C\u2019est compl\u00e8tement d\u00e9cal\u00e9, d\u2019un coup tu t\u2019entra\u00eenes avec des joueurs que tu voyais \u00e0 la t\u00e9l\u00e9 !\u00a0\u00bb<\/p>\n<p class=\" wall-content\">Mais rapidement, gr\u00e2ce \u00e0 la bienveillance du groupe, notamment de Paul Graou qui l\u2019a pris sous son aile, celui qui est devenu pensionnaire d\u2019Ernest-Wallon en 2021 a pu prendre ses marques.<\/p>\n<p class=\" wall-content\">\u00ab\u00a0Apr\u00e8s quelques entra\u00eenements, je me suis hyper bien entendu avec Paul Graou. Comme on joue au m\u00eame poste, on \u00e9tait proches sur les exercices, on \u00e9tait souvent ensemble. Les mecs m\u2019ont donn\u00e9 des conseils, m\u2019ont dit que si j\u2019avais des questions par rapport \u00e0 quoi que ce soit, ils \u00e9taient l\u00e0 pour m\u2019aider\u00a0\u00bb, explique Simon Daroque.<\/p>\n<p class=\" wall-content\">Mis \u00e0 l\u2019aise, le jeune num\u00e9ro 9 a pu commencer \u00e0 montrer sa valeur lors de sa premi\u00e8re titularisation \u00e0 La Rochelle. Puis plus r\u00e9cemment lors de la 22e journ\u00e9e de Top 14 contre Castres, inscrivant au passage son premier essai en championnat. Et pas de n\u2019importe quelle mani\u00e8re, au terme d\u2019une course de soutien que n\u2019aurait pas reni\u00e9e Antoine Dupont en personne !<\/p>\n<p class=\" wall-content\">\n<p class=\" wall-content\">\u00ab\u00a0Je me souviens bien de l\u2019action, je vois \u00e0 l\u2019ext\u00e9rieur que les mecs ferment. Et je me dis, Thomas (Ramos, ndlr) va garder la balle. Donc, j\u2019essaie de passer dans le dos de la d\u00e9fense pour \u00eatre \u00e0 son soutien.\u00a0Il y a Matthis, entre-temps, qui est servi, je regarde en face, je vois qu\u2019il y a juste l\u2019arri\u00e8re, qu\u2019il reste un 2 contre 1 \u00e0 jouer avec moi. Je l\u2019appelle bien, je crie pour \u00eatre s\u00fbr qu\u2019il soit au courant que je suis l\u00e0 et il me met le ballon dans les mains, il me donne un caviar\u00a0\u00bb, d\u00e9taille-t-il.<\/p>\n<p class=\" wall-content\">Dit comme \u00e7a, il faut bien avouer que \u00e7a a l\u2019air simple !<\/p>\n<p>Un projet professionnel en parall\u00e8le<\/p>\n<p class=\" wall-content\">A priori, Simon Daroque a une jolie carri\u00e8re devant lui, o\u00f9 qu\u2019elle s\u2019inscrive, et il a tout le temps de voir venir. Ce qui ne l\u2019emp\u00eache pas de pr\u00e9parer d\u00e9j\u00e0 son autre projet professionnel.<\/p>\n<p class=\" wall-content\">\u00ab\u00a0Je fais des \u00e9tudes pour devenir manipulateur radio, c\u2019est la personne qui fait passer tous les examens m\u00e9dicaux, IRM, scanner, radioth\u00e9rapie, radio classique. J\u2019ai toujours voulu \u00e9voluer dans le milieu param\u00e9dical et j\u2019ai d\u00e9couvert ce m\u00e9tier de manipulateur radio, \u00e7a m\u2019a vite plu, parce qu\u2019il y a ce c\u00f4t\u00e9 vraiment en contact avec la personne, mais aussi tout le c\u00f4t\u00e9 technique de la machine\u00a0\u00bb, nous explique-t-il.<\/p>\n<p class=\" wall-content\">Mais avant de manipuler machine et patients, esp\u00e9rons d\u00e9j\u00e0 le voir manipuler le ballon ovale quelques ann\u00e9es, comme il a d\u00e9j\u00e0 montr\u00e9 qu\u2019il \u00e9tait capable de le faire.<\/p>\n<p class=\" wall-content\">Suivez toute l\u2019actualit\u00e9 de vos villes et m\u00e9dias favoris en vous inscrivant \u00e0 <a href=\"https:\/\/moncompte.actu.fr\" title=\"D\u00e9couvez Mon Actu\" rel=\"nofollow noopener\" data-trk=\"{&quot;cta&quot;:{&quot;action&quot;:&quot;https:\\\/\\\/moncompte.actu.fr&quot;,&quot;category&quot;:&quot;mon compte&quot;,&quot;from&quot;:&quot;article footer&quot;,&quot;name&quot;:&quot;Mon actu&quot;,&quot;type&quot;:&quot;cta&quot;}}\" target=\"_blank\">Mon Actu<\/a>.<\/p>\n","protected":false},"excerpt":{"rendered":"Par Thomas Corbet Publi\u00e9 le 6 mai 2025 \u00e0 18h20 \u00c0 m\u00eame pas 20 ans, Simon Daroque a&hellip;\n","protected":false},"author":2,"featured_media":79853,"comment_status":"","ping_status":"","sticky":false,"template":"","format":"standard","meta":{"footnotes":""},"categories":[2816],"tags":[1111,11,1777,674,1011,27,12,2680,25,479,60,476,478,2312],"class_list":{"0":"post-79852","1":"post","2":"type-post","3":"status-publish","4":"format-standard","5":"has-post-thumbnail","7":"category-toulouse","8":"tag-actu","9":"tag-actualites","10":"tag-eu","11":"tag-europe","12":"tag-fr","13":"tag-france","14":"tag-news","15":"tag-occitanie","16":"tag-republique-francaise","17":"tag-rugby","18":"tag-sports","19":"tag-stade-toulousain","20":"tag-top-14","21":"tag-toulouse"},"share_on_mastodon":{"url":"https:\/\/pubeurope.com\/@fr\/114462138369905946","error":""},"_links":{"self":[{"href":"https:\/\/www.europesays.com\/fr\/wp-json\/wp\/v2\/posts\/79852","targetHints":{"allow":["GET"]}}],"collection":[{"href":"https:\/\/www.europesays.com\/fr\/wp-json\/wp\/v2\/posts"}],"about":[{"href":"https:\/\/www.europesays.com\/fr\/wp-json\/wp\/v2\/types\/post"}],"author":[{"embeddable":true,"href":"https:\/\/www.europesays.com\/fr\/wp-json\/wp\/v2\/users\/2"}],"replies":[{"embeddable":true,"href":"https:\/\/www.europesays.com\/fr\/wp-json\/wp\/v2\/comments?post=79852"}],"version-history":[{"count":0,"href":"https:\/\/www.europesays.com\/fr\/wp-json\/wp\/v2\/posts\/79852\/revisions"}],"wp:featuredmedia":[{"embeddable":true,"href":"https:\/\/www.europesays.com\/fr\/wp-json\/wp\/v2\/media\/79853"}],"wp:attachment":[{"href":"https:\/\/www.europesays.com\/fr\/wp-json\/wp\/v2\/media?parent=79852"}],"wp:term":[{"taxonomy":"category","embeddable":true,"href":"https:\/\/www.europesays.com\/fr\/wp-json\/wp\/v2\/categories?post=79852"},{"taxonomy":"post_tag","embeddable":true,"href":"https:\/\/www.europesays.com\/fr\/wp-json\/wp\/v2\/tags?post=79852"}],"curies":[{"name":"wp","href":"https:\/\/api.w.org\/{rel}","templated":true}]}}