{"id":79864,"date":"2025-05-06T17:51:13","date_gmt":"2025-05-06T17:51:13","guid":{"rendered":"https:\/\/www.europesays.com\/fr\/79864\/"},"modified":"2025-05-06T17:51:13","modified_gmt":"2025-05-06T17:51:13","slug":"se-baigner-dans-la-saone-ce-sera-possible-en-2027-affirme-doucet-le-temps-de-verifier-la-qualite-de-leau","status":"publish","type":"post","link":"https:\/\/www.europesays.com\/fr\/79864\/","title":{"rendered":"Se baigner dans la Sa\u00f4ne ? \u00ab Ce sera possible en 2027 \u00bb, affirme Doucet, le temps de v\u00e9rifier la qualit\u00e9 de l\u2019eau"},"content":{"rendered":"<p><strong>PLOUF &#8211; Le maire EELV a annonc\u00e9 ce mardi qu\u2019il serait possible de se baigner dans un \u00ab\u00a0bassin d\u2019eau naturelle\u00a0\u00bb d\u2019ici \u00e0 l\u2019\u00e9t\u00e9\u00a02027 \u00e0 Lyon. O\u00f9\u00a0? Comment\u00a0? Pourquoi\u00a0? \u00ab\u00a020 Minutes\u00a0\u00bb vous explique<\/strong><\/p>\n<p>\u00ab\u00a0Se baigner \u00e0 <a href=\"https:\/\/www.20minutes.fr\/lyon\/?at_medium=RSS+feed&amp;at_campaign=ynews&amp;utm_source=yahoo&amp;utm_medium=rss&amp;utm_campaign=news_feed&amp;utm_content=in_article_link\" rel=\"nofollow noopener\" target=\"_blank\" data-ylk=\"slk:Lyon;elm:context_link;itc:0;sec:content-canvas\" class=\"link \">Lyon<\/a>, dans la Sa\u00f4ne, plus pr\u00e9cis\u00e9ment dans la Darse, ce sera possible prochainement, en\u00a02027\u00a0\u00bb, a annonc\u00e9 ce mardi le maire <a href=\"https:\/\/www.20minutes.fr\/politique\/eelv\/?at_medium=RSS+feed&amp;at_campaign=ynews&amp;utm_source=yahoo&amp;utm_medium=rss&amp;utm_campaign=news_feed&amp;utm_content=in_article_link\" rel=\"nofollow noopener\" target=\"_blank\" data-ylk=\"slk:EELV;elm:context_link;itc:0;sec:content-canvas\" class=\"link \">EELV<\/a> de Lyon <a href=\"https:\/\/www.20minutes.fr\/politique\/gregory-doucet\/?at_medium=RSS+feed&amp;at_campaign=ynews&amp;utm_source=yahoo&amp;utm_medium=rss&amp;utm_campaign=news_feed&amp;utm_content=in_article_link\" rel=\"nofollow noopener\" target=\"_blank\" data-ylk=\"slk:Gr\u00e9gory Doucet;elm:context_link;itc:0;sec:content-canvas\" class=\"link \">Gr\u00e9gory Doucet<\/a> lors d\u2019une conf\u00e9rence de presse sur la baignabilit\u00e9 des deux fleuves qui passent dans la capitale des Gaules. Lieu, conditions, prix\u2026 20 Minutes vous explique toutes les modalit\u00e9s du projet.<\/p>\n<p>Le lieu retenu<\/p>\n<p>La m\u00e9tropole de Lyon a effectu\u00e9 une \u00e9tude pour identifier les sites potentiels de baignade dans la Sa\u00f4ne et le Rh\u00f4ne. Au total, vingt et un lieux \u00ab\u00a0semblent possibles pour la baignade en eau libre\u00a0\u00bb sur l\u2019ensemble du territoire m\u00e9tropolitain, a annonc\u00e9 le pr\u00e9sident Bruno Bernard. Ces recherches se sont bas\u00e9es sur des crit\u00e8res de qualit\u00e9 de l\u2019eau, de s\u00e9curit\u00e9, d\u2019accessibilit\u00e9 et de la compatibilit\u00e9 avec les autres usages.<\/p>\n<p>\u00c0 Lyon, six endroits (l\u2019\u00eele Barbe, le parc des berges, de Gerland, le quai Perrache ou encore Br\u00e9tillod, dans le 6e, et la Darse, \u00e0 Confluence) \u00e9taient consid\u00e9r\u00e9s comme \u00ab\u00a0plausibles\u00a0\u00bb \u00e0 des am\u00e9nagements pour la baignade.<\/p>\n<p>C\u2019est celui de la Darse, sur la place nautique dans le quartier de Confluence, \u00e0 c\u00f4t\u00e9 du centre commercial, qui a \u00e9t\u00e9 retenu. \u00ab\u00a0On a choisi celui-ci pour prioriser un site en particulier, a indiqu\u00e9 Gr\u00e9gory Doucet. Il est central, bien desservi. On l\u2019a aussi retenu pour la s\u00e9curisation du lieu, c\u2019\u00e9tait plus simple.\u00a0\u00bb N\u00e9anmoins, par la suite, la commune pourra \u00ab\u00a0envisager\u00a0\u00bb d\u2019autres implantations de baignade, selon le maire.<\/p>\n<p>Les modalit\u00e9s du site<\/p>\n<p>L\u2019objectif est d\u2019avoir un disp(&#8230;)<\/p>\n<p><a href=\"https:\/\/www.20minutes.fr\/societe\/4152124-20250506-lyon-baigner-saone-possible-2027-affirme-doucet-temps-verifier-qualite-eau?at_medium=RSS+feed&amp;at_campaign=ynews&amp;utm_source=yahoo&amp;utm_medium=rss&amp;utm_campaign=news_feed&amp;utm_content=read_more_link&quot;\" rel=\"nofollow noopener\" target=\"_blank\" data-ylk=\"slk:Lire la suite sur 20minutes;elm:context_link;itc:0;sec:content-canvas\" class=\"link \">Lire la suite sur 20minutes<\/a><\/p>\n<p>\u00c0 lire aussi :<br \/><a href=\"https:\/\/www.20minutes.fr\/faits_divers\/4092675-20240524-lyon-apres-paris-seine-ville-annonce-premier-test-baignade-rhone-juin?at_medium=RSS+feed&amp;at_campaign=ynews&amp;utm_source=yahoo&amp;utm_medium=rss&amp;utm_campaign=news_feed&amp;utm_content=related_content_link\" rel=\"nofollow noopener\" target=\"_blank\" data-ylk=\"slk:Lyon\u00a0: Apr\u00e8s Paris et la Seine, la ville annonce un premier test de baignade dans le Rh\u00f4ne en juin;elm:context_link;itc:0;sec:content-canvas\" class=\"link \">Lyon\u00a0: Apr\u00e8s Paris et la Seine, la ville annonce un premier test de baignade dans le Rh\u00f4ne en juin<\/a><br \/><a href=\"https:\/\/www.20minutes.fr\/paris\/4107256-20240827-paris-lasse-anne-hidalgo-repique-tete-seine?at_medium=RSS+feed&amp;at_campaign=ynews&amp;utm_source=yahoo&amp;utm_medium=rss&amp;utm_campaign=news_feed&amp;utm_content=related_content_link\" rel=\"nofollow noopener\" target=\"_blank\" data-ylk=\"slk:Jeux paralympiques\u00a0: Elle ne s\u2019en lasse pas, Anne Hidalgo a repiqu\u00e9 une t\u00eate dans la Seine;elm:context_link;itc:0;sec:content-canvas\" class=\"link \">Jeux paralympiques\u00a0: Elle ne s\u2019en lasse pas, Anne Hidalgo a repiqu\u00e9 une t\u00eate dans la Seine<\/a><\/p>\n","protected":false},"excerpt":{"rendered":"PLOUF &#8211; Le maire EELV a annonc\u00e9 ce mardi qu\u2019il serait possible de se baigner dans un \u00ab\u00a0bassin&hellip;\n","protected":false},"author":2,"featured_media":79865,"comment_status":"","ping_status":"","sticky":false,"template":"","format":"standard","meta":{"footnotes":""},"categories":[1889],"tags":[1111,11,2430,1153,1777,674,1011,27,5226,18675,2428,12,18674,25],"class_list":{"0":"post-79864","1":"post","2":"type-post","3":"status-publish","4":"format-standard","5":"has-post-thumbnail","7":"category-lyon","8":"tag-actu","9":"tag-actualites","10":"tag-auvergne-rhone-alpes","11":"tag-conference-de-presse","12":"tag-eu","13":"tag-europe","14":"tag-fr","15":"tag-france","16":"tag-gregory-doucet","17":"tag-la-baignade","18":"tag-lyon","19":"tag-news","20":"tag-qualite-de-leau","21":"tag-republique-francaise"},"share_on_mastodon":{"url":"https:\/\/pubeurope.com\/@fr\/114462162136193452","error":""},"_links":{"self":[{"href":"https:\/\/www.europesays.com\/fr\/wp-json\/wp\/v2\/posts\/79864","targetHints":{"allow":["GET"]}}],"collection":[{"href":"https:\/\/www.europesays.com\/fr\/wp-json\/wp\/v2\/posts"}],"about":[{"href":"https:\/\/www.europesays.com\/fr\/wp-json\/wp\/v2\/types\/post"}],"author":[{"embeddable":true,"href":"https:\/\/www.europesays.com\/fr\/wp-json\/wp\/v2\/users\/2"}],"replies":[{"embeddable":true,"href":"https:\/\/www.europesays.com\/fr\/wp-json\/wp\/v2\/comments?post=79864"}],"version-history":[{"count":0,"href":"https:\/\/www.europesays.com\/fr\/wp-json\/wp\/v2\/posts\/79864\/revisions"}],"wp:featuredmedia":[{"embeddable":true,"href":"https:\/\/www.europesays.com\/fr\/wp-json\/wp\/v2\/media\/79865"}],"wp:attachment":[{"href":"https:\/\/www.europesays.com\/fr\/wp-json\/wp\/v2\/media?parent=79864"}],"wp:term":[{"taxonomy":"category","embeddable":true,"href":"https:\/\/www.europesays.com\/fr\/wp-json\/wp\/v2\/categories?post=79864"},{"taxonomy":"post_tag","embeddable":true,"href":"https:\/\/www.europesays.com\/fr\/wp-json\/wp\/v2\/tags?post=79864"}],"curies":[{"name":"wp","href":"https:\/\/api.w.org\/{rel}","templated":true}]}}