{"id":798642,"date":"2026-03-14T16:42:14","date_gmt":"2026-03-14T16:42:14","guid":{"rendered":"https:\/\/www.europesays.com\/fr\/798642\/"},"modified":"2026-03-14T16:42:14","modified_gmt":"2026-03-14T16:42:14","slug":"wintzenheim-cedric-hissiger-retente-sa-chance-aux-championnats-de-france-de-pizza","status":"publish","type":"post","link":"https:\/\/www.europesays.com\/fr\/798642\/","title":{"rendered":"Wintzenheim. C\u00e9dric Hissiger retente sa chance aux championnats de France de pizza"},"content":{"rendered":"<p>Les 2 et 3\u00a0avril, <a href=\"https:\/\/www.dna.fr\/culture-loisirs\/2025\/03\/30\/cedric-hissiger-le-pizzaiolo-de-trad-izza-au-championnat-de-france-de-la-pizza\" target=\"_blank\" rel=\"nofollow noopener\">C\u00e9dric Hissiger<\/a> le pizzaiolo de La trad\u2019izza \u00e0 Wintzenheim, dans le quartier de Logelbach, concourra aux championnats de France de pizza \u00e0 Paris. Ils seront 130 \u00e0 participer \u00e0 la comp\u00e9tition. L\u2019an dernier, le Haut-Rhinois avait \u00e9t\u00e9 sacr\u00e9 champion de France en cat\u00e9gorie \u201cpizza large\u201d. Il avait obtenu la 6e place dans la cat\u00e9gorie \u201cclassique\u201d, avec sa \u201cTradimia\u201d\u00a0\u00bb, garnie de b\u0153uf cuit \u00e0 basse temp\u00e9rature, emball\u00e9 dans des feuilles d\u2019\u00e9pinard, et accompagn\u00e9 de choux romanesco et de cr\u00e8me de c\u00e9leri. Un autre candidat alsacien tentera sa chance cette ann\u00e9e, le Bas-Rhinois Vivien Fernandez de la pizzeria Les Emport\u00e9s \u00e0 Diemeringen.<\/p>\n","protected":false},"excerpt":{"rendered":"Les 2 et 3\u00a0avril, C\u00e9dric Hissiger le pizzaiolo de La trad\u2019izza \u00e0 Wintzenheim, dans le quartier de Logelbach,&hellip;\n","protected":false},"author":2,"featured_media":798643,"comment_status":"","ping_status":"","sticky":false,"template":"","format":"standard","meta":{"footnotes":"","_share_on_mastodon":"0"},"categories":[4],"tags":[11,2389,130,33,2413,107,1011,27,1637,6016,12,25,39783,39782],"class_list":["post-798642","post","type-post","status-publish","format-standard","has-post-thumbnail","category-france","tag-actualites","tag-alsace","tag-consommation","tag-economie","tag-edition-colmar-guebwiller","tag-fil-info","tag-fr","tag-france","tag-haut-rhin","tag-magazine-cuisine-et-vins","tag-news","tag-republique-francaise","tag-tout-autour-de-colmar","tag-wintzenheim"],"share_on_mastodon":{"url":"https:\/\/pubeurope.com\/@fr\/116228531463888103","error":""},"_links":{"self":[{"href":"https:\/\/www.europesays.com\/fr\/wp-json\/wp\/v2\/posts\/798642","targetHints":{"allow":["GET"]}}],"collection":[{"href":"https:\/\/www.europesays.com\/fr\/wp-json\/wp\/v2\/posts"}],"about":[{"href":"https:\/\/www.europesays.com\/fr\/wp-json\/wp\/v2\/types\/post"}],"author":[{"embeddable":true,"href":"https:\/\/www.europesays.com\/fr\/wp-json\/wp\/v2\/users\/2"}],"replies":[{"embeddable":true,"href":"https:\/\/www.europesays.com\/fr\/wp-json\/wp\/v2\/comments?post=798642"}],"version-history":[{"count":0,"href":"https:\/\/www.europesays.com\/fr\/wp-json\/wp\/v2\/posts\/798642\/revisions"}],"wp:featuredmedia":[{"embeddable":true,"href":"https:\/\/www.europesays.com\/fr\/wp-json\/wp\/v2\/media\/798643"}],"wp:attachment":[{"href":"https:\/\/www.europesays.com\/fr\/wp-json\/wp\/v2\/media?parent=798642"}],"wp:term":[{"taxonomy":"category","embeddable":true,"href":"https:\/\/www.europesays.com\/fr\/wp-json\/wp\/v2\/categories?post=798642"},{"taxonomy":"post_tag","embeddable":true,"href":"https:\/\/www.europesays.com\/fr\/wp-json\/wp\/v2\/tags?post=798642"}],"curies":[{"name":"wp","href":"https:\/\/api.w.org\/{rel}","templated":true}]}}